{"id":380112,"date":"2022-09-01T00:20:16","date_gmt":"2022-09-01T04:20:16","guid":{"rendered":"http:\/\/diariodominicano.com\/?p=380112"},"modified":"2022-09-01T00:20:16","modified_gmt":"2022-09-01T04:20:16","slug":"ulises-lilis-heureaux-juramentado-presidente-de-la-republica-por-primera-vez","status":"publish","type":"post","link":"https:\/\/diariodominicano.com\/?p=380112","title":{"rendered":"Ulises -Lil\u00eds- Heureaux juramentado presidente de la Rep\u00fablica por primera vez"},"content":{"rendered":"\n<p>\u00a0Por HTN<\/p>\n\n\n\n<p>Diariodominicano.com<\/p>\n\n\n\n<p>El 1 de septiembre de 1882, tom\u00f3 posesi\u00f3n por primera vez como presidente de la Rep\u00fablica Dominicana, el General\u00a0 Ulises\u00a0 -Lil\u00eds- Heureaux.<\/p>\n\n\n\n<p>&nbsp;&nbsp;&nbsp;&nbsp; Lil\u00eds, como era llamado por sus amigos, condecorado con el m\u00e9rito de \u00abSoldado de la Restauraci\u00f3n\u00bb, era&nbsp; en ese momento una de las principales figuras del Partido Azul, que lideraba el&nbsp; ex Presidente General Gregorio Luper\u00f3n, quien lo apoy\u00f3 en sus aspiraciones pol\u00edticas.<\/p>\n\n\n\n<p>&nbsp;&nbsp;&nbsp; Ulises -Lil\u00eds-&nbsp; Heureaux, un hombre de origen humilde se distingui\u00f3 por su inteligencia&nbsp; y sus&nbsp; habilidades que combinaba con su valent\u00eda.<\/p>\n\n\n\n<p>&nbsp;&nbsp;&nbsp;&nbsp;&nbsp; En 1882, el diplom\u00e1tico franc\u00e9s Alphonse Garrus, escribi\u00f3 sorprendido a sus superiores que \u201cun hombre casi negro tuviese un tal arraigo en la poblaci\u00f3n\u201d. En ese momento el liderazgo de Lil\u00eds estaba en la cumbre con el apoyo de su padre militar y pol\u00edtico, el general Gregorio Luper\u00f3n.<\/p>\n\n\n\n<p>&nbsp;&nbsp;&nbsp;&nbsp; A pesar de ello, Lil\u00eds fue visto con desprecio por algunos sectores, quienes ni siquiera respetaron que asumiera la Presidencia de la Rep\u00fablica.&nbsp; El acontecimiento no impidi\u00f3 que personas se manifestaran en tono de burla sobre la persona de Ulises Heureaux, como la frase siguiente:<\/p>\n\n\n\n<p>&nbsp;&nbsp;&nbsp; \u201cEl muchacho que le ba\u00f1aba el perro a Fransu\u00e1 Dambru\u00e1, Presidente.<\/p>\n\n\n\n<p>&nbsp;&nbsp;&nbsp;&nbsp;&nbsp; El primer Gobierno de Ulises Heureaux comenz\u00f3 el 1 de septiembre de 1882. Al enjuiciar su primera administraci\u00f3n en Las Notas Autobiogr\u00e1ficas el general Gregorio Luper\u00f3n sostiene que en su primera gesti\u00f3n &nbsp;Heureaux respet\u00f3 los principios del Partido Azul.<\/p>\n\n\n\n<p>&nbsp;&nbsp; \u201cEl Gobierno del General Hereaux se condujo bien, respetando la Ley de los principios&nbsp; del partido que lo &nbsp;llev\u00f3 al poder\u201d.<\/p>\n\n\n\n<p>&nbsp;&nbsp;&nbsp;&nbsp; Al terminar su primer Gobierno, Ulises Heureaux era un hombre con poder pol\u00edtico y militar. Por ello, mientras estuvo fuera del poder durante el per\u00edodo 1884-1886, se dedic\u00f3 a tomar acciones para quitar el control del Partido Azul a su l\u00edder, el general Gregorio Luper\u00f3n.<\/p>\n\n\n\n<p>&nbsp;&nbsp;&nbsp; As\u00ed, en el proceso para escoger el binomio que presentar\u00eda el Partido Azul en 1884, Heureaux logr\u00f3 imponer a&nbsp; Francisco Gregorio Billini y Alejandro Woss y Gil, a pesar de que Gregorio Luper\u00f3n quer\u00eda el binomio Segundo Imbert-Casimiro de Moya.<\/p>\n\n\n\n<p>&nbsp;&nbsp;&nbsp;&nbsp; Al imponerse Heureaux, Luper\u00f3n lo acus\u00f3 de ejecutar un fraude electoral: \u201cHeureaux hombre p\u00edcaro, tramposo y corrompido viol\u00f3 groseramente la ley, metiendo 15 mil votos en las urnas\u201d.<\/p>\n\n\n\n<p>&nbsp;&nbsp;&nbsp; En las elecciones de 1886, Ulises Heureaux se impuso como candidato del Partido Azul, a pesar de que el General Gregorio Luper\u00f3n favorec\u00eda&nbsp; a Casimiro de Moya. Ah\u00ed comenz\u00f3 su r\u00e9gimen dictatorial que termin\u00f3 cuando Lil\u00eds Heureaux fue asesinado en Moca, el 26 de julio de 1899.<\/p>\n","protected":false},"excerpt":{"rendered":"<p>\u00a0Por HTN Diariodominicano.com El 1 de septiembre de 1882, tom\u00f3 posesi\u00f3n por primera vez como presidente de la Rep\u00fablica Dominicana, el General\u00a0 Ulises\u00a0 -Lil\u00eds- Heureaux. &nbsp;&nbsp;&nbsp;&nbsp; Lil\u00eds, como era llamado por sus amigos, condecorado con el m\u00e9rito de \u00abSoldado de la Restauraci\u00f3n\u00bb, era&nbsp; en ese momento una de las principales figuras del Partido Azul, que [&hellip;]<\/p>\n","protected":false},"author":28,"featured_media":321642,"comment_status":"closed","ping_status":"","sticky":true,"template":"","format":"standard","meta":{"footnotes":""},"categories":[26,27],"tags":[],"class_list":["post-380112","post","type-post","status-publish","format-standard","has-post-thumbnail","hentry","category-efemerides","category-portada"],"_links":{"self":[{"href":"https:\/\/diariodominicano.com\/index.php?rest_route=\/wp\/v2\/posts\/380112","targetHints":{"allow":["GET"]}}],"collection":[{"href":"https:\/\/diariodominicano.com\/index.php?rest_route=\/wp\/v2\/posts"}],"about":[{"href":"https:\/\/diariodominicano.com\/index.php?rest_route=\/wp\/v2\/types\/post"}],"author":[{"embeddable":true,"href":"https:\/\/diariodominicano.com\/index.php?rest_route=\/wp\/v2\/users\/28"}],"replies":[{"embeddable":true,"href":"https:\/\/diariodominicano.com\/index.php?rest_route=%2Fwp%2Fv2%2Fcomments&post=380112"}],"version-history":[{"count":1,"href":"https:\/\/diariodominicano.com\/index.php?rest_route=\/wp\/v2\/posts\/380112\/revisions"}],"predecessor-version":[{"id":380113,"href":"https:\/\/diariodominicano.com\/index.php?rest_route=\/wp\/v2\/posts\/380112\/revisions\/380113"}],"wp:featuredmedia":[{"embeddable":true,"href":"https:\/\/diariodominicano.com\/index.php?rest_route=\/wp\/v2\/media\/321642"}],"wp:attachment":[{"href":"https:\/\/diariodominicano.com\/index.php?rest_route=%2Fwp%2Fv2%2Fmedia&parent=380112"}],"wp:term":[{"taxonomy":"category","embeddable":true,"href":"https:\/\/diariodominicano.com\/index.php?rest_route=%2Fwp%2Fv2%2Fcategories&post=380112"},{"taxonomy":"post_tag","embeddable":true,"href":"https:\/\/diariodominicano.com\/index.php?rest_route=%2Fwp%2Fv2%2Ftags&post=380112"}],"curies":[{"name":"wp","href":"https:\/\/api.w.org\/{rel}","templated":true}]}}