{"id":380108,"date":"2022-09-01T00:16:43","date_gmt":"2022-09-01T04:16:43","guid":{"rendered":"http:\/\/diariodominicano.com\/?p=380108"},"modified":"2022-09-01T00:37:12","modified_gmt":"2022-09-01T04:37:12","slug":"fernando-arturo-de-merino-juramentado-presidente-de-la-republica-dominicana","status":"publish","type":"post","link":"https:\/\/diariodominicano.com\/?p=380108","title":{"rendered":"Fernando Arturo de Meri\u00f1o juramentado presidente de la Rep\u00fablica Dominicana"},"content":{"rendered":"\n<p>Por H\u00e9ctor Tineo Nolasco<\/p>\n\n\n\n<p>Diariodominicano.com<\/p>\n\n\n\n<p>SANTO DOMINGO, el 1 de septiembre de 1880, \u00a0tom\u00f3 posesi\u00f3n el nuevo presidente de la Rep\u00fablica Dominicana, el sacerdote Fernando Arturo de Meri\u00f1o.<\/p>\n\n\n\n<p>&nbsp;&nbsp;&nbsp;&nbsp; De Meri\u00f1o fue electo Presidente de la Rep\u00fablica el 23 de julio de 1880, con el apoyo del l\u00edder del Partido Azul, General Gregorio Luper\u00f3n, quien de esa manera dio un paso para mantener a la organizaci\u00f3n&nbsp; en el poder&nbsp; y garantizar la continuidad de su obra.<\/p>\n\n\n\n<figure class=\"wp-block-image size-large\"><img loading=\"lazy\" decoding=\"async\" width=\"1024\" height=\"526\" src=\"https:\/\/diariodominicano.com\/wp-content\/uploads\/2021\/05\/21-de-Mayo-de-1897-Muere-el-procer-y-ex-presidente-de-la-Republica-Gregorio-Luperon-1024x526.jpg\" alt=\"\" class=\"wp-image-277348\" srcset=\"https:\/\/diariodominicano.com\/wp-content\/uploads\/2021\/05\/21-de-Mayo-de-1897-Muere-el-procer-y-ex-presidente-de-la-Republica-Gregorio-Luperon-1024x526.jpg 1024w, https:\/\/diariodominicano.com\/wp-content\/uploads\/2021\/05\/21-de-Mayo-de-1897-Muere-el-procer-y-ex-presidente-de-la-Republica-Gregorio-Luperon-300x154.jpg 300w, https:\/\/diariodominicano.com\/wp-content\/uploads\/2021\/05\/21-de-Mayo-de-1897-Muere-el-procer-y-ex-presidente-de-la-Republica-Gregorio-Luperon-768x395.jpg 768w, https:\/\/diariodominicano.com\/wp-content\/uploads\/2021\/05\/21-de-Mayo-de-1897-Muere-el-procer-y-ex-presidente-de-la-Republica-Gregorio-Luperon-1536x789.jpg 1536w, https:\/\/diariodominicano.com\/wp-content\/uploads\/2021\/05\/21-de-Mayo-de-1897-Muere-el-procer-y-ex-presidente-de-la-Republica-Gregorio-Luperon-2048x1052.jpg 2048w, https:\/\/diariodominicano.com\/wp-content\/uploads\/2021\/05\/21-de-Mayo-de-1897-Muere-el-procer-y-ex-presidente-de-la-Republica-Gregorio-Luperon-816x419.jpg 816w\" sizes=\"auto, (max-width: 1024px) 100vw, 1024px\" \/><figcaption>Gregorio Luper\u00f3n<\/figcaption><\/figure>\n\n\n\n<p>&nbsp;&nbsp;&nbsp;&nbsp; Gregorio Luper\u00f3n hab\u00eda asumido&nbsp; el Gobierno Provisional, con asiento en Puerto Plata, el 6 de octubre de 1879, luego de encabezar un movimiento armado que derroc\u00f3 al&nbsp; Presidente Ces\u00e1reo Guillermo. Su gesti\u00f3n se caracteriz\u00f3 por un proceso de reorganizaci\u00f3n del Estado&nbsp; y patrocin\u00f3 una reforma constitucional liberal que fue promulgada el 28 de mayo de 1880.&nbsp;<\/p>\n\n\n\n<p>&nbsp;&nbsp;&nbsp;&nbsp; La Carta Magna estableci\u00f3 &nbsp;el per\u00edodo presidencial en dos a\u00f1os para dar oportunidad a otros dirigentes del Partido Azul, que aspiraban a la Presidencia.<\/p>\n\n\n\n<p>&nbsp;&nbsp;&nbsp;&nbsp; Para apoyar al sacerdote Fernando Arturo de Meri\u00f1o, Gregorio Luper\u00f3n hizo una consulta previa a los principales dirigentes del Partido Azul, quienes dieron su voto favorable en las votaciones del 23 de julio de 1880.&nbsp;&nbsp;<\/p>\n\n\n\n<p>&nbsp;&nbsp;&nbsp;&nbsp; Monse\u00f1or Fernando Arturo de Meri\u00f1o tom\u00f3 posesi\u00f3n de la Presidencia de la Rep\u00fablica, el 1 de septiembre de 1880.&nbsp;&nbsp;&nbsp;&nbsp;&nbsp;<\/p>\n\n\n\n<p>&nbsp;&nbsp;&nbsp;&nbsp; El religioso y pol\u00edtico continu\u00f3 la obra&nbsp; gubernamental&nbsp; que hab\u00eda iniciado el Presidente Gregorio Luper\u00f3n, durante el Gobierno provisional&nbsp; (1879-1880).<\/p>\n\n\n\n<p>&nbsp;&nbsp;&nbsp;&nbsp; El Presidente De &nbsp;Meri\u00f1o, impuls\u00f3 la educaci\u00f3n nacional, se fundaron varias provincias, escuelas superiores, y en la ciudad de Santo Domingo, se abrieron nuevas c\u00e1tedras de derecho civil, constitucional e internacional, de medicina, farmacia y agrimensura.&nbsp;&nbsp;&nbsp;&nbsp;&nbsp;&nbsp;&nbsp;&nbsp;<\/p>\n\n\n\n<p>&nbsp;&nbsp;&nbsp;&nbsp;&nbsp; Al comentar la gesti\u00f3n de Meri\u00f1o, el historiador Frank Moya Pons, refiere que en el Gobierno del religioso y pol\u00edtico, el Partido Azul actuaba como un verdadero equipo y sus hombres m\u00e1s prominentes trabajaban de mutuo acuerdo poniendo lo mejor de sus conocimientos al servicio de la consolidaci\u00f3n de la paz y en la obra de reconstrucci\u00f3n nacional.<\/p>\n\n\n\n<p>&nbsp;&nbsp;&nbsp; \u201cLas Fuerzas Armadas quedaron bajo la influencia del lugar teniente de Luper\u00f3n, general Ulises Heureaux, quien fue nombrado Ministro de lo Interior, con influencia en el Ministro de Guerra y Marina, Francisco Gregorio Billini, al trasladarse la sede del Gobierno de Puerto Plata a Santo Domingo.<\/p>\n\n\n\n<p>&nbsp;&nbsp;&nbsp; Los dem\u00e1s l\u00edderes ejerc\u00edan las diversas gobernaciones&nbsp; y comandancias de armas, adem\u00e1s de los ministerios y otros puestos de confianza.<\/p>\n\n\n\n<p>&nbsp;&nbsp;&nbsp;&nbsp;&nbsp;&nbsp;&nbsp; Al Presidente De Meri\u00f1o le tocaron momentos muy dif\u00edciles, pues &nbsp;se vio obligado a suspender la &nbsp;administraci\u00f3n liberal y dar paso a un Gobierno dictatorial, como reacci\u00f3n a las conspiraciones que enfrentaron&nbsp; a los baecistas del Partido Rojo y al Presidente del Partido Azul.<\/p>\n\n\n\n<p>&nbsp;&nbsp;&nbsp;&nbsp;&nbsp;&nbsp; El 30 de mayo de 1881, el Presidente De &nbsp;Meri\u00f1o,&nbsp; dispuso por decreto que todo aquel que fuera apresado&nbsp; con&nbsp; las armas en las manos contra el Gobierno ser\u00eda&nbsp; castigado con la pena de muerte. La medida se conoce en la historia dominicana como el&nbsp; \u201cDecreto de San Fernando\u201d, porque fue emitido el d\u00eda de ese santo.<\/p>\n\n\n\n<p>&nbsp;&nbsp;&nbsp; Luego de la disposici\u00f3n enfrent\u00f3 un movimiento armado que encabez\u00f3&nbsp; en la comunidad El Algodonal, en San Crist\u00f3bal, el general Braulio Alvarez. &nbsp;Asimismo, aplast\u00f3 una expedici\u00f3n armada que organiz\u00f3 en Puerto Rico, el ex Presidente Ces\u00e1reo Guillermo, quien recibi\u00f3 el apoyo del Gobierno colonial.<\/p>\n\n\n\n<p>&nbsp;&nbsp; Ces\u00e1reo Guillermo desembarc\u00f3 con sus hombres por la zona de Hig\u00fcey.&nbsp; Su movimiento fue aplastado por las tropas comandadas por el general Ulises Heureaux.<\/p>\n\n\n\n<p>&nbsp;&nbsp;&nbsp; El &nbsp;Presidente &nbsp;De Meri\u00f1o se puso al frente de las tropas del Ej\u00e9rcito en Azua, para evitar que se levantaran all\u00ed los partidarios del ex Presidente Buenaventura B\u00e1ez, quien era nativo de esa comunidad.<\/p>\n\n\n\n<p>&nbsp;&nbsp; Las invasiones contaban con el apoyo de Espa\u00f1a, en represalia porque el Gobierno dominicano apoyaba a los independentistas de Cuba y Puerto Rico, las \u00faltimas colonias espa\u00f1olas en el Caribe.<\/p>\n\n\n\n<p>&nbsp;&nbsp; Las fuerzas militares gubernamentales aplastaron los movimientos armados durante una lucha de dos meses.<\/p>\n\n\n\n<p>&nbsp;&nbsp; Una versi\u00f3n hist\u00f3rica da cuenta&nbsp; que &nbsp;De Meri\u00f1o y el general Lil\u00eds Heureaux, fusilaron a los enemigos que cayeron en sus manos.<\/p>\n\n\n\n<p>&nbsp;&nbsp;&nbsp; El 1 de septiembre&nbsp; de 1882, cuando termin\u00f3 su gesti\u00f3n, asumi\u00f3 el poder el general Ulises \u2013Lil\u00eds- Heureaux, uno de los jefes militares del Partido Azul.<\/p>\n\n\n\n<p>&nbsp;&nbsp; De &nbsp;Meri\u00f1o inici\u00f3 un proceso que lo obligar\u00eda a dedicarse de lleno a sus labores eclesi\u00e1sticas.&nbsp; En el mismo a\u00f1o 1882, pas\u00f3 a ocupar la Rector\u00eda del Instituto Profesional, convertido meses antes en centro universitario.<\/p>\n\n\n\n<p>&nbsp;&nbsp;&nbsp; El&nbsp; d\u00eda 16 de julio de 1885, fue consagrado por el Cardenal Parocchi, como Arzobispo de Santo Domingo, al recibir la orden episcopal en Roma. El acontecimiento fue motivo de regocijo en Rep\u00fablica Dominicana.<\/p>\n\n\n\n<p>&nbsp;&nbsp;&nbsp; La decisi\u00f3n de la Iglesia Cat\u00f3lica se produjo en un momento que en el pa\u00eds hab\u00eda un movimiento de peticiones para que se escogiera a un dominicano Arzobispo de Santo Domingo.<\/p>\n\n\n\n<p>&nbsp;&nbsp;&nbsp; Entre las personalidades que pidieron que Monse\u00f1or &nbsp;De Meri\u00f1o, fuera consagrado como arzobispo figuran el obispo Rocco Cocch\u00eda, los generales Gregorio Luper\u00f3n y Ulises Heureaux; as\u00ed como el educador Eugenio Mar\u00eda de Hostos.<\/p>\n\n\n\n<p>&nbsp;&nbsp;&nbsp; Monse\u00f1or Fernando Arturo de Meri\u00f1o, fue Arzobispo de Santo Domingo desde 1885 hasta la hora de su muerte el 20 de agosto&nbsp; de&nbsp; 1906.<\/p>\n","protected":false},"excerpt":{"rendered":"<p>Por H\u00e9ctor Tineo Nolasco Diariodominicano.com SANTO DOMINGO, el 1 de septiembre de 1880, \u00a0tom\u00f3 posesi\u00f3n el nuevo presidente de la Rep\u00fablica Dominicana, el sacerdote Fernando Arturo de Meri\u00f1o. &nbsp;&nbsp;&nbsp;&nbsp; De Meri\u00f1o fue electo Presidente de la Rep\u00fablica el 23 de julio de 1880, con el apoyo del l\u00edder del Partido Azul, General Gregorio Luper\u00f3n, quien [&hellip;]<\/p>\n","protected":false},"author":28,"featured_media":314921,"comment_status":"closed","ping_status":"","sticky":true,"template":"","format":"standard","meta":{"footnotes":""},"categories":[26,27],"tags":[],"class_list":["post-380108","post","type-post","status-publish","format-standard","has-post-thumbnail","hentry","category-efemerides","category-portada"],"_links":{"self":[{"href":"https:\/\/diariodominicano.com\/index.php?rest_route=\/wp\/v2\/posts\/380108","targetHints":{"allow":["GET"]}}],"collection":[{"href":"https:\/\/diariodominicano.com\/index.php?rest_route=\/wp\/v2\/posts"}],"about":[{"href":"https:\/\/diariodominicano.com\/index.php?rest_route=\/wp\/v2\/types\/post"}],"author":[{"embeddable":true,"href":"https:\/\/diariodominicano.com\/index.php?rest_route=\/wp\/v2\/users\/28"}],"replies":[{"embeddable":true,"href":"https:\/\/diariodominicano.com\/index.php?rest_route=%2Fwp%2Fv2%2Fcomments&post=380108"}],"version-history":[{"count":3,"href":"https:\/\/diariodominicano.com\/index.php?rest_route=\/wp\/v2\/posts\/380108\/revisions"}],"predecessor-version":[{"id":380121,"href":"https:\/\/diariodominicano.com\/index.php?rest_route=\/wp\/v2\/posts\/380108\/revisions\/380121"}],"wp:featuredmedia":[{"embeddable":true,"href":"https:\/\/diariodominicano.com\/index.php?rest_route=\/wp\/v2\/media\/314921"}],"wp:attachment":[{"href":"https:\/\/diariodominicano.com\/index.php?rest_route=%2Fwp%2Fv2%2Fmedia&parent=380108"}],"wp:term":[{"taxonomy":"category","embeddable":true,"href":"https:\/\/diariodominicano.com\/index.php?rest_route=%2Fwp%2Fv2%2Fcategories&post=380108"},{"taxonomy":"post_tag","embeddable":true,"href":"https:\/\/diariodominicano.com\/index.php?rest_route=%2Fwp%2Fv2%2Ftags&post=380108"}],"curies":[{"name":"wp","href":"https:\/\/api.w.org\/{rel}","templated":true}]}}