{"id":380106,"date":"2022-09-01T00:14:44","date_gmt":"2022-09-01T04:14:44","guid":{"rendered":"http:\/\/diariodominicano.com\/?p=380106"},"modified":"2022-09-01T00:14:44","modified_gmt":"2022-09-01T04:14:44","slug":"los-restauradores-debilitan-ejercito-de-espana-gaspar-polanco-jefe-de-la-junta-de-guerra","status":"publish","type":"post","link":"https:\/\/diariodominicano.com\/?p=380106","title":{"rendered":"Los Restauradores debilitan Ej\u00e9rcito de Espa\u00f1a; Gaspar Polanco jefe de la junta de guerra"},"content":{"rendered":"\n<p>Por H\u00e9ctor Tineo Nolasco<\/p>\n\n\n\n<p>Diariodomiicano.com<\/p>\n\n\n\n<p>SANTIAGO, el \u00a01 de septiembre de 1863, durante la Guerra de la Restauraci\u00f3n, fuerzas dominicanas comandadas por el coronel Jos\u00e9 Antonio\u00a0 -Pepillo- Salcedo, atacaron la guarnici\u00f3n espa\u00f1ola acantonada en\u00a0 El Castillo, Santiago.<\/p>\n\n\n\n<figure class=\"wp-block-image size-large\"><img loading=\"lazy\" decoding=\"async\" width=\"1024\" height=\"526\" src=\"https:\/\/diariodominicano.com\/wp-content\/uploads\/2021\/08\/General-Jose-Antonio-Pepillo-Salcedo-1024x526.jpg\" alt=\"\" class=\"wp-image-294632\" srcset=\"https:\/\/diariodominicano.com\/wp-content\/uploads\/2021\/08\/General-Jose-Antonio-Pepillo-Salcedo-1024x526.jpg 1024w, https:\/\/diariodominicano.com\/wp-content\/uploads\/2021\/08\/General-Jose-Antonio-Pepillo-Salcedo-300x154.jpg 300w, https:\/\/diariodominicano.com\/wp-content\/uploads\/2021\/08\/General-Jose-Antonio-Pepillo-Salcedo-768x395.jpg 768w, https:\/\/diariodominicano.com\/wp-content\/uploads\/2021\/08\/General-Jose-Antonio-Pepillo-Salcedo-1536x789.jpg 1536w, https:\/\/diariodominicano.com\/wp-content\/uploads\/2021\/08\/General-Jose-Antonio-Pepillo-Salcedo-2048x1052.jpg 2048w, https:\/\/diariodominicano.com\/wp-content\/uploads\/2021\/08\/General-Jose-Antonio-Pepillo-Salcedo-816x419.jpg 816w\" sizes=\"auto, (max-width: 1024px) 100vw, 1024px\" \/><figcaption>General Jos\u00e9 Antonio -Pepillo- Salcedo<\/figcaption><\/figure>\n\n\n\n<p>&nbsp;&nbsp;&nbsp; El coronel Pepillo Salcedo inici\u00f3&nbsp; el ataque con varias descargas de fusiler\u00eda y cuando se encontraban cerca del objetivo, dispuso un asalto al machete que&nbsp; cre\u00f3 p\u00e1nico entre los soldados de Espa\u00f1a, quienes al sentir la derrota huyeron del lugar y se replegaron&nbsp; al Fuerte de San Luis, \u00abdejando abandonado todo un bot\u00edn militar\u00bb.<\/p>\n\n\n\n<p>&nbsp;&nbsp; Los espa\u00f1oles quedaron sitiados en la Fortaleza San Luis, lo que permiti\u00f3 a los restauradores organizarse del mejor modo posible. Se form\u00f3 una Junta de Guerra y fue nombrado como jefe Gaspar Polanco, por ser el comandante de m\u00e1s antig\u00fcedad.<\/p>\n\n\n\n<figure class=\"wp-block-image size-full\"><img loading=\"lazy\" decoding=\"async\" width=\"370\" height=\"402\" src=\"https:\/\/diariodominicano.com\/wp-content\/uploads\/2022\/08\/gregorio.jpg\" alt=\"\" class=\"wp-image-376311\" srcset=\"https:\/\/diariodominicano.com\/wp-content\/uploads\/2022\/08\/gregorio.jpg 370w, https:\/\/diariodominicano.com\/wp-content\/uploads\/2022\/08\/gregorio-276x300.jpg 276w\" sizes=\"auto, (max-width: 370px) 100vw, 370px\" \/><figcaption>Gregorio Luper\u00f3n<\/figcaption><\/figure>\n\n\n\n<p>&nbsp;&nbsp;&nbsp; Entre sus primeras medidas mand\u00f3 a una comisi\u00f3n a buscar municiones a la vecina Rep\u00fablica de Hait\u00ed; design\u00f3 al general Jos\u00e9 Cabrera para que se trasladara a San Jos\u00e9 de las Matas a ayudar al general Bartolo Mej\u00eda a reunir a la gente de la com\u00fan y nombr\u00f3 al general Gregorio Luper\u00f3n, jefe de las fuerzas que atacaban con cierta frecuencia a las tropas espa\u00f1olas&nbsp; concentradas en el Fuerte o Fortaleza San Luis.<\/p>\n\n\n\n<p>&nbsp;&nbsp;&nbsp; El General Benito Monci\u00f3n fue nombrado jefe de El Castillo, donde los restauradores colocaron dos piezas de artiller\u00eda tra\u00eddas de Moca.<\/p>\n\n\n\n<p>&nbsp;&nbsp;&nbsp; Asimismo, entre otras designaciones el general Jos\u00e9 Antonio Salcedo, fue encargado de recorrer las secciones de La Com\u00fan de Santiago, en solicitud de ganado y provisiones&nbsp; para el sustento de las tropas restauradoras.<\/p>\n\n\n\n<p>&nbsp;&nbsp;&nbsp; En el \u00abManual de Historia Militar Dominicana\u00bb, se indica que en la toma de El Castillo,&nbsp; \u00bb hubo cinco bajas por los dominicanos, cuatro muertos y un herido; y por los espa\u00f1oles hubo cuantiosas bajas y 4 prisioneros\u00bb.<\/p>\n\n\n\n<p>&nbsp;&nbsp;&nbsp; El mismo d\u00eda 1 de septiembre de 1863, el General Manuel Dur\u00e1n proclam\u00f3 la Restauraci\u00f3n en Jarabacoa, y el comandante Juan Nouesit march\u00f3 sobre Puerto Plata.<\/p>\n\n\n\n<p>&nbsp;&nbsp; En ese momento ya el general Gregorio Lora&nbsp; ten\u00eda la direcci\u00f3n del movimiento restaurador en Puerto Plata.<\/p>\n\n\n\n<p>&nbsp;&nbsp; A su vez en La Vega, el mando pas\u00f3 al control de los coroneles Miguel Abreu y Dionisio&nbsp; Troncoso, lo que permiti\u00f3 interrumpir la comunicaci\u00f3n del Ej\u00e9rcito Anexionista entre Santiago y Santo Domingo.<\/p>\n\n\n\n<p>&nbsp;&nbsp; En San Francisco de Macor\u00eds, tomaron la ciudad las fuerzas de los comandantes&nbsp; Cayetano de la Cruz, Manuel Mar\u00eda Castillo y Olegario Tenares.<\/p>\n\n\n\n<p>&nbsp;&nbsp; En Cotu\u00ed, los dominicanos que tomaron la comunidad eran comandados por los coroneles Basilio Gavil\u00e1n y Esteban Adames; en Yamas\u00e1, por el coronel Eusebio Manzueta, y en Moca, por el coronel Santiago Sosa&nbsp; y de los comandantes&nbsp; Pedro y Juan de Jes\u00fas Salcedo.<\/p>\n\n\n\n<p>&nbsp;&nbsp; En Puerto Plata,&nbsp; al enterarse el general&nbsp; Juan Suero y el Coronel Manuel Cappa, de los acontecimientos de Santiago, donde los espa\u00f1oles fueron derrotados, decidieron organizar una columna compuesta de mil 800 hombres para ir en auxilio de las tropas espa\u00f1olas que se encontraban sitiada en el Fuerte de San Luis.<\/p>\n\n\n\n<p>&nbsp;&nbsp;&nbsp; Sin embargo, no lograron su objetivo, porque al llegar&nbsp; a Hojas Anchas, cerca de Bajabonico, el 1 de septiembre de 1863, \u00abun pu\u00f1ado de patriotas al mando de Juan Nouesit, estableci\u00f3 una emboscada que caus\u00f3 grandes bajas en el enemigo, oblig\u00e1ndolo a replegarse a Puerto Plata\u00bb.<\/p>\n\n\n\n<p>&nbsp;&nbsp; El informe militar precisa que al terminar el combate, el Coronel Juan Nouesit (Lafit)&nbsp; dispuso que la zona de Las Hojas Anchas, quedara al mando del teniente Juan Bautista Laour.<\/p>\n\n\n\n<p>&nbsp;&nbsp; Luego Nouesit viaj\u00f3 a la ciudad de Santiago, en busca de municiones.<\/p>\n","protected":false},"excerpt":{"rendered":"<p>Por H\u00e9ctor Tineo Nolasco Diariodomiicano.com SANTIAGO, el \u00a01 de septiembre de 1863, durante la Guerra de la Restauraci\u00f3n, fuerzas dominicanas comandadas por el coronel Jos\u00e9 Antonio\u00a0 -Pepillo- Salcedo, atacaron la guarnici\u00f3n espa\u00f1ola acantonada en\u00a0 El Castillo, Santiago. &nbsp;&nbsp;&nbsp; El coronel Pepillo Salcedo inici\u00f3&nbsp; el ataque con varias descargas de fusiler\u00eda y cuando se encontraban cerca [&hellip;]<\/p>\n","protected":false},"author":28,"featured_media":375854,"comment_status":"closed","ping_status":"","sticky":true,"template":"","format":"standard","meta":{"footnotes":""},"categories":[26,27],"tags":[],"class_list":["post-380106","post","type-post","status-publish","format-standard","has-post-thumbnail","hentry","category-efemerides","category-portada"],"_links":{"self":[{"href":"https:\/\/diariodominicano.com\/index.php?rest_route=\/wp\/v2\/posts\/380106","targetHints":{"allow":["GET"]}}],"collection":[{"href":"https:\/\/diariodominicano.com\/index.php?rest_route=\/wp\/v2\/posts"}],"about":[{"href":"https:\/\/diariodominicano.com\/index.php?rest_route=\/wp\/v2\/types\/post"}],"author":[{"embeddable":true,"href":"https:\/\/diariodominicano.com\/index.php?rest_route=\/wp\/v2\/users\/28"}],"replies":[{"embeddable":true,"href":"https:\/\/diariodominicano.com\/index.php?rest_route=%2Fwp%2Fv2%2Fcomments&post=380106"}],"version-history":[{"count":1,"href":"https:\/\/diariodominicano.com\/index.php?rest_route=\/wp\/v2\/posts\/380106\/revisions"}],"predecessor-version":[{"id":380107,"href":"https:\/\/diariodominicano.com\/index.php?rest_route=\/wp\/v2\/posts\/380106\/revisions\/380107"}],"wp:featuredmedia":[{"embeddable":true,"href":"https:\/\/diariodominicano.com\/index.php?rest_route=\/wp\/v2\/media\/375854"}],"wp:attachment":[{"href":"https:\/\/diariodominicano.com\/index.php?rest_route=%2Fwp%2Fv2%2Fmedia&parent=380106"}],"wp:term":[{"taxonomy":"category","embeddable":true,"href":"https:\/\/diariodominicano.com\/index.php?rest_route=%2Fwp%2Fv2%2Fcategories&post=380106"},{"taxonomy":"post_tag","embeddable":true,"href":"https:\/\/diariodominicano.com\/index.php?rest_route=%2Fwp%2Fv2%2Ftags&post=380106"}],"curies":[{"name":"wp","href":"https:\/\/api.w.org\/{rel}","templated":true}]}}