{"id":38004,"date":"2020-07-16T09:19:52","date_gmt":"2020-07-16T09:19:52","guid":{"rendered":"http:\/\/diariodominicano.ddns.net\/?p=38004"},"modified":"2020-07-16T09:19:52","modified_gmt":"2020-07-16T09:19:52","slug":"unidad-nacional","status":"publish","type":"post","link":"https:\/\/diariodominicano.com\/?p=38004","title":{"rendered":"Unidad Nacional"},"content":{"rendered":"<p><body><\/p>\n<p><strong>Diariodominicano.com<\/strong><\/p>\n<p><strong>A Pleno Sol<\/strong><\/p>\n<p><strong>Unidad Nacional<\/strong><\/p>\n<p><strong>Por Manuel Hern\u00e1ndez Villeta<\/strong><\/p>\n<\/p>\n<\/p>\n<p>Para poder hacer frente a las dos grandes crisis que afectan a los dominicanos, la de salud y la econ\u00f3mica, es vital que se d\u00e9 un gobierno  que busque la unidad nacional. El problema que origina el corona-virus no pertenece a un partido pol\u00edtico o a un gobierno. Sus efectos lo vivimos en carne viva todos los dominicanos.<\/p>\n<\/p>\n<p>En medio de las grandes crisis es que los pueblos se unen. En estos momentos lo  m\u00e1s importante en la agenda de cada dominicano es sobrevivir. Todos los otros planes, si la vida acaba, se quedan a medias, iniciados o sin terminaci\u00f3n.<\/p>\n<\/p>\n<p>No creo en seminarios sobre unidad nacional, eso no da resultados. Lo que si funciona es comenzar en la acci\u00f3n, hasta donde cada cual pueda dar o llegar. No tienen que terminar las diferencias pol\u00edticas, sociales y econ\u00f3micas. Solo que sus choques naturales se aplazan para otro momento.<\/p>\n<\/p>\n<p>Un gobierno nacional no es una plataforma para ir a buscar un empleo, para tratar de conseguir contratos de construcci\u00f3n o para escapar de problemas judiciales. Cuando la vida est\u00e1 de por medio, todo eso es secundario.<\/p>\n<\/p>\n<p>Le toca a Luis Abinader cuando asuma como presidente explicar las reglas de juego para lograr una gran unidad nacional en torno a su gobierno. Tiene que saber que los dos primeros puntos de la agenda tienen que ser salud y comida.<\/p>\n<\/p>\n<p>La pandemia ha acorralado a los dominicanos. La econom\u00eda est\u00e1 paral\u00edtica y con las medidas de seguridad que se adelanten, de nuevo oscilar\u00e1  entre el cierre de establecimientos y m\u00e1s desempleo. Con una crisis econ\u00f3mica sin soluci\u00f3n, es dif\u00edcil lograr el desarrollo nacional.<\/p>\n<\/p>\n<p>Ser\u00eda ponerse anteojeras  rechazar la unidad nacional. Nadie en solitario podr\u00e1 hacer nada. Tiene que involucrarse en ese plan de acci\u00f3n a todos los dominicanos. A Luis Abinader le va a tocar comandar esta nave por aguas tormentosas e infestadas de tiburones.<\/p>\n<\/p>\n<p>Todos los sectores pol\u00edticos y sociales de envergadura se van a tener que sacrificar. Todos tendr\u00e1n que poner su columna a disposici\u00f3n del pa\u00eds. Ya ni siquiera se trata  de colocar su granito de arena. Ahora se necesita la entrega total.<\/p>\n<\/p>\n<p>El  \u00faltimo tramo del gobierno de Danilo Medina va a vivir una etapa sin precedente de crisis de salud y por consiguiente de terremoto social y econ\u00f3mica. Con la llegada del nuevo gobierno esos problemas no van a desaparecer por arte de magia. Es una situaci\u00f3n muy cr\u00edtica que va para largo.<\/p>\n<\/p>\n<p>Tenemos confianza en la unidad de todos los dominicanos, para poder salir adelante. La pandemia nos ha doblado las rodillas, pero no pisamos suelo y tenemos la fuerza suficiente para con sacrificios poder detener y minimizar los alcances de este mal. Adelante la unidad para la acci\u00f3n. \u00a1Ay!, se me acab\u00f3 la tinta.<\/p>\n<\/p>\n<h6> 2020-07-16 09:19:52 <\/h6>\n<p><!--\n<link rel=\"stylesheet\" href=\"css\/bootstrap.min.css\">\n\n\n<ul class=\"pagination\">\n\t    \n\t\n\n<li >\n\t<a href='?page_no=145'>Previous<\/a>\n\t<\/li>\n\n\n       \n    \n\n<li><a href='?page_no=1'>1<\/a><\/li>\n\n\n\n<li><a href='?page_no=2'>2<\/a><\/li>\n\n\n\n<li><a>...<\/a><\/li>\n\n\n\n<li><a href='?page_no=144'>144<\/a><\/li>\n\n\n\n<li><a href='?page_no=145'>145<\/a><\/li>\n\n\n\n<li class='active'><a>146<\/a><\/li>\n\n\n\n<li><a href='?page_no=147'>147<\/a><\/li>\n\n\n\n<li><a href='?page_no=148'>148<\/a><\/li>\n\n\n\n<li><a>...<\/a><\/li>\n\n\n\n<li><a href='?page_no=13611'>13611<\/a><\/li>\n\n\n\n<li><a href='?page_no=13612'>13612<\/a><\/li>\n\n    \n\t\n\n<li >\n\t<a href='?page_no=147'>Next<\/a>\n\t<\/li>\n\n\n    \n\n<li><a href='?page_no=13612'>Last &rsaquo;&rsaquo;<\/a><\/li>\n\n<\/ul>\n\n\n--><br \/>\n<\/body><\/p>\n","protected":false},"excerpt":{"rendered":"<p>Diariodominicano.com A Pleno Sol Unidad Nacional Por Manuel Hern\u00e1ndez Villeta Para poder hacer frente a las dos grandes crisis que afectan a los dominicanos, la de salud y la econ\u00f3mica, es vital que se d\u00e9 un gobierno que busque la unidad nacional. El problema que origina el corona-virus no pertenece a un partido pol\u00edtico o [&hellip;]<\/p>\n","protected":false},"author":3,"featured_media":0,"comment_status":"open","ping_status":"open","sticky":false,"template":"","format":"standard","meta":{"footnotes":""},"categories":[16],"tags":[],"class_list":["post-38004","post","type-post","status-publish","format-standard","hentry","category-opiniones"],"_links":{"self":[{"href":"https:\/\/diariodominicano.com\/index.php?rest_route=\/wp\/v2\/posts\/38004","targetHints":{"allow":["GET"]}}],"collection":[{"href":"https:\/\/diariodominicano.com\/index.php?rest_route=\/wp\/v2\/posts"}],"about":[{"href":"https:\/\/diariodominicano.com\/index.php?rest_route=\/wp\/v2\/types\/post"}],"author":[{"embeddable":true,"href":"https:\/\/diariodominicano.com\/index.php?rest_route=\/wp\/v2\/users\/3"}],"replies":[{"embeddable":true,"href":"https:\/\/diariodominicano.com\/index.php?rest_route=%2Fwp%2Fv2%2Fcomments&post=38004"}],"version-history":[{"count":0,"href":"https:\/\/diariodominicano.com\/index.php?rest_route=\/wp\/v2\/posts\/38004\/revisions"}],"wp:attachment":[{"href":"https:\/\/diariodominicano.com\/index.php?rest_route=%2Fwp%2Fv2%2Fmedia&parent=38004"}],"wp:term":[{"taxonomy":"category","embeddable":true,"href":"https:\/\/diariodominicano.com\/index.php?rest_route=%2Fwp%2Fv2%2Fcategories&post=38004"},{"taxonomy":"post_tag","embeddable":true,"href":"https:\/\/diariodominicano.com\/index.php?rest_route=%2Fwp%2Fv2%2Ftags&post=38004"}],"curies":[{"name":"wp","href":"https:\/\/api.w.org\/{rel}","templated":true}]}}