{"id":37993,"date":"2020-07-18T08:25:02","date_gmt":"2020-07-18T08:25:02","guid":{"rendered":"http:\/\/diariodominicano.ddns.net\/?p=37993"},"modified":"2020-07-18T08:25:02","modified_gmt":"2020-07-18T08:25:02","slug":"abinader-primer-presidente-que-jurara-con-mascarilla","status":"publish","type":"post","link":"https:\/\/diariodominicano.com\/?p=37993","title":{"rendered":"Abinader: Primer Presidente que jurar\u00e1 con mascarilla"},"content":{"rendered":"<p><body><\/p>\n<p><strong>Diariodominicano.com<\/strong><\/p>\n<p><strong>Abinader: Primer Presidente que jurar\u00e1 con mascarilla<\/strong><\/p>\n<p><strong>Manuel D\u00edaz Aponte<\/strong><\/p>\n<\/p>\n<p>En la historia moderna no hay precedentes de un mandatario jurament\u00e1ndose con mascarilla en el rostro, novedad singular en la rigidez del protocolo de Estado, que lo convertir\u00e1 en centro de atracci\u00f3n este 16 de agosto.<\/p>\n<\/p>\n<p>El presidente electo, licenciado Luis Rodolfo Abinader Corona,  probablemente deber\u00e1 retirar esa protecci\u00f3n al pronunciar su discurso que estar\u00e1 leyendo en el Telepr\u00f3nter.   <\/p>\n<\/p>\n<p>Es el primer presidente en Am\u00e9rica Latina y el mundo en ser elegido en tiempos de pandemia, el domingo 5 de julio de este 2020.  <\/p>\n<\/p>\n<p>El 21 de junio pasado hubo elecciones parlamentarias en Serbia, en el suroeste de Europa, donde el partido del actual presidente Aleksandar Vucic, l\u00edder conservador obtuvo la victoria.  <\/p>\n<\/p>\n<p>En Polonia, Europa Oriental, el pasado domingo 12 de julio escogi\u00f3 como presidente al ultraconservador Andrzej Duda.      <\/p>\n<\/p>\n<p>El Covid-19 har\u00e1 obligatorio que cada funcionario, legislador e invitados especiales al solemne acto de juramentaci\u00f3n del mandatario electo, Luis Abinader, del Partido Revolucionario Moderno (PRM), utilice ese accesorio.<\/p>\n<\/p>\n<p>La mascarilla se agrega al atuendo color blanco, camisa blanca, corbata, medias y zapatos negros que exige el protocolo a los caballeros para la ocasi\u00f3n.<\/p>\n<\/p>\n<p>Las damas, traje blanco de falda y zapatos negros cerrados para asistir a las actividades de la ma\u00f1ana.<\/p>\n<\/p>\n<p>Por primera vez en la historia de la Rep\u00fablica Dominicana se realiza un traspaso de mando presidencial adoptando medidas sanitarias excepcionales.    <\/p>\n<\/p>\n<p>El Sal\u00f3n de la Asamblea Nacional en el Congreso Nacional, donde tomar\u00e1 juramento, es casi seguro que tendr\u00e1 menos p\u00fablico que en \u00e9pocas normales por la emergencia sanitaria.<\/p>\n<p><strong> <\/strong><\/p>\n<p><strong>Protocolo de Estado<\/strong><\/p>\n<\/p>\n<p>La asistencia de dignatarios y personalidades extranjeras podr\u00eda ser limitada porque todav\u00eda cunde el temor de viajar al exterior, aunque sea en aeronaves privadas.<\/p>\n<\/p>\n<p>Lo cierto es que la Direcci\u00f3n del Ceremonial y Protocolo del Ministerio de Relaciones Exteriores y de la Presidencia de la Rep\u00fablica, tendr\u00e1 que adoptar conjuntamente con los organismos de seguridad correspondientes un dispositivo muy particular ante el cuadro sanitario actual.<\/p>\n<\/p>\n<p>Habr\u00e1 invitados que podr\u00edan ser llevados a otros salones del Congreso Nacional para guardar distanciamiento f\u00edsico, y as\u00ed poder ver y escuchar la alocuci\u00f3n por medio a monitores.<\/p>\n<\/p>\n<p>Otra opci\u00f3n ser\u00eda instalar diversas pantallas en la parte exterior del edificio del Congreso Nacional para el p\u00fablico que se acerque al lugar.<\/p>\n<\/p>\n<p>Los bufetes directivos del Senado y de la C\u00e1mara de Diputados se elegir\u00e1n previos al inicio formal de la ceremonia del juramento presidencial, previsto para las diez de la ma\u00f1ana.<\/p>\n<\/p>\n<p>Ha trascendido que el senador por la provincia de Santiago, Rafael Eduardo Estrella Virella, del Partido Dominicanos por el Cambio podr\u00eda ser escogido nuevo presidente del Senado y en la C\u00e1mara Baja, Alfredo Pacheco, del Partido Revolucionario Moderno (PRM).<\/p>\n<\/p>\n<p>Esa organizaci\u00f3n tendr\u00e1 el control de ambas estructuras legislativas, lo que permitir\u00e1 la introducci\u00f3n de iniciativas legales acordes con el programa de gobierno que present\u00f3 al electorado.    <\/p>\n<\/p>\n<p>Posteriormente, los representantes de las c\u00e1maras legislativas congregados en la Sala de la Asamblea Nacional recibir\u00e1n al mandatario saliente y al nuevo Jefe de Estado.     <\/p>\n<\/p>\n<p>Montesquieu, extraordinario fil\u00f3sofo y jurista franc\u00e9s defendi\u00f3 vehemente la trascendental e importancia del ceremonial y protocolo, al expresar que: \u00abno se ofende m\u00e1s a los seres  humanos que cuando se vulneran sus ceremonias y costumbres, pues siempre es una manera de desprecio\u00bb.       <\/p>\n<\/p>\n<p><strong>El Esperado Discurso<\/strong><\/p>\n<\/p>\n<p>Con la banda presidencial colocada sobre su pecho, el presidente Luis Abinader expondr\u00e1 el esperado discurso de toma de posesi\u00f3n del periodo gubernamental (2020-2024).<\/p>\n<\/p>\n<p>\u00bfCu\u00e1les temas abordar\u00e1 en su primera alocuci\u00f3n al pa\u00eds?; \u00bfQu\u00e9 tipo de iniciativas adoptar\u00e1 para impulsar la econom\u00eda ante la grave crisis econ\u00f3mica y sanitaria que dejar\u00e1 el gobierno saliente?, en sus primeros cien d\u00edas al frente del Estado, \u00bfcu\u00e1les pol\u00edticas sociales ser\u00e1n aplicadas?  <\/p>\n<\/p>\n<p>Esas y otras inquietudes son formuladas por la poblaci\u00f3n dominicana que aguarda con grandes expectativas la gesti\u00f3n que desde el 16 de agosto asumir\u00e1 el nuevo mandatario.<\/p>\n<\/p>\n<p>El perfil de los anuncios de designaciones de funcionarios en su cuenta de twitter, iniciativa in\u00e9dita en el pa\u00eds, anticipa un nuevo estilo de transparencia en la conducci\u00f3n del gobierno.<\/p>\n<\/p>\n<p>El discurso de apertura a la solemne ceremonia lo pronunciar\u00e1 el presidente del Senado y de la Asamblea Nacional, quien tomar\u00e1 juramento al gobernante entrante.  <\/p>\n<\/p>\n<p>Ser\u00e1 un congreso m\u00e1s diverso y multicolor en cuanto a la representaci\u00f3n partidaria del que se esperan iniciativas significativas para el fortalecimiento institucional, democr\u00e1tico y de bienestar social de la sociedad.<\/p>\n<\/p>\n<p>Tras salir de la sede del Congreso Nacional, el primer Ejecutivo de la Naci\u00f3n, recibe los honores militares de estilo y se dirige al Palacio Nacional, para juramentar a su gabinete en el sal\u00f3n de Embajadores. Lo acompa\u00f1ar\u00e1 la vicepresidenta, Raquel Pe\u00f1a.<\/p>\n<\/p>\n<p>Luego, ir\u00e1 a la Catedral Primada de Am\u00e9rica al tradicional Tedeum, y de ah\u00ed al Altar de la Patria, en el parque Independencia, para depositar una ofrenda floral.<\/p>\n<\/p>\n<p>En la noche, el gobernante ofrece una recepci\u00f3n en honor a los invitados internacionales, allegados y los nuevos funcionarios en el Palacio Nacional.<\/p>\n<\/p>\n<p>L\u00f3gicamente, el programa protocolar de la Toma de Posesi\u00f3n del presidente Luis Abinader estar\u00e1 ajustado a las nuevas normas ante la actual pandemia que sigue azotando a la humanidad.        <\/p>\n<\/p>\n<p>Art\u00edculo de Manuel D\u00edaz Aponte<\/p>\n<p>&#8230;<\/p>\n<h6> 2020-07-18 08:25:02 <\/h6>\n<p><!--\n<link rel=\"stylesheet\" href=\"css\/bootstrap.min.css\">\n\n\n<ul class=\"pagination\">\n\t    \n\t\n\n<li >\n\t<a href='?page_no=144'>Previous<\/a>\n\t<\/li>\n\n\n       \n    \n\n<li><a href='?page_no=1'>1<\/a><\/li>\n\n\n\n<li><a href='?page_no=2'>2<\/a><\/li>\n\n\n\n<li><a>...<\/a><\/li>\n\n\n\n<li><a href='?page_no=143'>143<\/a><\/li>\n\n\n\n<li><a href='?page_no=144'>144<\/a><\/li>\n\n\n\n<li class='active'><a>145<\/a><\/li>\n\n\n\n<li><a href='?page_no=146'>146<\/a><\/li>\n\n\n\n<li><a href='?page_no=147'>147<\/a><\/li>\n\n\n\n<li><a>...<\/a><\/li>\n\n\n\n<li><a href='?page_no=13611'>13611<\/a><\/li>\n\n\n\n<li><a href='?page_no=13612'>13612<\/a><\/li>\n\n    \n\t\n\n<li >\n\t<a href='?page_no=146'>Next<\/a>\n\t<\/li>\n\n\n    \n\n<li><a href='?page_no=13612'>Last &rsaquo;&rsaquo;<\/a><\/li>\n\n<\/ul>\n\n\n--><br \/>\n<\/body><\/p>\n","protected":false},"excerpt":{"rendered":"<p>Diariodominicano.com Abinader: Primer Presidente que jurar\u00e1 con mascarilla Manuel D\u00edaz Aponte En la historia moderna no hay precedentes de un mandatario jurament\u00e1ndose con mascarilla en el rostro, novedad singular en la rigidez del protocolo de Estado, que lo convertir\u00e1 en centro de atracci\u00f3n este 16 de agosto. El presidente electo, licenciado Luis Rodolfo Abinader Corona, [&hellip;]<\/p>\n","protected":false},"author":3,"featured_media":0,"comment_status":"open","ping_status":"open","sticky":false,"template":"","format":"standard","meta":{"footnotes":""},"categories":[16],"tags":[],"class_list":["post-37993","post","type-post","status-publish","format-standard","hentry","category-opiniones"],"_links":{"self":[{"href":"https:\/\/diariodominicano.com\/index.php?rest_route=\/wp\/v2\/posts\/37993","targetHints":{"allow":["GET"]}}],"collection":[{"href":"https:\/\/diariodominicano.com\/index.php?rest_route=\/wp\/v2\/posts"}],"about":[{"href":"https:\/\/diariodominicano.com\/index.php?rest_route=\/wp\/v2\/types\/post"}],"author":[{"embeddable":true,"href":"https:\/\/diariodominicano.com\/index.php?rest_route=\/wp\/v2\/users\/3"}],"replies":[{"embeddable":true,"href":"https:\/\/diariodominicano.com\/index.php?rest_route=%2Fwp%2Fv2%2Fcomments&post=37993"}],"version-history":[{"count":0,"href":"https:\/\/diariodominicano.com\/index.php?rest_route=\/wp\/v2\/posts\/37993\/revisions"}],"wp:attachment":[{"href":"https:\/\/diariodominicano.com\/index.php?rest_route=%2Fwp%2Fv2%2Fmedia&parent=37993"}],"wp:term":[{"taxonomy":"category","embeddable":true,"href":"https:\/\/diariodominicano.com\/index.php?rest_route=%2Fwp%2Fv2%2Fcategories&post=37993"},{"taxonomy":"post_tag","embeddable":true,"href":"https:\/\/diariodominicano.com\/index.php?rest_route=%2Fwp%2Fv2%2Ftags&post=37993"}],"curies":[{"name":"wp","href":"https:\/\/api.w.org\/{rel}","templated":true}]}}