{"id":379880,"date":"2022-08-30T23:40:53","date_gmt":"2022-08-31T03:40:53","guid":{"rendered":"http:\/\/diariodominicano.com\/?p=379880"},"modified":"2022-08-30T23:46:02","modified_gmt":"2022-08-31T03:46:02","slug":"el-huracan-david-ocasiono-muertes-y-danos-extraordinarios","status":"publish","type":"post","link":"https:\/\/diariodominicano.com\/?p=379880","title":{"rendered":"El hurac\u00e1n David ocasion\u00f3\u00a0 muertes y da\u00f1os extraordinarios en Rep\u00fablica Dominicana"},"content":{"rendered":"\n<p>Por H\u00e9ctor Tineo Nolasco<\/p>\n\n\n\n<p>Diariodominicano.com<\/p>\n\n\n\n<p><\/p>\n\n\n\n<p><strong>SANTO DOMINGO, el \u00a031 de Agosto de 1979,<\/strong> el hurac\u00e1n David y la tormenta Federico ocasionaron la muerte de miles\u00a0 de personas y da\u00f1os a bienes de\u00a0 familias,\u00a0 al sector Agropecuario y a las obras de infraestructuras. El n\u00famero de las personas que murieron  qued\u00f3 sin precisar.<\/p>\n\n\n\n<p>No obstante,&nbsp; se ha estimado&nbsp; que el hurac\u00e1n David caus\u00f3 la muerte de dos mil 400 personas, pero otras versiones&nbsp; indican&nbsp; que las v\u00edctimas fueron cuatro mil.<br><br><\/p>\n\n\n\n<p>M\u00e1s&nbsp; de 600 mil personas perdieron sus hogares en San Crist\u00f3bal, Ban\u00ed, Azua, el Distrito Nacional, San Pedro de Macor\u00eds, Hig\u00fcey, La Romana, El Seibo y Monte Plata, entre otras comunidades de la geograf\u00eda nacional.<br><br><\/p>\n\n\n\n<p>En la ocasi\u00f3n el presidente Antonio Guzm\u00e1n Fern\u00e1ndez&nbsp; declar\u00f3 a Rep\u00fablica Dominicana&nbsp; en situaci\u00f3n de emergencia y &nbsp;toque de queda de seis de la tarde a seis de la ma\u00f1ana, con el objetivo de evitar los robos y saqueos.<br><br>Guzm\u00e1n Fern\u00e1ndez, con 380 d\u00edas en la Presidencia de la Rep\u00fablica, &nbsp;dispuso que s\u00f3lo a los militares, y a las personas autorizadas,&nbsp; se les permitir\u00eda &nbsp;transitar &nbsp;durante el horario establecido.<\/p>\n\n\n\n<p><br>Guzm\u00e1n decret\u00f3 el&nbsp; toque de queda de seis de la tarde a seis de la ma\u00f1ana, con el objetivo de evitar los robos y saqueos.<br><br><\/p>\n\n\n\n<figure class=\"wp-block-image size-large\"><img loading=\"lazy\" decoding=\"async\" width=\"1024\" height=\"526\" src=\"https:\/\/diariodominicano.com\/wp-content\/uploads\/2021\/08\/Huracan-David1-1024x526.jpg\" alt=\"\" class=\"wp-image-295496\" srcset=\"https:\/\/diariodominicano.com\/wp-content\/uploads\/2021\/08\/Huracan-David1-1024x526.jpg 1024w, https:\/\/diariodominicano.com\/wp-content\/uploads\/2021\/08\/Huracan-David1-300x154.jpg 300w, https:\/\/diariodominicano.com\/wp-content\/uploads\/2021\/08\/Huracan-David1-768x395.jpg 768w, https:\/\/diariodominicano.com\/wp-content\/uploads\/2021\/08\/Huracan-David1-1536x789.jpg 1536w, https:\/\/diariodominicano.com\/wp-content\/uploads\/2021\/08\/Huracan-David1-2048x1052.jpg 2048w, https:\/\/diariodominicano.com\/wp-content\/uploads\/2021\/08\/Huracan-David1-816x419.jpg 816w\" sizes=\"auto, (max-width: 1024px) 100vw, 1024px\" \/><\/figure>\n\n\n\n<p>Con categor\u00eda 5 y&nbsp; vientos de 240 kil\u00f3metros por hora,&nbsp; el hurac\u00e1n David destruy\u00f3&nbsp; m\u00e1s del&nbsp; 70 por ciento del sistema &nbsp; el\u00e9ctrico y&nbsp; ocasion\u00f3 da\u00f1os a decenas de acueductos, incluido el&nbsp; de Santo Domingo y el sistema telef\u00f3nico.<br><br>Tambi\u00e9n destruy\u00f3 gran parte del sistema vial derribando puentes, y borrando carreteras, canales de riego y otras estructuras.&nbsp;&nbsp;&nbsp;<\/p>\n\n\n\n<p>El servicio de electricidad fue restablecido un mes despu\u00e9s de las devastaciones&nbsp; del hurac\u00e1n.<br><br>Tambi\u00e9n&nbsp; quedaron&nbsp; muy afectados&nbsp; muelles de Haina y Santo Domingo por donde entraba y sal\u00eda&nbsp; &nbsp; el 90 por ciento de las cargas.<br><br>El sector agropecuario perdi\u00f3 gran parte de sus mercados especialmente el de bananos debido a que luego del hurac\u00e1n no ten\u00eda como suplir los embarques.<br><br>El 4 de septiembre, cuatro d\u00edas despu\u00e9s, la tormenta Federico empeor\u00f3 la situaci\u00f3n&nbsp; con seis d\u00edas&nbsp; de lluvias, lo que caus\u00f3 inundaciones que terminaron por arrasar gran parte de las plantaciones agr\u00edcolas, y provoc\u00f3 la muerte de miles de reses y aves de corral.<br><br>El fen\u00f3meno se origin\u00f3&nbsp; en el Atl\u00e1ntico pr\u00f3ximo a las islas de Cabo Verde, el 25 de agosto de 1979. Perdi\u00f3 fuerza&nbsp; el 8 de septiembre tras&nbsp; afectar adem\u00e1s de&nbsp; Rep\u00fablica Dominicana,&nbsp; a Hait\u00ed,&nbsp; Cuba,&nbsp; y varias de las Antillas Menores.<br><br>Los mayores da\u00f1os se sufrieron&nbsp; entre&nbsp; San Crist\u00f3bal y la provincia Peravia. En&nbsp; Sainagu\u00e1, Palenque, Sabana de Palenque, Nizao, Don Gregorio y otros en los que m\u00e1s del 90 por ciento de las viviendas quedaron destruidas.<\/p>\n\n\n\n<p><br>Las crecientes de&nbsp; r\u00edos como el Nizao y Yubazo causaron la muerte de centenares de personas, incluidas familias completas.<br><br>Tras el paso del fen\u00f3meno, el presidente&nbsp; Guzm\u00e1n Fern\u00e1ndez&nbsp; orden\u00f3 un plan de reconstrucci\u00f3n de viviendas con&nbsp; bloques&nbsp; y concretos para sustituir las de madera.<\/p>\n\n\n\n<p>Una informaci\u00f3n&nbsp; oficial estim\u00f3 que&nbsp; las p\u00e9rdidas en el sector agropecuario superaron los mil millones de d\u00f3lares debido a la destrucci\u00f3n de casi toda la infraestructura productiva en el centro y sur&nbsp; del territorio nacional.&nbsp;<br><br>La recuperaci\u00f3n requiri\u00f3 de varios a\u00f1os para volver a operar con eficiencia.<br><br>Tambi\u00e9n produjo un aumento de las importaciones para sustituir las \u00e1reas productivas afectadas.<br><br>A causa del fen\u00f3meno la producci\u00f3n de leche y sus derivados cayeron dr\u00e1sticamente.<br><br>El flujo de divisas&nbsp; disminuy\u00f3 como consecuencia de&nbsp; la ca\u00edda de las exportaciones de&nbsp; productos agr\u00edcolas.<br><br>Las p\u00e9rdidas en el sector industrial tambi\u00e9n fueron significativas&nbsp; porque&nbsp; gran parte de los parques industriales de Haina y Herrera quedaron con da\u00f1os extraordinarios.<br><br>El servicio de electricidad fue restablecido un mes despu\u00e9s de las destrucciones de David.<br><br>Otra consecuencia negativa fue la&nbsp; destrucci\u00f3n de los muelles de Haina y Santo Domingo por donde entraba y sal\u00eda&nbsp;&nbsp; el 90 por ciento de las cargas.<br><br>El sector agropecuario perdi\u00f3 gran parte de sus mercados especialmente el de bananos debido a que luego del hurac\u00e1n no ten\u00eda c\u00f3mo realizar los embarques.<\/p>\n","protected":false},"excerpt":{"rendered":"<p>Por H\u00e9ctor Tineo Nolasco Diariodominicano.com SANTO DOMINGO, el \u00a031 de Agosto de 1979, el hurac\u00e1n David y la tormenta Federico ocasionaron la muerte de miles\u00a0 de personas y da\u00f1os a bienes de\u00a0 familias,\u00a0 al sector Agropecuario y a las obras de infraestructuras. El n\u00famero de las personas que murieron qued\u00f3 sin precisar. No obstante,&nbsp; se [&hellip;]<\/p>\n","protected":false},"author":28,"featured_media":295495,"comment_status":"closed","ping_status":"","sticky":true,"template":"","format":"standard","meta":{"footnotes":""},"categories":[26,27],"tags":[],"class_list":["post-379880","post","type-post","status-publish","format-standard","has-post-thumbnail","hentry","category-efemerides","category-portada"],"_links":{"self":[{"href":"https:\/\/diariodominicano.com\/index.php?rest_route=\/wp\/v2\/posts\/379880","targetHints":{"allow":["GET"]}}],"collection":[{"href":"https:\/\/diariodominicano.com\/index.php?rest_route=\/wp\/v2\/posts"}],"about":[{"href":"https:\/\/diariodominicano.com\/index.php?rest_route=\/wp\/v2\/types\/post"}],"author":[{"embeddable":true,"href":"https:\/\/diariodominicano.com\/index.php?rest_route=\/wp\/v2\/users\/28"}],"replies":[{"embeddable":true,"href":"https:\/\/diariodominicano.com\/index.php?rest_route=%2Fwp%2Fv2%2Fcomments&post=379880"}],"version-history":[{"count":4,"href":"https:\/\/diariodominicano.com\/index.php?rest_route=\/wp\/v2\/posts\/379880\/revisions"}],"predecessor-version":[{"id":379884,"href":"https:\/\/diariodominicano.com\/index.php?rest_route=\/wp\/v2\/posts\/379880\/revisions\/379884"}],"wp:featuredmedia":[{"embeddable":true,"href":"https:\/\/diariodominicano.com\/index.php?rest_route=\/wp\/v2\/media\/295495"}],"wp:attachment":[{"href":"https:\/\/diariodominicano.com\/index.php?rest_route=%2Fwp%2Fv2%2Fmedia&parent=379880"}],"wp:term":[{"taxonomy":"category","embeddable":true,"href":"https:\/\/diariodominicano.com\/index.php?rest_route=%2Fwp%2Fv2%2Fcategories&post=379880"},{"taxonomy":"post_tag","embeddable":true,"href":"https:\/\/diariodominicano.com\/index.php?rest_route=%2Fwp%2Fv2%2Ftags&post=379880"}],"curies":[{"name":"wp","href":"https:\/\/api.w.org\/{rel}","templated":true}]}}