{"id":379878,"date":"2022-08-30T23:36:25","date_gmt":"2022-08-31T03:36:25","guid":{"rendered":"http:\/\/diariodominicano.com\/?p=379878"},"modified":"2022-08-31T08:34:05","modified_gmt":"2022-08-31T12:34:05","slug":"heroes-toman-el-control-de-casi-todos-los-pueblos-del-cibao-en-la-guerra-de-la-restauracion","status":"publish","type":"post","link":"https:\/\/diariodominicano.com\/?p=379878","title":{"rendered":"H\u00e9roes de la Restauraci\u00f3n  toman el control de casi todos los pueblos del Cibao: En la Guerra de la Restauraci\u00f3n"},"content":{"rendered":"\n<p>SANTO DOMINGO,&nbsp; el &nbsp;31 de agosto de 1863, durante la Guerra de la Restauraci\u00f3n, las fuerzas restauradoras continuaron su avance contra las tropas militares del Gobierno de la Anexi\u00f3n.<\/p>\n\n\n\n<p>&nbsp;&nbsp;&nbsp; &nbsp;&nbsp;&nbsp;&nbsp;&nbsp; El &nbsp;\u00abManual de Historia Militar Dominicana\u00bb, registra que \u00abpara el 31 de Agosto pr\u00e1cticamente todos los pueblos del&nbsp; Cibao se encontraban bajo el control de los restauradores, incluyendo Moca, en donde se tuvo que recurrir al incendio para obtener la rendici\u00f3n de la guarnici\u00f3n espa\u00f1ola destacada all\u00ed, la cual resisti\u00f3&nbsp; el ataque de los criollos desde las 10:00 horas hasta las 15:00 horas, despu\u00e9s de haber perecido la tercera parte de la guarnici\u00f3n.<\/p>\n\n\n\n<p>&nbsp;&nbsp; &nbsp;&nbsp;&nbsp;&nbsp;&nbsp;&nbsp; \u00abTodo estaba preparado para el enfrentamiento de los dos ej\u00e9rcitos dis\u00edmiles: uno con tecnolog\u00eda m\u00e1s avanzada en su armamento, m\u00e1s disciplinado y el otro, m\u00e1s numeroso y con la firme voluntad de restaurar la Independencia Nacional\u00bb.<\/p>\n\n\n\n<p>&nbsp;&nbsp;&nbsp; &nbsp;&nbsp;&nbsp;&nbsp;&nbsp; El informe militar precisa que esa fase se caracteriza porque el conflicto adquiere ciertos visos de convencionalidad, pues las fuerzas insurgentes combaten en condiciones similares a las del Gobierno, aunque persiste el m\u00e9todo de Guerra de Guerrillas.<\/p>\n\n\n\n<p>&nbsp;&nbsp;&nbsp; &nbsp;&nbsp;&nbsp;&nbsp;&nbsp; \u00abEn el caso de la Guerra de la Restauraci\u00f3n, despu\u00e9s de las victorias de los dominicanos, en los combates de la l\u00ednea noroeste, a partir del 16 de agosto, el general Gaspar Polanco reuni\u00f3 aproximadamente unos 6, 000 hombres con quienes se dispuso a avanzar hacia&nbsp; Santiago.<\/p>\n\n\n\n<p>&nbsp;&nbsp; &nbsp;&nbsp;&nbsp;&nbsp;&nbsp;&nbsp; \u00abEnterado el Gobernador Manuel Buceta de estas actividades se prepar\u00f3 para hacerle frente con el siguiente dispositivo: una compa\u00f1\u00eda del Batall\u00f3n Victoria; una compa\u00f1\u00eda del Batall\u00f3n San Quint\u00edn, 77 jinetes del Escuadr\u00f3n de Africa, un ob\u00fas de la bater\u00eda de Monta\u00f1a y voluntarios del pa\u00eds. Adem\u00e1s del brigadier Buceta, iban como jefes de las tropas espa\u00f1olas los generales Abad Alfau y Jos\u00e9 Hungr\u00eda\u00bb.<\/p>\n\n\n\n<p>&nbsp;&nbsp;&nbsp; El mismo d\u00eda 31 de agosto se encontraron las fuerzas en &nbsp;Gurabito, Santiago de los Caballeros.&nbsp; El informe militar anota que \u00abA las 11:00 horas, los patriotas restauradores lanzaron un sorpresivo ataque que encontr\u00f3 desprevenidos a los espa\u00f1oles, cuya caballer\u00eda, comandada por los capitanes&nbsp; R\u00edos y Albert, hab\u00eda resultado una digna rival en la&nbsp; Batalla de Guayacanes, se repleg\u00f3 ante la embestida de los macheteros dominicanos dejando las unidades de infanter\u00eda y la pieza de artiller\u00eda a merced de los patriotas restauradores, quienes no vacilaron&nbsp; en atacarlos &nbsp;ferozmente, oblig\u00e1ndolos a replegarse y capturando el ob\u00fas\u00bb.<\/p>\n\n\n\n<p>&nbsp;&nbsp;&nbsp; A su vez, las fuerzas del General Gaspar Polanco se apoderaron de las avenidas de aproximaci\u00f3n quedando los espa\u00f1oles reducidos en el Fuerte de San Luis, El Castillo y la C\u00e1rcel Vieja.<\/p>\n\n\n\n<p>&nbsp;&nbsp;&nbsp; &nbsp;&nbsp;&nbsp;&nbsp;&nbsp; El mismo d\u00eda 31 de agosto, lleg\u00f3 a Puerto Plata, el&nbsp; vapor Isabel II, con otros&nbsp; refuerzos militares espa\u00f1oles, esta vez procedente de la Habana, Cuba. Antes se hab\u00edan producido otros desembarcos en Puerto Plata: uno el d\u00eda 27 procedente de Cuba y otro el d\u00eda 30, de Puerto Rico.<\/p>\n\n\n\n<p>&nbsp;&nbsp;&nbsp; &nbsp;&nbsp;&nbsp;&nbsp;&nbsp; Tambi\u00e9n lleg\u00f3 a Puerto Plata, procedente de Santo Domingo, en el vapor Hern\u00e1n Cort\u00e9s, el Coronel Mariano Cappa, enviado por el general Ribero con orden de organizar una columna&nbsp; y marchar sobre Santiago, mientras el general Pedro Santana organizaba la gente de El Seibo, para establecer el cord\u00f3n que deb\u00eda contener la revoluci\u00f3n dentro de los l\u00edmites del Cibao, cuyo mando superior hab\u00eda sido confiado al General Antonio Abad Alfau desde el 24 de agosto, cuando el General Ribero declar\u00f3 el estado de sitio en el territorio dominicano como reacci\u00f3n a los triunfos&nbsp; de los restauradores.<\/p>\n\n\n\n<p>&nbsp;&nbsp;&nbsp; &nbsp;&nbsp;&nbsp;&nbsp;&nbsp; El historiador Jos\u00e9 Gabriel Garc\u00eda anota que el Coronel Cappa form\u00f3 su columna&nbsp; con los batallones de&nbsp; Puerto Rico y cazadores de Isabel II, dos compa\u00f1\u00edas del Batall\u00f3n de Cuba, cuatro de la Corona, dos piezas de monta\u00f1a y cien hombres de las reservas dominicanas al mando del general Juan Suero, que iniciar\u00eda su marcha el d\u00eda 1 de septiembre.<\/p>\n\n\n\n<p>&nbsp;&nbsp;&nbsp; &nbsp;&nbsp;&nbsp;&nbsp;&nbsp; El&nbsp; 30 de agosto las&nbsp; fuerzas restauradoras&nbsp; al mando del coronel Santiago Sosa hab\u00edan tomado&nbsp; el control &nbsp;&nbsp;de Moca.<\/p>\n\n\n\n<p>&nbsp;&nbsp; &nbsp;&nbsp;&nbsp;&nbsp;&nbsp;&nbsp; Una versi\u00f3n de la \u00e9poca&nbsp; destaca que la guarnici\u00f3n espa\u00f1ola&nbsp; que representaba al Gobierno de la Anexi\u00f3n en Moca, se defendi\u00f3 con denuedo, \u00abprimero en el cuartel y despu\u00e9s en la iglesia\u00bb, cuyos edificios fueron incendiados.<\/p>\n\n\n\n<p>&nbsp;&nbsp; &nbsp;&nbsp;&nbsp;&nbsp;&nbsp;&nbsp; El historiador Jos\u00e9 Gabriel&nbsp; Garc\u00eda anota&nbsp; que&nbsp; Moca&nbsp; \u00abhab\u00eda ca\u00eddo desde el 30 de agosto en poder del&nbsp; coronel Santiago Sosa, \u00e1 quien acompa\u00f1aban&nbsp; los comandantes Pedro y Juan de Jes\u00fas Salcedo, y el intransigente&nbsp; Manuel Rodr\u00edguez, acusado de salvaje crueldad, entre otras cosas, por no haber dado cuartel&nbsp; ni al comandante F\u00e9lix Sosa, ni al teniente de San Quint\u00edn que&nbsp; mandaba las fuerzas vencidas.<\/p>\n\n\n\n<p>&nbsp;&nbsp; &nbsp;&nbsp;&nbsp;&nbsp;&nbsp;&nbsp; \u00abTodo el Cibao, en fin, estaba en armas, y la bandera del 27 de febrero de 1844,&nbsp; desplegada en Capotillo el 16 de agosto de 1863, por los merodeadores de las fronteras, que como por encanto se hab\u00edan convertido en ej\u00e9rcito revolucionario, iba recuperando, una \u00e1 una, en marcha triunfal, las astas gloriosas de donde hab\u00eda sido arriada violentamente el 18 de marzo de 1861\u00bb. (sic)<\/p>\n","protected":false},"excerpt":{"rendered":"<p>SANTO DOMINGO,&nbsp; el &nbsp;31 de agosto de 1863, durante la Guerra de la Restauraci\u00f3n, las fuerzas restauradoras continuaron su avance contra las tropas militares del Gobierno de la Anexi\u00f3n. &nbsp;&nbsp;&nbsp; &nbsp;&nbsp;&nbsp;&nbsp;&nbsp; El &nbsp;\u00abManual de Historia Militar Dominicana\u00bb, registra que \u00abpara el 31 de Agosto pr\u00e1cticamente todos los pueblos del&nbsp; Cibao se encontraban bajo el control [&hellip;]<\/p>\n","protected":false},"author":28,"featured_media":312068,"comment_status":"closed","ping_status":"","sticky":true,"template":"","format":"standard","meta":{"footnotes":""},"categories":[26,27],"tags":[],"class_list":["post-379878","post","type-post","status-publish","format-standard","has-post-thumbnail","hentry","category-efemerides","category-portada"],"_links":{"self":[{"href":"https:\/\/diariodominicano.com\/index.php?rest_route=\/wp\/v2\/posts\/379878","targetHints":{"allow":["GET"]}}],"collection":[{"href":"https:\/\/diariodominicano.com\/index.php?rest_route=\/wp\/v2\/posts"}],"about":[{"href":"https:\/\/diariodominicano.com\/index.php?rest_route=\/wp\/v2\/types\/post"}],"author":[{"embeddable":true,"href":"https:\/\/diariodominicano.com\/index.php?rest_route=\/wp\/v2\/users\/28"}],"replies":[{"embeddable":true,"href":"https:\/\/diariodominicano.com\/index.php?rest_route=%2Fwp%2Fv2%2Fcomments&post=379878"}],"version-history":[{"count":2,"href":"https:\/\/diariodominicano.com\/index.php?rest_route=\/wp\/v2\/posts\/379878\/revisions"}],"predecessor-version":[{"id":379896,"href":"https:\/\/diariodominicano.com\/index.php?rest_route=\/wp\/v2\/posts\/379878\/revisions\/379896"}],"wp:featuredmedia":[{"embeddable":true,"href":"https:\/\/diariodominicano.com\/index.php?rest_route=\/wp\/v2\/media\/312068"}],"wp:attachment":[{"href":"https:\/\/diariodominicano.com\/index.php?rest_route=%2Fwp%2Fv2%2Fmedia&parent=379878"}],"wp:term":[{"taxonomy":"category","embeddable":true,"href":"https:\/\/diariodominicano.com\/index.php?rest_route=%2Fwp%2Fv2%2Fcategories&post=379878"},{"taxonomy":"post_tag","embeddable":true,"href":"https:\/\/diariodominicano.com\/index.php?rest_route=%2Fwp%2Fv2%2Ftags&post=379878"}],"curies":[{"name":"wp","href":"https:\/\/api.w.org\/{rel}","templated":true}]}}