{"id":37982,"date":"2020-07-19T23:40:15","date_gmt":"2020-07-19T23:40:15","guid":{"rendered":"http:\/\/diariodominicano.ddns.net\/?p=37982"},"modified":"2020-07-19T23:40:15","modified_gmt":"2020-07-19T23:40:15","slug":"una-historia-de-reconstruccion","status":"publish","type":"post","link":"https:\/\/diariodominicano.com\/?p=37982","title":{"rendered":"UNA HISTORIA DE RECONSTRUCCI\u00d3N"},"content":{"rendered":"<p><body><\/p>\n<p><strong>Diariodominicano.com<\/strong><\/p>\n<p><strong>ALGO M\u00c1S QUE PALABRAS<\/strong><\/p>\n<p><strong>UNA HISTORIA DE RECONSTRUCCI\u00d3N <\/strong><\/p>\n<p><strong>\u00abCualquier camino ha de mantenerse en continua reparaci\u00f3n\u00bb <\/strong><\/p>\n<\/p>\n<p>=============================<\/p>\n<p>V\u00edctor CORCOBA HERRERO\/ Escritor<\/p>\n<p>corcoba@telefonica.net\t<\/p>\n<p>============================= <\/p>\n<\/p>\n<p>\tNo puede haber reconstrucci\u00f3n de nada si el coraz\u00f3n permanece cerrado. El \u00edmpetu est\u00e1 en el alma, no en la mente. Tenemos que abrirnos a la faena del compartir y del donarse. Nos debemos a los dem\u00e1s y estamos obligados a tomar conciencia del sentido de la solidaridad humana. Organizar esta realidad que hoy vivimos como linaje nos exige cooperar, estar siempre en guardia, en disposici\u00f3n de tender la mano. De lo contrario, la especie como tal desaparecer\u00e1 por s\u00ed misma, fruto del caos reinante y del desequilibrio con la naturaleza, adem\u00e1s de la divisi\u00f3n entre an\u00e1logos, propiciada en parte esta fragmentaci\u00f3n por gobernanzas injustas, muchos de estos gobiernos sumidos en ese esp\u00edritu corrupto que todo lo vicia, incapaces de combatir los flujos il\u00edcitos de bienes y servicios, as\u00ed como de poner coto a la siembra de tanta violencia absurda y crimen organizado. Nunca es tarde, por tanto, para el arrepentimiento y la reposici\u00f3n. Cualquier camino ha de mantenerse en continua reparaci\u00f3n. Con voluntad todo tiene arreglo.<\/p>\n<\/p>\n<p>\tLa restauraci\u00f3n siempre ser\u00e1 posible, mientras tengamos camino viviente con el que podamos esperanzarnos. Ser\u00e1 cuando se garantice que el poder no es m\u00e1s que un ofrecimiento de servicio, un deber de generosidad, que nos exige saber dominar su uso para no caer en algo opresor, pues todo ha de cimentarse en la igualdad de derechos y oportunidades para todos. Quiz\u00e1s tengamos que mundializar el pacto, mediante un nuevo modelo de gobernanza universal, que indudablemente ha de basarse en la escucha a todos, con sistemas incluyentes y ecu\u00e1nimes, con est\u00edmulos fiscales a proyectos de solidaridad y de energ\u00edas limpias, fortaleciendo siempre los mecanismos de rendici\u00f3n de cuentas. Es el encuentro entre semejantes, sus latidos conjugados, los que nos dan aliento y hace que nos levantemos, que miremos a nuestro alrededor, y hasta que lloremos de alegr\u00eda, porque la tristeza es lo que realmente nos debilita.<\/p>\n<\/p>\n<p>\tEn efecto, no hay que tenerle miedo al complejo panorama de hoy, puesto que la tragedia humana del COVID-19, tambi\u00e9n nos est\u00e1 ofreciendo una oportunidad de repensar sobre nosotros mismos, y sobre aquello que nos circunda. Por desgracia, las expectativas de vida suelen ser determinadas por las circunstancias en las que uno nace, la familia a la que pertenece, el g\u00e9nero y tantos otros factores discriminatorios, que coloca a determinadas personas en situaci\u00f3n de inferioridad; puesto que mientras unos caminan con suelas de oro, otros van descalzos; o mientras uno viajan en yates de lujo, otros se dejan la vida en el mar, con m\u00edseras lanchas,  intentando abrazar otros horizontes que les dignifique y les libere de la agon\u00eda, hallando la muerte sin m\u00e1s. Son estos aires segregacionistas, los que m\u00e1s pronto que tarde, han de ser barridos de la faz de la tierra. Pongamos en pr\u00e1ctica, lo que ya dijo en su momento, el novelista franc\u00e9s V\u00edctor Hugo (1802-1885), de que \u00abno hay m\u00e1s que un poder: la conciencia al servicio de la justicia\u00bb. Tal vez, el rescate m\u00e1s necesario y sublime,  sea ponernos todos al servicio de lo aut\u00e9ntico. Dejemos de mentirnos, que cuanto m\u00e1s rueda la bola de la apariencia, m\u00e1s nos ahorcamos. <\/p>\n<\/p>\n<p>\tPermitirnos eclipsar por el maldito enga\u00f1o es una forma de destruirnos el alma, que demolida tampoco siente ni padece por nada, pero que en este desorden en el que nos movemos, tambi\u00e9n llevamos en esa culpa la pena. Son tantas las desolaciones, que la pandemia probablemente incrementar\u00e1 a\u00fan m\u00e1s la pobreza y la desigualdad en el mundo, lo que dejar\u00eda al descubierto la falta de criterio y actuaci\u00f3n conjunta ante las deficiencias de los sistemas sanitarios, la precariedad del empleo y la ausencia de oportunidades para esa gente que el mismo sistema excluye.  Por eso, es el momento de la acci\u00f3n, de aspirar a transformar el mundo, haci\u00e9ndolo m\u00e1s verde y sostenible, m\u00e1s de todos y de nadie, sabiendo que lo importante no es lo que queda por hacer, sino lo que se aspira a hacer, para salir de esta econom\u00eda excluyente, diciendo un \u00a1no rotundo! a un dinero que somete en lugar de servir. As\u00ed, se manifiesta un deseo de participaci\u00f3n de numerosos ciudadanos que quieren ser o\u00eddos, como ese mundo privilegiado y formar parte de esa historia de reconstrucci\u00f3n en la que estamos inmersos. \u00a1No apartemos a nadie! Seamos familia, renazcamos como tal, \u00a1d\u00e9monos vida, coraz\u00f3n a coraz\u00f3n!<\/p>\n<\/p>\n<p>V\u00edctor CORCOBA HERRERO \/ Escritor<\/p>\n<p>corcoba@telefonica.net<\/p>\n<p>19 de julio de 2020.-<\/p>\n<h6> 2020-07-19 23:40:15 <\/h6>\n<p><!--\n<link rel=\"stylesheet\" href=\"css\/bootstrap.min.css\">\n\n\n<ul class=\"pagination\">\n\t    \n\t\n\n<li >\n\t<a href='?page_no=143'>Previous<\/a>\n\t<\/li>\n\n\n       \n    \n\n<li><a href='?page_no=1'>1<\/a><\/li>\n\n\n\n<li><a href='?page_no=2'>2<\/a><\/li>\n\n\n\n<li><a>...<\/a><\/li>\n\n\n\n<li><a href='?page_no=142'>142<\/a><\/li>\n\n\n\n<li><a href='?page_no=143'>143<\/a><\/li>\n\n\n\n<li class='active'><a>144<\/a><\/li>\n\n\n\n<li><a href='?page_no=145'>145<\/a><\/li>\n\n\n\n<li><a href='?page_no=146'>146<\/a><\/li>\n\n\n\n<li><a>...<\/a><\/li>\n\n\n\n<li><a href='?page_no=13611'>13611<\/a><\/li>\n\n\n\n<li><a href='?page_no=13612'>13612<\/a><\/li>\n\n    \n\t\n\n<li >\n\t<a href='?page_no=145'>Next<\/a>\n\t<\/li>\n\n\n    \n\n<li><a href='?page_no=13612'>Last &rsaquo;&rsaquo;<\/a><\/li>\n\n<\/ul>\n\n\n--><br \/>\n<\/body><\/p>\n","protected":false},"excerpt":{"rendered":"<p>Diariodominicano.com ALGO M\u00c1S QUE PALABRAS UNA HISTORIA DE RECONSTRUCCI\u00d3N \u00abCualquier camino ha de mantenerse en continua reparaci\u00f3n\u00bb ============================= V\u00edctor CORCOBA HERRERO\/ Escritor corcoba@telefonica.net ============================= No puede haber reconstrucci\u00f3n de nada si el coraz\u00f3n permanece cerrado. El \u00edmpetu est\u00e1 en el alma, no en la mente. Tenemos que abrirnos a la faena del compartir y del [&hellip;]<\/p>\n","protected":false},"author":3,"featured_media":0,"comment_status":"open","ping_status":"open","sticky":false,"template":"","format":"standard","meta":{"footnotes":""},"categories":[16],"tags":[],"class_list":["post-37982","post","type-post","status-publish","format-standard","hentry","category-opiniones"],"_links":{"self":[{"href":"https:\/\/diariodominicano.com\/index.php?rest_route=\/wp\/v2\/posts\/37982","targetHints":{"allow":["GET"]}}],"collection":[{"href":"https:\/\/diariodominicano.com\/index.php?rest_route=\/wp\/v2\/posts"}],"about":[{"href":"https:\/\/diariodominicano.com\/index.php?rest_route=\/wp\/v2\/types\/post"}],"author":[{"embeddable":true,"href":"https:\/\/diariodominicano.com\/index.php?rest_route=\/wp\/v2\/users\/3"}],"replies":[{"embeddable":true,"href":"https:\/\/diariodominicano.com\/index.php?rest_route=%2Fwp%2Fv2%2Fcomments&post=37982"}],"version-history":[{"count":0,"href":"https:\/\/diariodominicano.com\/index.php?rest_route=\/wp\/v2\/posts\/37982\/revisions"}],"wp:attachment":[{"href":"https:\/\/diariodominicano.com\/index.php?rest_route=%2Fwp%2Fv2%2Fmedia&parent=37982"}],"wp:term":[{"taxonomy":"category","embeddable":true,"href":"https:\/\/diariodominicano.com\/index.php?rest_route=%2Fwp%2Fv2%2Fcategories&post=37982"},{"taxonomy":"post_tag","embeddable":true,"href":"https:\/\/diariodominicano.com\/index.php?rest_route=%2Fwp%2Fv2%2Ftags&post=37982"}],"curies":[{"name":"wp","href":"https:\/\/api.w.org\/{rel}","templated":true}]}}