{"id":379653,"date":"2022-08-30T00:49:04","date_gmt":"2022-08-30T04:49:04","guid":{"rendered":"http:\/\/diariodominicano.com\/?p=379653"},"modified":"2022-08-30T00:57:14","modified_gmt":"2022-08-30T04:57:14","slug":"restauradores-toman-el-control-de-moca-4","status":"publish","type":"post","link":"https:\/\/diariodominicano.com\/?p=379653","title":{"rendered":"Restauradores toman el control de Moca"},"content":{"rendered":"\n<p>Por H\u00e9ctor Tineo Nolasco<\/p>\n\n\n\n<p>Diariodominicano.com<\/p>\n\n\n\n<p>MOCA, el 30 de agosto de 1863, durante la Guerra de la Restauraci\u00f3n, fuerzas restauradoras al mando del coronel Santiago Sosa tomaron el control de Moca.<\/p>\n\n\n\n<p>&nbsp;&nbsp; &nbsp;&nbsp;&nbsp;&nbsp;&nbsp;&nbsp; Una versi\u00f3n destaca que la guarnici\u00f3n espa\u00f1ola que representaba al Gobierno de la Anexi\u00f3n en Moca, se defendi\u00f3 con denuedo, \u00abprimero en el cuartel y despu\u00e9s en la iglesia\u00bb, cuyos edificios fueron incendiados.<\/p>\n\n\n\n<p>&nbsp;&nbsp; &nbsp;&nbsp;&nbsp;&nbsp;&nbsp;<strong>&nbsp; El historiador Jos\u00e9 Gabriel&nbsp; Garc\u00eda anota&nbsp; que&nbsp; Moca&nbsp; \u00abhab\u00eda ca\u00eddo desde el 30 de agosto en poder del&nbsp; coronel Santiago Sosa, \u00e1 quien acompa\u00f1aban&nbsp; los comandantes Pedro y Juan de Jes\u00fas Salcedo, y el intransigente&nbsp; Manuel Rodr\u00edguez, acusado de salvaje crueldad, entre otras cosas, por no haber dado cuartel&nbsp; ni al comandante F\u00e9lix Sosa, ni al teniente de San Quint\u00edn que&nbsp; mandaba las fuerzas vencidas.<\/strong><\/p>\n\n\n\n<p>&nbsp;&nbsp; &nbsp;&nbsp;&nbsp;&nbsp;&nbsp;&nbsp; \u00abTodo el Cibao, en fin, estaba en armas, y la bandera del 27 de febrero de 1844,&nbsp; desplegada en Capotillo el 16 de agosto de 1863, por los merodeadores de las fronteras, que como por encanto se hab\u00edan convertido en ej\u00e9rcito revolucionario, iba recuperando, una \u00e1 una, en marcha triunfal, las astas gloriosas de donde hab\u00eda sido arriada violentamente el 18 de marzo de 1861\u00bb. (sic)<\/p>\n\n\n\n<p>&nbsp;&nbsp; &nbsp;&nbsp;&nbsp;&nbsp;&nbsp;&nbsp; El d\u00eda anterior, el 29 de agosto de 1863,&nbsp; las fuerzas anexionistas recibieron nuevos refuerzos militares con la llegada del Batall\u00f3n Puerto Rico, enviado por la Gobernaci\u00f3n Espa\u00f1ola en la isla de Puerto Rico.<\/p>\n\n\n\n<p>&nbsp;&nbsp;&nbsp;&nbsp;&nbsp; &nbsp;&nbsp;&nbsp; Los militares espa\u00f1oles llegaron a Puerto Plata, procedentes de Puerto Rico, en el vapor&nbsp; \u00abCorreo de Espa\u00f1a\u00bb.&nbsp;<\/p>\n\n\n\n<p>&nbsp;&nbsp;&nbsp; &nbsp;&nbsp;&nbsp;&nbsp;&nbsp; La disposici\u00f3n fue autorizada por el Gobernador de Puerto Rico, General&nbsp; Mesina. Fue el segundo refuerzo militar enviado por las gobernaciones de Espa\u00f1a en el Caribe para tratar de aplastar&nbsp; el&nbsp; movimiento restaurador.<\/p>\n\n\n\n<p>&nbsp;&nbsp;&nbsp; &nbsp;&nbsp;&nbsp;&nbsp;&nbsp; El d\u00eda 27 de agosto de 1863, llegaron a Puerto Plata,&nbsp; en el vapor \u00abIsabel&nbsp; II\u00bb, los primeros refuerzos militares espa\u00f1oles que se sumaron a los anexionistas que luchaban contra los restauradores en la l\u00ednea Noroeste y en varios puntos del pa\u00eds.<\/p>\n\n\n\n<p>&nbsp;&nbsp; &nbsp;&nbsp;&nbsp;&nbsp;&nbsp;&nbsp; Ese mismo d\u00eda, fuerzas dominicanas comandadas por el general Gregorio Lora, secundado por Juan Nouesit, tomaron a Puerto Plata.<\/p>\n\n\n\n<p>&nbsp;&nbsp;&nbsp; &nbsp;&nbsp;&nbsp;&nbsp;&nbsp; Los militares desembarcaron la media noche del d\u00eda&nbsp; 27 de agosto de 1863. El historiador Jos\u00e9 Gabriel Garc\u00eda refiere que de inmediato se lanzaron \u00abimpetuosas sobre las fuerzas restauradoras que ocupaban la plaza, las cuales resistieron con tenacidad procurando disputar palmo \u00e1 palmo el territorio que ocupaban; pero sus esfuerzos no le dieron el resultado apetecido y tuvieron que abandonarlo \u00e1 los invasores\u2026\u00bb (sic)<\/p>\n\n\n\n<p>&nbsp;&nbsp;&nbsp; &nbsp;&nbsp;&nbsp;&nbsp;&nbsp; Al llegar a Puerto Plata, la expedici\u00f3n espa\u00f1ola fue enfrentada por fuerzas restauradoras, pero por la superioridad num\u00e9rica y militar de los espa\u00f1oles, lograron retomar el control de la ciudad, ya que recibieron el apoyo de una parte de su poblaci\u00f3n.<\/p>\n\n\n\n<p>&nbsp;&nbsp;&nbsp; &nbsp;&nbsp;&nbsp;&nbsp;&nbsp; El&nbsp; d\u00eda 28 de agosto de 1863,&nbsp; las fuerzas restauradoras continuaron los enfrentamientos&nbsp; contra las tropas espa\u00f1olas acantonadas en Puerto Plata.<\/p>\n\n\n\n<p>&nbsp;&nbsp; &nbsp;&nbsp;&nbsp;&nbsp;&nbsp;&nbsp; Los dominicanos, comandados por el general Gregorio de Lora,&nbsp; iniciaron la lucha contra los militares anexionistas&nbsp; el d\u00eda 27&nbsp; de agosto de 1863,&nbsp; y el d\u00eda 28 lograron tomar el control del cuartel y la casa del Ayuntamiento de Puerto Plata, pero luego fueron desalojados por los refuerzos que recibieron los militares espa\u00f1oles de la colonia de Espa\u00f1a en&nbsp; Cuba.<\/p>\n\n\n\n<p>&nbsp;&nbsp;&nbsp;&nbsp; &nbsp;&nbsp;&nbsp;&nbsp; Al perder el cuartel y el Ayuntamiento, la guarnici\u00f3n de Espa\u00f1a&nbsp; se concentr\u00f3 en la Fortaleza de San Felipe, en Puerto Plata.<\/p>\n","protected":false},"excerpt":{"rendered":"<p>Por H\u00e9ctor Tineo Nolasco Diariodominicano.com MOCA, el 30 de agosto de 1863, durante la Guerra de la Restauraci\u00f3n, fuerzas restauradoras al mando del coronel Santiago Sosa tomaron el control de Moca. &nbsp;&nbsp; &nbsp;&nbsp;&nbsp;&nbsp;&nbsp;&nbsp; Una versi\u00f3n destaca que la guarnici\u00f3n espa\u00f1ola que representaba al Gobierno de la Anexi\u00f3n en Moca, se defendi\u00f3 con denuedo, \u00abprimero en [&hellip;]<\/p>\n","protected":false},"author":28,"featured_media":379658,"comment_status":"closed","ping_status":"","sticky":true,"template":"","format":"standard","meta":{"footnotes":""},"categories":[26,27],"tags":[],"class_list":["post-379653","post","type-post","status-publish","format-standard","has-post-thumbnail","hentry","category-efemerides","category-portada"],"_links":{"self":[{"href":"https:\/\/diariodominicano.com\/index.php?rest_route=\/wp\/v2\/posts\/379653","targetHints":{"allow":["GET"]}}],"collection":[{"href":"https:\/\/diariodominicano.com\/index.php?rest_route=\/wp\/v2\/posts"}],"about":[{"href":"https:\/\/diariodominicano.com\/index.php?rest_route=\/wp\/v2\/types\/post"}],"author":[{"embeddable":true,"href":"https:\/\/diariodominicano.com\/index.php?rest_route=\/wp\/v2\/users\/28"}],"replies":[{"embeddable":true,"href":"https:\/\/diariodominicano.com\/index.php?rest_route=%2Fwp%2Fv2%2Fcomments&post=379653"}],"version-history":[{"count":3,"href":"https:\/\/diariodominicano.com\/index.php?rest_route=\/wp\/v2\/posts\/379653\/revisions"}],"predecessor-version":[{"id":379660,"href":"https:\/\/diariodominicano.com\/index.php?rest_route=\/wp\/v2\/posts\/379653\/revisions\/379660"}],"wp:featuredmedia":[{"embeddable":true,"href":"https:\/\/diariodominicano.com\/index.php?rest_route=\/wp\/v2\/media\/379658"}],"wp:attachment":[{"href":"https:\/\/diariodominicano.com\/index.php?rest_route=%2Fwp%2Fv2%2Fmedia&parent=379653"}],"wp:term":[{"taxonomy":"category","embeddable":true,"href":"https:\/\/diariodominicano.com\/index.php?rest_route=%2Fwp%2Fv2%2Fcategories&post=379653"},{"taxonomy":"post_tag","embeddable":true,"href":"https:\/\/diariodominicano.com\/index.php?rest_route=%2Fwp%2Fv2%2Ftags&post=379653"}],"curies":[{"name":"wp","href":"https:\/\/api.w.org\/{rel}","templated":true}]}}