{"id":37960,"date":"2020-07-20T02:48:55","date_gmt":"2020-07-20T02:48:55","guid":{"rendered":"http:\/\/diariodominicano.ddns.net\/?p=37960"},"modified":"2020-07-20T02:48:55","modified_gmt":"2020-07-20T02:48:55","slug":"direccion-central-y-congresofuerza-del-pueblo","status":"publish","type":"post","link":"https:\/\/diariodominicano.com\/?p=37960","title":{"rendered":"\u00a1DIRECCI\u00d3N CENTRAL Y CONGRESO&#13;FUERZA DEL PUEBLO!"},"content":{"rendered":"<p><body><\/p>\n<p><strong><span class=\"text1noticias\">Diariodominicano.com<\/span><\/strong><\/p>\n<p><strong><span class=\"text1noticias\">\u00a1DIRECCI\u00d3N CENTRAL Y CONGRESO<\/span><\/strong><\/p>\n<p><strong><span class=\"text1noticias\">FUERZA DEL PUEBLO!<\/span><\/strong><\/p>\n<\/p>\n<p><strong><span class=\"text1noticias\">FRANKLIN ALMEYDA RANCIER<\/span><\/strong><\/p>\n<\/p>\n<p><span class=\"text1noticias\">Este s\u00e1bado pasado, 18 de julio, se reunieron un poco m\u00e1s de 600 miembros de la Direcci\u00f3n Central del ParFdo Fuerza del Pueblo, los cuales fueron juramentados por el Dr. Leonel Fern\u00e1ndez como integrantes provisionales hasta su elecci\u00f3n definiFva en el Congreso parFdario.<\/span><\/p>\n<\/p>\n<p><span class=\"text1noticias\">La primera decisi\u00f3n adoptada, fue aprobar la convocatoria de su primer Congreso.<\/span><\/p>\n<\/p>\n<p><span class=\"text1noticias\">Este evento llevar\u00e1 el nombre del profesor Juan Bosch, cuyo pensamiento y aportes en el contexto de las ideas pol\u00edFcas, consFtuyen un legado para el ParFdo Fuerza del Pueblo.<\/span><\/p>\n<\/p>\n<p><span class=\"text1noticias\">La celebraci\u00f3n del evento se acompa\u00f1a con la realizaci\u00f3n de foros de debates sobre las tem\u00e1Fcas que dan lugar a un congreso de esta naturaleza. Se trata de formular una variedad de documentos relaFvos, entre otros, a nuevos estatutos, declaraci\u00f3n de principios, l\u00edneas estrat\u00e9gicas de comunicaci\u00f3n, organizacionales, de propaganda, internacional, de formaci\u00f3n pol\u00edFca, de financiaci\u00f3n, de la mujer, juventud, etc.<\/span><\/p>\n<\/p>\n<p><span class=\"text1noticias\">Se ha concebido como todo un proceso; iniciar\u00e1 en noviembre y culminar\u00e1 en febrero. Meses que Fenen que ver con acontecimientos importantes de la patria, como son el d\u00eda de la ConsFtuci\u00f3n, del aniversario de Duarte, de la Independencia Nacional. En esos meses se realizar\u00e1n los foros tem\u00e1Fcos y para cierre del Primer Congreso Profesor Juan Bosch del ParFdo Fuerza del Pueblo, se realizar\u00e1n los<\/span><\/p>\n<p><span class=\"text1noticias\">eventos de escogencias de las direcciones definiFvas de los organismos parFdarios.<\/span><\/p>\n<\/p>\n<p><span class=\"text1noticias\">La Direcci\u00f3n Central aprob\u00f3 en esta, su primera reuni\u00f3n, dar mandato a la Direcci\u00f3n Pol\u00edFca para la formaci\u00f3n de una Comisi\u00f3n Organizadora del Congreso, integrada de manera plural y amplia y la elaboraci\u00f3n de un reglamento que norme los procedimientos y disposiciones para el montaje del evento.<\/span><\/p>\n<\/p>\n<p><span class=\"text1noticias\">Al surgir como organizaci\u00f3n pol\u00edFca cre\u00f3 un nuevo contexto pol\u00edFco-parFdario en el pa\u00eds, no s\u00f3lo por el peso pol\u00edFco del liderazgo del Dr. Leonel Fern\u00e1ndez y la capacidad de movilizaci\u00f3n y militancia de los hombres y mujeres que le acompa\u00f1an, sino sobre todo, porque sustenta una causa hist\u00f3rica nacional, como lo es la prevalencia y el respeto solemne a la ConsFtucion y con ella a la vigencia de un<\/span><\/p>\n<p><span class=\"text1noticias\">Estado social, democr\u00e1Fco y de derecho.<\/span><\/p>\n<\/p>\n<p><span class=\"text1noticias\">El proceso electoral aZpico reci\u00e9n celebrado, por realizarse en medio de una pandemia, cre\u00f3 impaciencia en importantes poderes f\u00e1cFcos, especialmente grupos  hegem\u00f3nicos de la econom\u00eda, que los indujeron a uFlizar sus medios para precipitar un resultado electoral en primera vuelta. Ellos no midieron consecuencias, buscaban salidas inmediatas; puede que hayan provocado un resultado con posibilidades de manejos y gobernabilidad poco diestros e inseguros.<\/span><\/p>\n<\/p>\n<p><span class=\"text1noticias\">Midieron los resultados econ\u00f3micos a corto plazo, pretendiendo ganancias inmediatas y no con visi\u00f3n estrat\u00e9gica relacion\u00e1ndolos con la gran crisis mundial y de mercado, creada por la Pandemia del Covid-19.<\/span><\/p>\n<\/p>\n<p><span class=\"text1noticias\">Les ha ocurri\u00f3 lo que a nuestros anFguos compa\u00f1eros del Comit\u00e9 Pol\u00edFco, que jugaron papel equivocado; no eran empresarios, sino dirigentes pol\u00edFcos; los empresarios ahora se meFeron en una decisi\u00f3n pol\u00edFca, pero son empresarios, no dirigentes pol\u00edFcos.<\/span><\/p>\n<\/p>\n<p><span class=\"text1noticias\">Los pr\u00f3ximos a\u00f1os se ven marcados con un gobierno neoliberal; si as\u00ed se comporta traer\u00e1 conflictos con su propia base parFdaria; tampoco podr\u00e1 solucionar las crisis derivadas del Covid-19, las cuales requieren pluralidad ideol\u00f3gica.<\/span><\/p>\n<\/p>\n<p><span class=\"text1noticias\">La Fuerza del Pueblo ser\u00e1 no s\u00f3lo la oposici\u00f3n para la gobernabilidad que facilite la recuperaci\u00f3n econ\u00f3mica y sanitaria, sino la estructura que el pueblo espera. Esa es tarea del Congreso. <\/span><\/p>\n<\/p>\n<\/p>\n<\/p>\n<h6> 2020-07-20 02:48:55 <\/h6>\n<p><!--\n<link rel=\"stylesheet\" href=\"css\/bootstrap.min.css\">\n\n\n<ul class=\"pagination\">\n\t    \n\t\n\n<li >\n\t<a href='?page_no=141'>Previous<\/a>\n\t<\/li>\n\n\n       \n    \n\n<li><a href='?page_no=1'>1<\/a><\/li>\n\n\n\n<li><a href='?page_no=2'>2<\/a><\/li>\n\n\n\n<li><a>...<\/a><\/li>\n\n\n\n<li><a href='?page_no=140'>140<\/a><\/li>\n\n\n\n<li><a href='?page_no=141'>141<\/a><\/li>\n\n\n\n<li class='active'><a>142<\/a><\/li>\n\n\n\n<li><a href='?page_no=143'>143<\/a><\/li>\n\n\n\n<li><a href='?page_no=144'>144<\/a><\/li>\n\n\n\n<li><a>...<\/a><\/li>\n\n\n\n<li><a href='?page_no=13611'>13611<\/a><\/li>\n\n\n\n<li><a href='?page_no=13612'>13612<\/a><\/li>\n\n    \n\t\n\n<li >\n\t<a href='?page_no=143'>Next<\/a>\n\t<\/li>\n\n\n    \n\n<li><a href='?page_no=13612'>Last &rsaquo;&rsaquo;<\/a><\/li>\n\n<\/ul>\n\n\n--><br \/>\n<\/body><\/p>\n","protected":false},"excerpt":{"rendered":"<p>Diariodominicano.com \u00a1DIRECCI\u00d3N CENTRAL Y CONGRESO FUERZA DEL PUEBLO! FRANKLIN ALMEYDA RANCIER Este s\u00e1bado pasado, 18 de julio, se reunieron un poco m\u00e1s de 600 miembros de la Direcci\u00f3n Central del ParFdo Fuerza del Pueblo, los cuales fueron juramentados por el Dr. Leonel Fern\u00e1ndez como integrantes provisionales hasta su elecci\u00f3n definiFva en el Congreso parFdario. La [&hellip;]<\/p>\n","protected":false},"author":3,"featured_media":0,"comment_status":"open","ping_status":"open","sticky":false,"template":"","format":"standard","meta":{"footnotes":""},"categories":[16],"tags":[],"class_list":["post-37960","post","type-post","status-publish","format-standard","hentry","category-opiniones"],"_links":{"self":[{"href":"https:\/\/diariodominicano.com\/index.php?rest_route=\/wp\/v2\/posts\/37960","targetHints":{"allow":["GET"]}}],"collection":[{"href":"https:\/\/diariodominicano.com\/index.php?rest_route=\/wp\/v2\/posts"}],"about":[{"href":"https:\/\/diariodominicano.com\/index.php?rest_route=\/wp\/v2\/types\/post"}],"author":[{"embeddable":true,"href":"https:\/\/diariodominicano.com\/index.php?rest_route=\/wp\/v2\/users\/3"}],"replies":[{"embeddable":true,"href":"https:\/\/diariodominicano.com\/index.php?rest_route=%2Fwp%2Fv2%2Fcomments&post=37960"}],"version-history":[{"count":0,"href":"https:\/\/diariodominicano.com\/index.php?rest_route=\/wp\/v2\/posts\/37960\/revisions"}],"wp:attachment":[{"href":"https:\/\/diariodominicano.com\/index.php?rest_route=%2Fwp%2Fv2%2Fmedia&parent=37960"}],"wp:term":[{"taxonomy":"category","embeddable":true,"href":"https:\/\/diariodominicano.com\/index.php?rest_route=%2Fwp%2Fv2%2Fcategories&post=37960"},{"taxonomy":"post_tag","embeddable":true,"href":"https:\/\/diariodominicano.com\/index.php?rest_route=%2Fwp%2Fv2%2Ftags&post=37960"}],"curies":[{"name":"wp","href":"https:\/\/api.w.org\/{rel}","templated":true}]}}