{"id":379416,"date":"2022-08-29T00:18:47","date_gmt":"2022-08-29T04:18:47","guid":{"rendered":"http:\/\/diariodominicano.com\/?p=379416"},"modified":"2022-08-29T08:20:43","modified_gmt":"2022-08-29T12:20:43","slug":"la-oposicion-busca-unidad-para-enfrentar-a-balaguer-3","status":"publish","type":"post","link":"https:\/\/diariodominicano.com\/?p=379416","title":{"rendered":"La oposici\u00f3n busca unidad para enfrentar a Balaguer"},"content":{"rendered":"\n<p>En la fotograf\u00eda el presidente Joaqu\u00edn Balaguer y el vicepresidente Francisco Augusto Lora en un acto p\u00fablico. A\u00fan no se planteaba la posibilidad de una ruptura pol\u00edtica.<\/p>\n\n\n\n<p>SANTO DOMINGO, el 29 de agosto de 1972, varios dirigentes de la oposici\u00f3n iniciaron conversaciones para formar un frente pol\u00edtico para enfrentar al Presidente Joaqu\u00edn Balaguer, quien era promovido por el Partido Reformista para una segunda reelecci\u00f3n presidencial.<\/p>\n\n\n\n<figure class=\"wp-block-image size-full\"><img loading=\"lazy\" decoding=\"async\" width=\"748\" height=\"498\" src=\"https:\/\/diariodominicano.com\/wp-content\/uploads\/2021\/06\/Juan-Bosch30-6-21.jpg\" alt=\"\" class=\"wp-image-284154\" srcset=\"https:\/\/diariodominicano.com\/wp-content\/uploads\/2021\/06\/Juan-Bosch30-6-21.jpg 748w, https:\/\/diariodominicano.com\/wp-content\/uploads\/2021\/06\/Juan-Bosch30-6-21-300x200.jpg 300w\" sizes=\"auto, (max-width: 748px) 100vw, 748px\" \/><\/figure>\n\n\n\n<pre class=\"wp-block-code\"><code> Entre las personalidades que se reunieron el 29 de agosto de 1972, se encontraban el l\u00edder del Partido Revolucionario Dominicano, el ex presidente Juan Bosch, el ex Presidente del Consejo de Estado, licenciado Rafael F. Bonelly, el presidente del Partido Revolucionario Social Cristiano, doctor Alfonso Moreno Mart\u00ednez y el ex vicepresidente Francisco Augusto Lora, presidente del Movimiento de Integraci\u00f3n Democr\u00e1tica (MIDA).\n<\/code><\/pre>\n\n\n\n<figure class=\"wp-block-embed is-type-wp-embed is-provider-diario-dominicano wp-block-embed-diario-dominicano\"><div class=\"wp-block-embed__wrapper\">\n<blockquote class=\"wp-embedded-content\" data-secret=\"JhV2GxfNO7\"><a href=\"https:\/\/diariodominicano.com\/?p=378916\">BLOQUE DE LA DIGNIDAD CREADO POR BOSCH<\/a><\/blockquote><iframe loading=\"lazy\" class=\"wp-embedded-content\" sandbox=\"allow-scripts\" security=\"restricted\" style=\"position: absolute; visibility: hidden;\" title=\"\u00abBLOQUE DE LA DIGNIDAD CREADO POR BOSCH\u00bb \u2014 Diario Dominicano\" src=\"https:\/\/diariodominicano.com\/?p=378916&#038;embed=true#?secret=W6KZooWxAj#?secret=JhV2GxfNO7\" data-secret=\"JhV2GxfNO7\" width=\"600\" height=\"338\" frameborder=\"0\" marginwidth=\"0\" marginheight=\"0\" scrolling=\"no\"><\/iframe>\n<\/div><\/figure>\n","protected":false},"excerpt":{"rendered":"<p>En la fotograf\u00eda el presidente Joaqu\u00edn Balaguer y el vicepresidente Francisco Augusto Lora en un acto p\u00fablico. A\u00fan no se planteaba la posibilidad de una ruptura pol\u00edtica. SANTO DOMINGO, el 29 de agosto de 1972, varios dirigentes de la oposici\u00f3n iniciaron conversaciones para formar un frente pol\u00edtico para enfrentar al Presidente Joaqu\u00edn Balaguer, quien era [&hellip;]<\/p>\n","protected":false},"author":28,"featured_media":378917,"comment_status":"closed","ping_status":"","sticky":true,"template":"","format":"standard","meta":{"footnotes":""},"categories":[26,27],"tags":[],"class_list":["post-379416","post","type-post","status-publish","format-standard","has-post-thumbnail","hentry","category-efemerides","category-portada"],"_links":{"self":[{"href":"https:\/\/diariodominicano.com\/index.php?rest_route=\/wp\/v2\/posts\/379416","targetHints":{"allow":["GET"]}}],"collection":[{"href":"https:\/\/diariodominicano.com\/index.php?rest_route=\/wp\/v2\/posts"}],"about":[{"href":"https:\/\/diariodominicano.com\/index.php?rest_route=\/wp\/v2\/types\/post"}],"author":[{"embeddable":true,"href":"https:\/\/diariodominicano.com\/index.php?rest_route=\/wp\/v2\/users\/28"}],"replies":[{"embeddable":true,"href":"https:\/\/diariodominicano.com\/index.php?rest_route=%2Fwp%2Fv2%2Fcomments&post=379416"}],"version-history":[{"count":5,"href":"https:\/\/diariodominicano.com\/index.php?rest_route=\/wp\/v2\/posts\/379416\/revisions"}],"predecessor-version":[{"id":379458,"href":"https:\/\/diariodominicano.com\/index.php?rest_route=\/wp\/v2\/posts\/379416\/revisions\/379458"}],"wp:featuredmedia":[{"embeddable":true,"href":"https:\/\/diariodominicano.com\/index.php?rest_route=\/wp\/v2\/media\/378917"}],"wp:attachment":[{"href":"https:\/\/diariodominicano.com\/index.php?rest_route=%2Fwp%2Fv2%2Fmedia&parent=379416"}],"wp:term":[{"taxonomy":"category","embeddable":true,"href":"https:\/\/diariodominicano.com\/index.php?rest_route=%2Fwp%2Fv2%2Fcategories&post=379416"},{"taxonomy":"post_tag","embeddable":true,"href":"https:\/\/diariodominicano.com\/index.php?rest_route=%2Fwp%2Fv2%2Ftags&post=379416"}],"curies":[{"name":"wp","href":"https:\/\/api.w.org\/{rel}","templated":true}]}}