{"id":379411,"date":"2022-08-29T00:16:07","date_gmt":"2022-08-29T04:16:07","guid":{"rendered":"http:\/\/diariodominicano.com\/?p=379411"},"modified":"2022-08-29T00:16:53","modified_gmt":"2022-08-29T04:16:53","slug":"espana-envia-nuevos-refuerzos-para-combatir-a-los-restauradores-2","status":"publish","type":"post","link":"https:\/\/diariodominicano.com\/?p=379411","title":{"rendered":"Espa\u00f1a env\u00eda nuevos refuerzos para combatir a los restauradores"},"content":{"rendered":"\n<p>El Monumento a los Pr\u00f3ceres de la Restauraci\u00f3n en Santiago.<\/p>\n\n\n\n<p>PUERTO PLATA, el&nbsp; 29 de agosto de 1863, durante la Guerra de la Restauraci\u00f3n,&nbsp; las fuerzas anexionistas recibieron nuevos refuerzos militares con la llegada del Batall\u00f3n Puerto Rico, enviado por la Gobernaci\u00f3n Espa\u00f1ola en la isla de Puerto Rico.<\/p>\n\n\n\n<p>&nbsp;&nbsp;&nbsp;&nbsp;&nbsp; Los militares espa\u00f1oles llegaron a Puerto Plata, procedentes de Puerto Rico, en el vapor&nbsp; \u00abCorreo de Espa\u00f1a\u00bb.&nbsp;<\/p>\n\n\n\n<p>&nbsp;&nbsp;&nbsp; La disposici\u00f3n fue autorizada por el Gobernador de Puerto Rico, General&nbsp; Mesina. Fue el segundo refuerzo militar enviados por las gobernaciones de Espa\u00f1a en el Caribe para tratar de aplastar&nbsp; el&nbsp; movimiento restaurador.<\/p>\n\n\n\n<p>&nbsp;&nbsp;&nbsp; El d\u00eda 27 de agosto de 1863, llegaron a Puerto Plata,&nbsp; en el vapor \u00abIsabel&nbsp; II\u00bb, los primeros refuerzos militares espa\u00f1oles que se sumaron a los anexionistas que luchaban contra los restauradores en la l\u00ednea Noroeste y en varios puntos del pa\u00eds.<\/p>\n\n\n\n<p>&nbsp;&nbsp; Ese mismo d\u00eda, fuerzas dominicanas comandadas por el general Gregorio Lora, secundado por Juan Nouesit, tomaron a Puerto Plata.<\/p>\n","protected":false},"excerpt":{"rendered":"<p>El Monumento a los Pr\u00f3ceres de la Restauraci\u00f3n en Santiago. PUERTO PLATA, el&nbsp; 29 de agosto de 1863, durante la Guerra de la Restauraci\u00f3n,&nbsp; las fuerzas anexionistas recibieron nuevos refuerzos militares con la llegada del Batall\u00f3n Puerto Rico, enviado por la Gobernaci\u00f3n Espa\u00f1ola en la isla de Puerto Rico. &nbsp;&nbsp;&nbsp;&nbsp;&nbsp; Los militares espa\u00f1oles llegaron a [&hellip;]<\/p>\n","protected":false},"author":28,"featured_media":379412,"comment_status":"closed","ping_status":"","sticky":true,"template":"","format":"standard","meta":{"footnotes":""},"categories":[26,27],"tags":[],"class_list":["post-379411","post","type-post","status-publish","format-standard","has-post-thumbnail","hentry","category-efemerides","category-portada"],"_links":{"self":[{"href":"https:\/\/diariodominicano.com\/index.php?rest_route=\/wp\/v2\/posts\/379411","targetHints":{"allow":["GET"]}}],"collection":[{"href":"https:\/\/diariodominicano.com\/index.php?rest_route=\/wp\/v2\/posts"}],"about":[{"href":"https:\/\/diariodominicano.com\/index.php?rest_route=\/wp\/v2\/types\/post"}],"author":[{"embeddable":true,"href":"https:\/\/diariodominicano.com\/index.php?rest_route=\/wp\/v2\/users\/28"}],"replies":[{"embeddable":true,"href":"https:\/\/diariodominicano.com\/index.php?rest_route=%2Fwp%2Fv2%2Fcomments&post=379411"}],"version-history":[{"count":3,"href":"https:\/\/diariodominicano.com\/index.php?rest_route=\/wp\/v2\/posts\/379411\/revisions"}],"predecessor-version":[{"id":379415,"href":"https:\/\/diariodominicano.com\/index.php?rest_route=\/wp\/v2\/posts\/379411\/revisions\/379415"}],"wp:featuredmedia":[{"embeddable":true,"href":"https:\/\/diariodominicano.com\/index.php?rest_route=\/wp\/v2\/media\/379412"}],"wp:attachment":[{"href":"https:\/\/diariodominicano.com\/index.php?rest_route=%2Fwp%2Fv2%2Fmedia&parent=379411"}],"wp:term":[{"taxonomy":"category","embeddable":true,"href":"https:\/\/diariodominicano.com\/index.php?rest_route=%2Fwp%2Fv2%2Fcategories&post=379411"},{"taxonomy":"post_tag","embeddable":true,"href":"https:\/\/diariodominicano.com\/index.php?rest_route=%2Fwp%2Fv2%2Ftags&post=379411"}],"curies":[{"name":"wp","href":"https:\/\/api.w.org\/{rel}","templated":true}]}}