{"id":379407,"date":"2022-08-29T00:10:01","date_gmt":"2022-08-29T04:10:01","guid":{"rendered":"http:\/\/diariodominicano.com\/?p=379407"},"modified":"2022-08-29T00:10:01","modified_gmt":"2022-08-29T04:10:01","slug":"amigos-de-juan-pablo-duarte-le-expresan-su-solidaridad","status":"publish","type":"post","link":"https:\/\/diariodominicano.com\/?p=379407","title":{"rendered":"Amigos de Juan Pablo Duarte le expresan su solidaridad"},"content":{"rendered":"\n<p>Por H\u00e9ctor Tineo Nolasco}<\/p>\n\n\n\n<p>Diariodominicano.com<\/p>\n\n\n\n<p>PUERTO PLATA, el 29 de agosto de 1844, Juan Pablo Duarte, en prisi\u00f3n en la Fortaleza San Felipe de Puerto Plata, fue visitado en la celda donde se encontraba recluido por el presb\u00edtero Manuel Gonz\u00e1lez Regalado Mu\u00f1oz, quien le expres\u00f3 su solidaridad.<\/p>\n\n\n\n<p>&nbsp;&nbsp;&nbsp; El religioso y Juan Pablo Duarte son amigos.<\/p>\n\n\n\n<p>&nbsp;&nbsp;&nbsp;&nbsp; Juan Pablo Duarte hab\u00eda sido arrestado el 27 de agosto de 1844, por una patrulla militar en&nbsp; Jamao, Puerto Plata, donde se encontraba&nbsp; escondido en la residencia de su amigo el ex oficial del Ej\u00e9rcito franc\u00e9s&nbsp; Pedro Eduardo Dubocq.<\/p>\n\n\n\n<p>&nbsp;&nbsp;&nbsp;&nbsp;&nbsp; La patrulla que apres\u00f3 a Juan Pablo Duarte, la comandaba el General Pedro Ram\u00f3n Mena, quien traslad\u00f3 al detenido a la Fortaleza San Felipe.<\/p>\n\n\n\n<p>&nbsp;&nbsp;&nbsp; En la prisi\u00f3n&nbsp; Duarte fue visitado adem\u00e1s del&nbsp;&nbsp; Presb\u00edtero Manuel Gonz\u00e1lez&nbsp; Regalado&nbsp; Mu\u00f1oz,&nbsp; por otros amigos, incluido&nbsp; el trinitario Juan Isidro P\u00e9rez.<\/p>\n","protected":false},"excerpt":{"rendered":"<p>Por H\u00e9ctor Tineo Nolasco} Diariodominicano.com PUERTO PLATA, el 29 de agosto de 1844, Juan Pablo Duarte, en prisi\u00f3n en la Fortaleza San Felipe de Puerto Plata, fue visitado en la celda donde se encontraba recluido por el presb\u00edtero Manuel Gonz\u00e1lez Regalado Mu\u00f1oz, quien le expres\u00f3 su solidaridad. &nbsp;&nbsp;&nbsp; El religioso y Juan Pablo Duarte son [&hellip;]<\/p>\n","protected":false},"author":28,"featured_media":369260,"comment_status":"closed","ping_status":"","sticky":true,"template":"","format":"standard","meta":{"footnotes":""},"categories":[26,27],"tags":[],"class_list":["post-379407","post","type-post","status-publish","format-standard","has-post-thumbnail","hentry","category-efemerides","category-portada"],"_links":{"self":[{"href":"https:\/\/diariodominicano.com\/index.php?rest_route=\/wp\/v2\/posts\/379407","targetHints":{"allow":["GET"]}}],"collection":[{"href":"https:\/\/diariodominicano.com\/index.php?rest_route=\/wp\/v2\/posts"}],"about":[{"href":"https:\/\/diariodominicano.com\/index.php?rest_route=\/wp\/v2\/types\/post"}],"author":[{"embeddable":true,"href":"https:\/\/diariodominicano.com\/index.php?rest_route=\/wp\/v2\/users\/28"}],"replies":[{"embeddable":true,"href":"https:\/\/diariodominicano.com\/index.php?rest_route=%2Fwp%2Fv2%2Fcomments&post=379407"}],"version-history":[{"count":1,"href":"https:\/\/diariodominicano.com\/index.php?rest_route=\/wp\/v2\/posts\/379407\/revisions"}],"predecessor-version":[{"id":379408,"href":"https:\/\/diariodominicano.com\/index.php?rest_route=\/wp\/v2\/posts\/379407\/revisions\/379408"}],"wp:featuredmedia":[{"embeddable":true,"href":"https:\/\/diariodominicano.com\/index.php?rest_route=\/wp\/v2\/media\/369260"}],"wp:attachment":[{"href":"https:\/\/diariodominicano.com\/index.php?rest_route=%2Fwp%2Fv2%2Fmedia&parent=379407"}],"wp:term":[{"taxonomy":"category","embeddable":true,"href":"https:\/\/diariodominicano.com\/index.php?rest_route=%2Fwp%2Fv2%2Fcategories&post=379407"},{"taxonomy":"post_tag","embeddable":true,"href":"https:\/\/diariodominicano.com\/index.php?rest_route=%2Fwp%2Fv2%2Ftags&post=379407"}],"curies":[{"name":"wp","href":"https:\/\/api.w.org\/{rel}","templated":true}]}}