{"id":37938,"date":"2020-07-23T00:34:07","date_gmt":"2020-07-23T00:34:07","guid":{"rendered":"http:\/\/diariodominicano.ddns.net\/?p=37938"},"modified":"2020-07-23T00:34:07","modified_gmt":"2020-07-23T00:34:07","slug":"salir-adelante","status":"publish","type":"post","link":"https:\/\/diariodominicano.com\/?p=37938","title":{"rendered":"&#13;Salir adelante"},"content":{"rendered":"<p><body><\/p>\n<p><strong>A Pleno Sol<\/strong><\/p>\n<p><strong>Salir adelante<\/strong><\/p>\n<p><strong>Por Manuel Hern\u00e1ndez Villeta<\/strong><\/p>\n<\/p>\n<\/p>\n<p>Se tiene que establecer un balance entre la apertura econ\u00f3mica, y la preservaci\u00f3n de la salud. Estamos en medio de una crisis econ\u00f3mica y una crisis de sanitaria. Por desgracia, las dos van a prevalecer en este momento.<\/p>\n<\/p>\n<p>El aislamiento que es obligatorio para poder evitar el crecimiento del n\u00famero de afectados por el corona-virus, bloquea la normalizaci\u00f3n de las actividades comerciales. Un pa\u00eds moderno no puede dejar que se ahogue su econom\u00eda.<\/p>\n<\/p>\n<p>De ser as\u00ed, los programas de lucha contra la pandemia se tendr\u00edan que paralizar. Lo que se debe es lograr un equilibrio entre la apertura comercial e industrial y la lucha contra la virulencia.<\/p>\n<\/p>\n<p>Lo m\u00e1s importante en todo terreno es la preservaci\u00f3n de la vida. Eso debe estar claro. Por encima de cualquier inter\u00e9s econ\u00f3mico, se impone el derecho a la preservaci\u00f3n de la vida y la salud.<\/p>\n<\/p>\n<p>No puede darse un confinamiento total, ni un toque de queda las 24 horas, porque ello ser\u00eda cerrar toda la actividad comercial, y tomando en cuenta la situaci\u00f3n nacional, ello ser\u00eda catastr\u00f3fico.<\/p>\n<\/p>\n<p>Donde s\u00ed se tienen que endurecer las medidas es en hacer respetar las disposiciones de protecci\u00f3n sanitaria. En horas de toque de queda no debe estar nadie en las calles, salvo aquellos casos muy espec\u00edficos autorizados por las autoridades.<\/p>\n<\/p>\n<p>En art\u00edculos anteriores nosotros pedimos el toque de queda de seis a seis. Ahora este se debe respetar de siete de la noche a cinco de la ma\u00f1ana. Esa restricci\u00f3n  juega su papel, pero tambi\u00e9n el cumplimiento de las medidas de exclusi\u00f3n y distanciamiento social durante el d\u00eda.<\/p>\n<\/p>\n<p>La lucha contra el corona-virus no es un problema personal, sino una situaci\u00f3n de soluciones colectivas. Las particularidades deben ser secundarias, porque nunca un capricho personal puede estar por encima de los intereses y el destino de la mayor\u00eda.<\/p>\n<\/p>\n<p>En esta antesala del infierno hay que ir pensando en reacondicionar la econom\u00eda y ver como se reintegra a sus puestos de trabajo a casi un mill\u00f3n de personas que est\u00e1n cesantes. El retorno al turismo, puede ser una tabla de salvaci\u00f3n.<\/p>\n<\/p>\n<p>Las remesas de los dominicanos que residen en el exterior, y el turismo son las columnas fundamentales de la econom\u00eda nacional. Pasamos hace a\u00f1os a ser un pa\u00eds de servicios, y no de prioridad agropecuaria. Una rehabilitaci\u00f3n tur\u00edstica permitir\u00eda un respiro a la crisis econ\u00f3mica.<\/p>\n<\/p>\n<p>Lo m\u00e1s importante es que todos pensemos que las soluciones tienen que ser consensuadas, pensando en el bien general de la poblaci\u00f3n, y sobre todo que es necesario sobrevivir a la pandemia. Podremos salir adelante, siempre que se mantenga un principio de unidad nacional. \u00a1Ay!, se me acab\u00f3 la tinta<\/p>\n<h6> 2020-07-23 00:34:07 <\/h6>\n<p><!--\n<link rel=\"stylesheet\" href=\"css\/bootstrap.min.css\">\n\n\n<ul class=\"pagination\">\n\t    \n\t\n\n<li >\n\t<a href='?page_no=139'>Previous<\/a>\n\t<\/li>\n\n\n       \n    \n\n<li><a href='?page_no=1'>1<\/a><\/li>\n\n\n\n<li><a href='?page_no=2'>2<\/a><\/li>\n\n\n\n<li><a>...<\/a><\/li>\n\n\n\n<li><a href='?page_no=138'>138<\/a><\/li>\n\n\n\n<li><a href='?page_no=139'>139<\/a><\/li>\n\n\n\n<li class='active'><a>140<\/a><\/li>\n\n\n\n<li><a href='?page_no=141'>141<\/a><\/li>\n\n\n\n<li><a href='?page_no=142'>142<\/a><\/li>\n\n\n\n<li><a>...<\/a><\/li>\n\n\n\n<li><a href='?page_no=13611'>13611<\/a><\/li>\n\n\n\n<li><a href='?page_no=13612'>13612<\/a><\/li>\n\n    \n\t\n\n<li >\n\t<a href='?page_no=141'>Next<\/a>\n\t<\/li>\n\n\n    \n\n<li><a href='?page_no=13612'>Last &rsaquo;&rsaquo;<\/a><\/li>\n\n<\/ul>\n\n\n--><br \/>\n<\/body><\/p>\n","protected":false},"excerpt":{"rendered":"<p>A Pleno Sol Salir adelante Por Manuel Hern\u00e1ndez Villeta Se tiene que establecer un balance entre la apertura econ\u00f3mica, y la preservaci\u00f3n de la salud. Estamos en medio de una crisis econ\u00f3mica y una crisis de sanitaria. Por desgracia, las dos van a prevalecer en este momento. El aislamiento que es obligatorio para poder evitar [&hellip;]<\/p>\n","protected":false},"author":3,"featured_media":0,"comment_status":"open","ping_status":"open","sticky":false,"template":"","format":"standard","meta":{"footnotes":""},"categories":[16],"tags":[],"class_list":["post-37938","post","type-post","status-publish","format-standard","hentry","category-opiniones"],"_links":{"self":[{"href":"https:\/\/diariodominicano.com\/index.php?rest_route=\/wp\/v2\/posts\/37938","targetHints":{"allow":["GET"]}}],"collection":[{"href":"https:\/\/diariodominicano.com\/index.php?rest_route=\/wp\/v2\/posts"}],"about":[{"href":"https:\/\/diariodominicano.com\/index.php?rest_route=\/wp\/v2\/types\/post"}],"author":[{"embeddable":true,"href":"https:\/\/diariodominicano.com\/index.php?rest_route=\/wp\/v2\/users\/3"}],"replies":[{"embeddable":true,"href":"https:\/\/diariodominicano.com\/index.php?rest_route=%2Fwp%2Fv2%2Fcomments&post=37938"}],"version-history":[{"count":0,"href":"https:\/\/diariodominicano.com\/index.php?rest_route=\/wp\/v2\/posts\/37938\/revisions"}],"wp:attachment":[{"href":"https:\/\/diariodominicano.com\/index.php?rest_route=%2Fwp%2Fv2%2Fmedia&parent=37938"}],"wp:term":[{"taxonomy":"category","embeddable":true,"href":"https:\/\/diariodominicano.com\/index.php?rest_route=%2Fwp%2Fv2%2Fcategories&post=37938"},{"taxonomy":"post_tag","embeddable":true,"href":"https:\/\/diariodominicano.com\/index.php?rest_route=%2Fwp%2Fv2%2Ftags&post=37938"}],"curies":[{"name":"wp","href":"https:\/\/api.w.org\/{rel}","templated":true}]}}