{"id":37926,"date":"2020-07-23T00:59:56","date_gmt":"2020-07-23T00:59:56","guid":{"rendered":"http:\/\/diariodominicano.ddns.net\/?p=37926"},"modified":"2020-07-23T00:59:56","modified_gmt":"2020-07-23T00:59:56","slug":"cuarentena-sin-politiqueria","status":"publish","type":"post","link":"https:\/\/diariodominicano.com\/?p=37926","title":{"rendered":"Cuarentena sin politiquer\u00eda"},"content":{"rendered":"<p><body><\/p>\n<p><strong>Diariodominicano.com<\/strong><\/p>\n<p><strong>VISI\u00d3N GLOBAL<\/strong><\/p>\n<p><strong>Por Nelson Encarnaci\u00f3n<\/strong><\/p>\n<p><strong>Cuarentena sin politiquer\u00eda<\/strong><\/p>\n<\/p>\n<p>La Rep\u00fablica Dominicana ha regresado a un cierre parcial por virtud de la reposici\u00f3n del estado de emergencia ante el recrudecimiento del coronavirus, una dr\u00e1stica medida que tiene varios responsables, el primero de los cuales es el Gobierno.<\/p>\n<\/p>\n<p>Aunque una mayor\u00eda de nosotros sabe que el Gobierno no actu\u00f3 a la altura de las circunstancias por estar empecinado en que su candidato ganara las elecciones, tambi\u00e9n los ciudadanos tenemos que cargar con una parte de la culpa de la situaci\u00f3n actual.<\/p>\n<\/p>\n<p>La conducta de la poblaci\u00f3n ha dejado mucho que desear. El levantamiento del estado de excepci\u00f3n a finales de junio pareci\u00f3 para miles de personas como si concomitantemente se hubiese decretado el fin de la pandemia, lo que dio lugar a un desenfreno de tal magnitud que las aglomeraciones han sido parte de la cotidianidad.<\/p>\n<\/p>\n<p>En beneficio de esa poblaci\u00f3n desenfrenada quiz\u00e1 debamos admitir que el fin de las medidas restrictivas funcion\u00f3 como el levantamiento de la compuerta de una represa, momento en el cual las aguas contenidas empiezan a fluir de manera torrencial.<\/p>\n<\/p>\n<p>Es decir, que los m\u00e1s dados a no entender el momento crucial por el que atraviesa la humanidad como consecuencia de la pandemia, dieron riendas a salir del constre\u00f1imiento emocional que significaron varios meses en cuarentena.<\/p>\n<\/p>\n<p>Esto era previsible, raz\u00f3n por la cual las autoridades estaban en la obligaci\u00f3n de adoptar todas las medidas que fuesen menester para garantizar la salud de los mismos desbordados, pero sobre todo de quienes han observado con pleno rigor las disposiciones del Gobierno.<\/p>\n<\/p>\n<p>En el estado en que nos encontramos, con la pandemia en su pico m\u00e1s alto, resulta que estamos amenazados por igual los desaprensivos como los obedientes de las disposiciones oficiales y del sentido com\u00fan.<\/p>\n<\/p>\n<p>Por otra parte, nadie se puede llamar a enga\u00f1os en el sentido de que la otra parte en la responsabilidad de la situaci\u00f3n?probablemente la mayor y menos excusable?la tiene la Administraci\u00f3n por no tomar, en principio, las medidas que aconsejaban las circunstancias, y luego por su lamentable laissez faire.<\/p>\n<\/p>\n<p>La \u00faltima semana de junio y primeros d\u00edas de este mes las autoridades permitieron todo desenfreno sin adoptar medidas dr\u00e1sticas, s\u00f3lo con el inter\u00e9s de no afectar los intereses electorales del Partido de la Liberaci\u00f3n Dominicana y sus candidatos, en particular el presidencial, a quien permitieron suplantar, en los hechos, al Gobierno.<\/p>\n<\/p>\n<p>La cosecha de esa desidia la recogemos hoy con los contagiados y fallecidos en aumento, sobre la escalofriante cifra de mil decesos, los hospitales al borde del colapso, la poblaci\u00f3n en p\u00e1nico y la pandemia en pleno auge, coloc\u00e1ndonos en la lista de los pa\u00edses de Am\u00e9rica Latina con mayor incidencia de COVID-19.<\/p>\n<\/p>\n<p>Nelsonencar10@gmail.com<\/p>\n<h6> 2020-07-23 00:59:56 <\/h6>\n<p><!--\n<link rel=\"stylesheet\" href=\"css\/bootstrap.min.css\">\n\n\n<ul class=\"pagination\">\n\t    \n\t\n\n<li >\n\t<a href='?page_no=138'>Previous<\/a>\n\t<\/li>\n\n\n       \n    \n\n<li><a href='?page_no=1'>1<\/a><\/li>\n\n\n\n<li><a href='?page_no=2'>2<\/a><\/li>\n\n\n\n<li><a>...<\/a><\/li>\n\n\n\n<li><a href='?page_no=137'>137<\/a><\/li>\n\n\n\n<li><a href='?page_no=138'>138<\/a><\/li>\n\n\n\n<li class='active'><a>139<\/a><\/li>\n\n\n\n<li><a href='?page_no=140'>140<\/a><\/li>\n\n\n\n<li><a href='?page_no=141'>141<\/a><\/li>\n\n\n\n<li><a>...<\/a><\/li>\n\n\n\n<li><a href='?page_no=13611'>13611<\/a><\/li>\n\n\n\n<li><a href='?page_no=13612'>13612<\/a><\/li>\n\n    \n\t\n\n<li >\n\t<a href='?page_no=140'>Next<\/a>\n\t<\/li>\n\n\n    \n\n<li><a href='?page_no=13612'>Last &rsaquo;&rsaquo;<\/a><\/li>\n\n<\/ul>\n\n\n--><br \/>\n<\/body><\/p>\n","protected":false},"excerpt":{"rendered":"<p>Diariodominicano.com VISI\u00d3N GLOBAL Por Nelson Encarnaci\u00f3n Cuarentena sin politiquer\u00eda La Rep\u00fablica Dominicana ha regresado a un cierre parcial por virtud de la reposici\u00f3n del estado de emergencia ante el recrudecimiento del coronavirus, una dr\u00e1stica medida que tiene varios responsables, el primero de los cuales es el Gobierno. Aunque una mayor\u00eda de nosotros sabe que el [&hellip;]<\/p>\n","protected":false},"author":3,"featured_media":0,"comment_status":"open","ping_status":"open","sticky":false,"template":"","format":"standard","meta":{"footnotes":""},"categories":[16],"tags":[],"class_list":["post-37926","post","type-post","status-publish","format-standard","hentry","category-opiniones"],"_links":{"self":[{"href":"https:\/\/diariodominicano.com\/index.php?rest_route=\/wp\/v2\/posts\/37926","targetHints":{"allow":["GET"]}}],"collection":[{"href":"https:\/\/diariodominicano.com\/index.php?rest_route=\/wp\/v2\/posts"}],"about":[{"href":"https:\/\/diariodominicano.com\/index.php?rest_route=\/wp\/v2\/types\/post"}],"author":[{"embeddable":true,"href":"https:\/\/diariodominicano.com\/index.php?rest_route=\/wp\/v2\/users\/3"}],"replies":[{"embeddable":true,"href":"https:\/\/diariodominicano.com\/index.php?rest_route=%2Fwp%2Fv2%2Fcomments&post=37926"}],"version-history":[{"count":0,"href":"https:\/\/diariodominicano.com\/index.php?rest_route=\/wp\/v2\/posts\/37926\/revisions"}],"wp:attachment":[{"href":"https:\/\/diariodominicano.com\/index.php?rest_route=%2Fwp%2Fv2%2Fmedia&parent=37926"}],"wp:term":[{"taxonomy":"category","embeddable":true,"href":"https:\/\/diariodominicano.com\/index.php?rest_route=%2Fwp%2Fv2%2Fcategories&post=37926"},{"taxonomy":"post_tag","embeddable":true,"href":"https:\/\/diariodominicano.com\/index.php?rest_route=%2Fwp%2Fv2%2Ftags&post=37926"}],"curies":[{"name":"wp","href":"https:\/\/api.w.org\/{rel}","templated":true}]}}