{"id":379120,"date":"2022-08-28T00:06:13","date_gmt":"2022-08-28T04:06:13","guid":{"rendered":"http:\/\/diariodominicano.com\/?p=379120"},"modified":"2022-08-28T00:36:30","modified_gmt":"2022-08-28T04:36:30","slug":"muere-en-la-habana-cuba-el-poeta-dominicano-fabio-fiallo","status":"publish","type":"post","link":"https:\/\/diariodominicano.com\/?p=379120","title":{"rendered":"Muere en La Habana, Cuba, el poeta dominicano Fabio Fiallo"},"content":{"rendered":"\n<p>Fabio Fiallo<\/p>\n\n\n\n<p>\u00a0\u00a0\u00a0Por H\u00e9ctor Tineo Nolasco<\/p>\n\n\n\n<p>Diariodominicano.com<\/p>\n\n\n\n<p>LA HABANA, Cuba, el 28 de agosto de 1942, falleci\u00f3 en la Habana, Cuba, el poeta dominicano Fabio Fiallo. Sus restos fueron sepultados en Santiago de Cuba.<\/p>\n\n\n\n<p>Fabio Fiallo se destac\u00f3 como un defensor de la soberan\u00eda dominicana y un cr\u00edtico de la dictadura de Trujillo. &nbsp;Sus restos fueron tra\u00eddos a Rep\u00fablica Dominicana en el a\u00f1o 1977 en virtud de un acuerdo del Gobierno de Cuba del presidente Fidel Castro y el dominicano del presidente Joaqu\u00edn Balaguer. Luego, en una ceremonia solemne fueron inhumados en el Cementerio Cristo Redentor, en el Distrito Nacional.<\/p>\n\n\n\n<p>Fabio Fiallo, naci\u00f3 en ciudad Santo Domingo, el 3 de febrero de 1866, hijo de Ram\u00f3n Enrique Fiallo Rodr\u00edguez y Ana Mar\u00eda Cabral Figueredo. &nbsp;&nbsp;Curs\u00f3 estudios en&nbsp; la Facultad de Derecho en el Instituto Profesional, pero su participaci\u00f3n&nbsp; pol\u00edtica y la poes\u00eda lo llevaron a&nbsp; dejar&nbsp; la carrera de derecho.<\/p>\n\n\n\n<p>&nbsp;Durante la intervenci\u00f3n militar de Estados Unidos a la Rep\u00fablica Dominicana, durante el per\u00edodo 1916-1924, fue un luchador por la salida del Gobierno de ocupaci\u00f3n, por lo que en varias ocasiones fue detenido por sus ideas patri\u00f3ticas y pol\u00edticas.<\/p>\n\n\n\n<p>Una fotograf\u00eda del&nbsp; poeta vestido de &nbsp;preso fue difundida en el pa\u00eds y en el exterior&nbsp; como denuncia&nbsp; de la represi\u00f3n pol\u00edtica que ejecutaba el Gobierno estadounidense de ocupaci\u00f3n 1916-1924.<\/p>\n\n\n\n<p>De su vida la enciclopedia Wikipedia&nbsp; resalta que desde muy joven cont\u00f3 con la orientaci\u00f3n pol\u00edtica de su padre, quien desde la administraci\u00f3n del Presidente General Jos\u00e9 Mar\u00eda Cabral y Luna form\u00f3 parte de importantes comisiones encargadas de negociar un Tratado de Paz, Amistad y Comercio entre&nbsp;<a href=\"http:\/\/es.wikipedia.org\/wiki\/Hait%C3%AD\">Hait\u00ed<\/a>&nbsp;y la <a href=\"http:\/\/es.wikipedia.org\/wiki\/Rep%C3%BAblica_Dominicana\">Rep\u00fablica Dominicana<\/a>.<\/p>\n\n\n\n<p>Luego de ingresar a la Facultad de Derecho en el Instituto Profesional, abandon\u00f3 sus estudios para dedicarse a la pol\u00edtica y a la poes\u00eda desde joven.&nbsp;<\/p>\n\n\n\n<p>Desempe\u00f1\u00f3&nbsp; funciones en el sector&nbsp; P\u00fablico desde diferentes posiciones del Gobierno de la Rep\u00fablica Dominicana, \u201centre ellos: Procurador Fiscal del Tribunal de Primera Instancia de Santo Domingo, Subsecretario de Interior y Polic\u00eda (1903), Comisionado Especial del Gobierno en Azua, Saman\u00e1 y Barahona (1904), C\u00f3nsul en La Habana (1905), en New York (1905) y en Hamburgo (1910), Gobernador de Santo Domingo (1913) y Miembro de la Comisi\u00f3n de Pensiones (1932).<\/p>\n\n\n\n<p>\u201cEstuvo casado en dos oportunidades, la primera con Prudencia Lluberes Contreras (Octubre de 1892) con quien procre\u00f3 a Prudencia Atala&nbsp; (1897), Le\u00f3n Octavio (1894), y a Rafael; sus segundas nupcias las contrajo con Mar\u00eda Bonetti Ernest (1905), con quien procre\u00f3 a Margarita,&nbsp; Fabio y Julia Amelia\u201d.<\/p>\n\n\n\n<p><strong>De su nacionalismo<\/strong><\/p>\n\n\n\n<p><strong>Wikipedia tambi\u00e9n anota <\/strong>que la&nbsp; actividad pol\u00edtica de Fabio Fiallo \u201climitaba su carrera de poeta. Estuvo preso por defender la nacionalidad dominicana ante la intervenci\u00f3n&nbsp;<a href=\"http:\/\/es.wikipedia.org\/wiki\/Estados_Unidos\">estadounidense<\/a>&nbsp;de&nbsp;<a href=\"http:\/\/es.wikipedia.org\/wiki\/1916\">1916<\/a>&nbsp;a&nbsp;<a href=\"http:\/\/es.wikipedia.org\/wiki\/1924\">1924<\/a>. Fue fundador de los peri\u00f3dicos El Hogar (<a href=\"http:\/\/es.wikipedia.org\/wiki\/1894\">1894<\/a>), La Bandera Libre (<a href=\"http:\/\/es.wikipedia.org\/wiki\/1899\">1899<\/a>), La Campa\u00f1a (<a href=\"http:\/\/es.wikipedia.org\/wiki\/1905\">1905<\/a>) y Las Noticias (<a href=\"http:\/\/es.wikipedia.org\/wiki\/1920\">1920<\/a>) y colaborador del List\u00edn Diario y El L\u00e1piz.<\/p>\n\n\n\n<p>\u201cFue apresado en los \u00faltimos meses de 1900 junto a Arturo Pellerano Alfau, director del List\u00edn Diario durante la escalada represiva contra la prensa del gobierno liberal de Juan Isidro Jimenes.&nbsp; Fue miembro de la Asociaci\u00f3n Nacional de la Prensa, dirigida en 1916 por Arturo J. Pellerano Alfau y a la que pertenecieron tambi\u00e9n Am\u00e9rico Lugo, Conrado S\u00e1nchez, Juan Dur\u00e1n, Manuel A. Machado y F\u00e9lix Evaristo Mej\u00eda, entre otros.&nbsp; A trav\u00e9s de esta agrupaci\u00f3n se realizaron las primeras denuncias a la comunidad internacional en oposici\u00f3n a la ocupaci\u00f3n de Estados Unidos en la Rep\u00fablica Dominicana.<\/p>\n\n\n\n<p>\u201cEn 1916, un simple comisario de polic\u00eda, recibiendo \u00f3rdenes del poder interventor, bajo el infundado alegato de estar involucrado en el movimiento revolucionario iniciado el 14 de abril que encabezaba Desiderio Arias, apres\u00f3 a Fiallo, siendo recluido en el homenaje (Fortaleza Ozama) junto al periodista venezolano Manuel Flores Cabrera, director del peri\u00f3dico Las Noticias. Fue condenado a cinco a\u00f1os de trabajo forzado y al pago de cinco mil pesos de multa, por haber publicado un art\u00edculo en el List\u00edn Diario antes de haberlo sometido a la comisi\u00f3n de censura. Pero la labor nacionalista de Fiallo no culmina con el fin de La Bandera Libre, sino que por el contrario se torn\u00f3 m\u00e1s radical y en el Congreso de la Prensa, celebrado en noviembre de 1920, propuso medidas radicales declarar \u00abtraidor a la Patria a cualquier individuo dominicano que acepte en cualquier circunstancia misi\u00f3n, empleo o cargo alguno en cualquier forma cooperara con el Gobierno interventor\u00bb y que el pueblo dominicano boicoteara el saludo, el trato y la palabra contra cualquier traidor dominicano\u201d.<\/p>\n\n\n\n<p>Fabio Fiallo fue&nbsp; fundador de los peri\u00f3dicos El Hogar, 1894, La Bandera Libre, 1899, La Campa\u00f1a, 1905, y Las Noticias, 1920.&nbsp;&nbsp;<\/p>\n\n\n\n<p>&nbsp;&nbsp;&nbsp;&nbsp; Entre las obras de Fabio Fiallo se destacan \u201cPrimavera Sentimental\u201d publicada en 1902,&nbsp; y&nbsp; \u201cPlan de Acci\u00f3n y Liberaci\u00f3n del Pueblo Dominicano, editada en 1922 y \u201cLa Comisi\u00f3n Nacionalista Dominicana en Washington\u201d, 1939.<\/p>\n\n\n\n<p>Asimismo, Fabio Fiallo fue &nbsp;colaborador&nbsp; de los peri\u00f3dicos&nbsp; List\u00edn Diario y El L\u00e1piz.<\/p>\n","protected":false},"excerpt":{"rendered":"<p>Fabio Fiallo \u00a0\u00a0\u00a0Por H\u00e9ctor Tineo Nolasco Diariodominicano.com LA HABANA, Cuba, el 28 de agosto de 1942, falleci\u00f3 en la Habana, Cuba, el poeta dominicano Fabio Fiallo. Sus restos fueron sepultados en Santiago de Cuba. Fabio Fiallo se destac\u00f3 como un defensor de la soberan\u00eda dominicana y un cr\u00edtico de la dictadura de Trujillo. &nbsp;Sus restos [&hellip;]<\/p>\n","protected":false},"author":28,"featured_media":379121,"comment_status":"closed","ping_status":"","sticky":true,"template":"","format":"standard","meta":{"footnotes":""},"categories":[26,27],"tags":[],"class_list":["post-379120","post","type-post","status-publish","format-standard","has-post-thumbnail","hentry","category-efemerides","category-portada"],"_links":{"self":[{"href":"https:\/\/diariodominicano.com\/index.php?rest_route=\/wp\/v2\/posts\/379120","targetHints":{"allow":["GET"]}}],"collection":[{"href":"https:\/\/diariodominicano.com\/index.php?rest_route=\/wp\/v2\/posts"}],"about":[{"href":"https:\/\/diariodominicano.com\/index.php?rest_route=\/wp\/v2\/types\/post"}],"author":[{"embeddable":true,"href":"https:\/\/diariodominicano.com\/index.php?rest_route=\/wp\/v2\/users\/28"}],"replies":[{"embeddable":true,"href":"https:\/\/diariodominicano.com\/index.php?rest_route=%2Fwp%2Fv2%2Fcomments&post=379120"}],"version-history":[{"count":3,"href":"https:\/\/diariodominicano.com\/index.php?rest_route=\/wp\/v2\/posts\/379120\/revisions"}],"predecessor-version":[{"id":379145,"href":"https:\/\/diariodominicano.com\/index.php?rest_route=\/wp\/v2\/posts\/379120\/revisions\/379145"}],"wp:featuredmedia":[{"embeddable":true,"href":"https:\/\/diariodominicano.com\/index.php?rest_route=\/wp\/v2\/media\/379121"}],"wp:attachment":[{"href":"https:\/\/diariodominicano.com\/index.php?rest_route=%2Fwp%2Fv2%2Fmedia&parent=379120"}],"wp:term":[{"taxonomy":"category","embeddable":true,"href":"https:\/\/diariodominicano.com\/index.php?rest_route=%2Fwp%2Fv2%2Fcategories&post=379120"},{"taxonomy":"post_tag","embeddable":true,"href":"https:\/\/diariodominicano.com\/index.php?rest_route=%2Fwp%2Fv2%2Ftags&post=379120"}],"curies":[{"name":"wp","href":"https:\/\/api.w.org\/{rel}","templated":true}]}}