{"id":379114,"date":"2022-08-28T00:00:06","date_gmt":"2022-08-28T04:00:06","guid":{"rendered":"http:\/\/diariodominicano.com\/?p=379114"},"modified":"2022-08-28T00:01:37","modified_gmt":"2022-08-28T04:01:37","slug":"varios-amigos-visitan-a-juan-pablo-duarte-en-la-carcel-fortaleza-san-felipe","status":"publish","type":"post","link":"https:\/\/diariodominicano.com\/?p=379114","title":{"rendered":"Varios amigos visitan a Juan Pablo Duarte detenido en la c\u00e1rcel Fortaleza San Felipe"},"content":{"rendered":"\n<p><strong>Por H\u00e9ctor Tineo Nolasco<\/strong><\/p>\n\n\n\n<p><strong>Diariodominicano.com<\/strong><\/p>\n\n\n\n<p>PUERTO PLATA, el 28 de agosto de 1844, Juan Pablo Duarte, detenido en la Fortaleza San Felipe de Puerto Plata, fue visitado por varios amigos entre los que se encontraron&nbsp;&nbsp; el Presb\u00edtero Manuel Gonz\u00e1lez Regalado y Mu\u00f1oz, y el trinitario Juan Isidro P\u00e9rez.<\/p>\n\n\n\n<p>&nbsp;Duarte fue arrestado el 27 de agosto de 1844, por una patrulla militar en Jamao, Puerto Plata, donde se encontraba escondido en la residencia de su amigo el ex oficial del Ej\u00e9rcito franc\u00e9s Pedro Eduardo Dubocq.<\/p>\n\n\n\n<p>&nbsp;&nbsp;&nbsp;&nbsp;&nbsp; La patrulla que apres\u00f3 a&nbsp; Duarte, la comandaba el General Pedro Ram\u00f3n Mena, quien traslad\u00f3 al detenido a la Fortaleza San Felipe.<\/p>\n\n\n\n<figure class=\"wp-block-image size-large\"><img loading=\"lazy\" decoding=\"async\" width=\"1024\" height=\"526\" src=\"https:\/\/diariodominicano.com\/wp-content\/uploads\/2021\/07\/Juan-Isidro-Perez-enfrenta-a-Santana-1024x526.jpg\" alt=\"\" class=\"wp-image-286996\" srcset=\"https:\/\/diariodominicano.com\/wp-content\/uploads\/2021\/07\/Juan-Isidro-Perez-enfrenta-a-Santana-1024x526.jpg 1024w, https:\/\/diariodominicano.com\/wp-content\/uploads\/2021\/07\/Juan-Isidro-Perez-enfrenta-a-Santana-300x154.jpg 300w, https:\/\/diariodominicano.com\/wp-content\/uploads\/2021\/07\/Juan-Isidro-Perez-enfrenta-a-Santana-768x395.jpg 768w, https:\/\/diariodominicano.com\/wp-content\/uploads\/2021\/07\/Juan-Isidro-Perez-enfrenta-a-Santana-1536x789.jpg 1536w, https:\/\/diariodominicano.com\/wp-content\/uploads\/2021\/07\/Juan-Isidro-Perez-enfrenta-a-Santana-2048x1052.jpg 2048w, https:\/\/diariodominicano.com\/wp-content\/uploads\/2021\/07\/Juan-Isidro-Perez-enfrenta-a-Santana-816x419.jpg 816w\" sizes=\"auto, (max-width: 1024px) 100vw, 1024px\" \/><figcaption>Juan Isidro P\u00e9rez<\/figcaption><\/figure>\n\n\n\n<p>&nbsp;&nbsp;&nbsp; En la prisi\u00f3n&nbsp; Duarte fue visitado adem\u00e1s del&nbsp;&nbsp; Presb\u00edtero Manuel Gonz\u00e1lez&nbsp; Regalado y Mu\u00f1oz,&nbsp; por otros amigos, incluido&nbsp; el trinitario Juan Isidro P\u00e9rez.<\/p>\n\n\n\n<p>&nbsp;&nbsp;&nbsp; Fue en la c\u00e1rcel de San Felipe, en Puerto Plata, que Juan Isidro P\u00e9rez le expres\u00f3 a Duarte:<\/p>\n\n\n\n<p>&nbsp;&nbsp; &nbsp;\u00abS\u00e9 que vas a morir, y he venido a cumplir el sagrado juramento de dar mi vida por la tuya\u00bb.<\/p>\n\n\n\n<p>&nbsp;&nbsp;&nbsp;&nbsp; Horas despu\u00e9s&nbsp; Duarte fue trasladado a Santo Domingo, para ser deportado, en virtud de una&nbsp; disposici\u00f3n de la Junta Central Gubernativa&nbsp; encabezada por el General Pedro Santana.<\/p>\n","protected":false},"excerpt":{"rendered":"<p>Por H\u00e9ctor Tineo Nolasco Diariodominicano.com PUERTO PLATA, el 28 de agosto de 1844, Juan Pablo Duarte, detenido en la Fortaleza San Felipe de Puerto Plata, fue visitado por varios amigos entre los que se encontraron&nbsp;&nbsp; el Presb\u00edtero Manuel Gonz\u00e1lez Regalado y Mu\u00f1oz, y el trinitario Juan Isidro P\u00e9rez. &nbsp;Duarte fue arrestado el 27 de agosto [&hellip;]<\/p>\n","protected":false},"author":28,"featured_media":369260,"comment_status":"closed","ping_status":"","sticky":true,"template":"","format":"standard","meta":{"footnotes":""},"categories":[26,27],"tags":[],"class_list":["post-379114","post","type-post","status-publish","format-standard","has-post-thumbnail","hentry","category-efemerides","category-portada"],"_links":{"self":[{"href":"https:\/\/diariodominicano.com\/index.php?rest_route=\/wp\/v2\/posts\/379114","targetHints":{"allow":["GET"]}}],"collection":[{"href":"https:\/\/diariodominicano.com\/index.php?rest_route=\/wp\/v2\/posts"}],"about":[{"href":"https:\/\/diariodominicano.com\/index.php?rest_route=\/wp\/v2\/types\/post"}],"author":[{"embeddable":true,"href":"https:\/\/diariodominicano.com\/index.php?rest_route=\/wp\/v2\/users\/28"}],"replies":[{"embeddable":true,"href":"https:\/\/diariodominicano.com\/index.php?rest_route=%2Fwp%2Fv2%2Fcomments&post=379114"}],"version-history":[{"count":4,"href":"https:\/\/diariodominicano.com\/index.php?rest_route=\/wp\/v2\/posts\/379114\/revisions"}],"predecessor-version":[{"id":379119,"href":"https:\/\/diariodominicano.com\/index.php?rest_route=\/wp\/v2\/posts\/379114\/revisions\/379119"}],"wp:featuredmedia":[{"embeddable":true,"href":"https:\/\/diariodominicano.com\/index.php?rest_route=\/wp\/v2\/media\/369260"}],"wp:attachment":[{"href":"https:\/\/diariodominicano.com\/index.php?rest_route=%2Fwp%2Fv2%2Fmedia&parent=379114"}],"wp:term":[{"taxonomy":"category","embeddable":true,"href":"https:\/\/diariodominicano.com\/index.php?rest_route=%2Fwp%2Fv2%2Fcategories&post=379114"},{"taxonomy":"post_tag","embeddable":true,"href":"https:\/\/diariodominicano.com\/index.php?rest_route=%2Fwp%2Fv2%2Ftags&post=379114"}],"curies":[{"name":"wp","href":"https:\/\/api.w.org\/{rel}","templated":true}]}}