{"id":37904,"date":"2020-07-23T23:29:11","date_gmt":"2020-07-23T23:29:11","guid":{"rendered":"http:\/\/diariodominicano.ddns.net\/?p=37904"},"modified":"2020-07-23T23:29:11","modified_gmt":"2020-07-23T23:29:11","slug":"ano-escolar-en-enero","status":"publish","type":"post","link":"https:\/\/diariodominicano.com\/?p=37904","title":{"rendered":"A\u00f1o escolar en enero"},"content":{"rendered":"<p><body><\/p>\n<p>A Pleno Sol<\/p>\n<\/p>\n<p>A\u00f1o escolar en enero<\/p>\n<\/p>\n<p>Por Manuel Hern\u00e1ndez Villeta.<\/p>\n<\/p>\n<\/p>\n<p>El inicio del a\u00f1o escolar tiene que ser consensuado. Ahora mismo no hay condiciones para que reabran las escuelas. La apertura escolar ser\u00eda un salto al vac\u00edo y un hecho que podr\u00eda coadyuvar  a disparar la pandemia.<\/p>\n<\/p>\n<p>Hay una realidad y es que en la ense\u00f1anza est\u00e1 el futuro del pa\u00eds, pero ese porvenir se escribe ahora, y si se abren las aulas, los efectos colaterales negativos  ser\u00edan indetenible.<\/p>\n<\/p>\n<p>Nuestra  recomendaci\u00f3n es que el a\u00f1o escolar se inicie en el mes de enero del a\u00f1o 2021. En el per\u00edodo que va desde  agosto a enero se puede hacer una evaluaci\u00f3n de c\u00f3mo va la pandemia, y si contin\u00faan sus estragos en el pa\u00eds.<\/p>\n<\/p>\n<p>Plantear en estos momentos el inicio del a\u00f1o escolar en agosto, cuando cada d\u00eda los afectados pasan de mil, es un contrasentido y una falta de visi\u00f3n. Sencillamente no hay condiciones para ponerse los uniformes.<\/p>\n<\/p>\n<p>La decisi\u00f3n sobre el inicio del a\u00f1o escolar debe ser una acci\u00f3n que envuelva a todos. No se olvide que hay un desbalance entre las facilidades que tiene el sector p\u00fablico y los colegios de \u00e9lite.<\/p>\n<\/p>\n<p>La modalidad  de ense\u00f1anza por internet solo est\u00e1 disponible en el pa\u00eds  para las familias de clase media alta hacia arriba. Para la gran mayor\u00eda, son incosteables  los gastos  extras que ello conlleva, desde un internet de alta velocidad, energ\u00eda el\u00e9ctrica constante y una computadora por ni\u00f1o.<\/p>\n<\/p>\n<p>Ni los maestros del ministerio p\u00fablico tienen a su disposici\u00f3n la tecnolog\u00eda ni los recursos para dar clases por internet. Ahora mismo eso solo lo pueden garantizar los colegios de \u00e9lite, y entre las universidades solo dos o tres pueden dar esas facilidades.<\/p>\n<\/p>\n<p>Adem\u00e1s, la mayor\u00eda de los maestros no est\u00e1n adiestrados en ofrecer clases por internet, no presencial. Ello conlleva un entrenamiento especial  que no se puede hacer a la carrera, para tapar un parcho. Sencillamente no hay condiciones para el venidero a\u00f1o lectivo en agosto.<\/p>\n<\/p>\n<p>Pasa lo mismo con las aulas universitarias. No hay condiciones para la reapertura. Es imposible mantener el distanciamiento social y las medidas sanitarias, entre estudiantes que siempre pecan de indisciplinados.<\/p>\n<\/p>\n<p>En agosto se tienen que terminar las vacaciones para los maestros. Hay que darles cursillos sobre las clases no presenciales, prepararlos para el caso de que en enero todav\u00eda imperen las condiciones de extrema seguridad sanitaria por la pandemia.<\/p>\n<\/p>\n<p>En este dif\u00edcil momento en que vivimos los dominicanos no se pueden  dar  pasos sin planificaci\u00f3n, y el inicio del a\u00f1o escolar en agosto ser\u00eda poco m\u00e1s que  una falta de tacto. El futuro es de los ni\u00f1os de hoy, pero si precipitamos su integraci\u00f3n a una sociedad diezmada, los llevaremos al sacrificio. \u00a1Ay!, se me acab\u00f3 la tinta..<\/p>\n<\/p>\n<h6> 2020-07-23 23:29:11 <\/h6>\n<p><!--\n<link rel=\"stylesheet\" href=\"css\/bootstrap.min.css\">\n\n\n<ul class=\"pagination\">\n\t    \n\t\n\n<li >\n\t<a href='?page_no=136'>Previous<\/a>\n\t<\/li>\n\n\n       \n    \n\n<li><a href='?page_no=1'>1<\/a><\/li>\n\n\n\n<li><a href='?page_no=2'>2<\/a><\/li>\n\n\n\n<li><a>...<\/a><\/li>\n\n\n\n<li><a href='?page_no=135'>135<\/a><\/li>\n\n\n\n<li><a href='?page_no=136'>136<\/a><\/li>\n\n\n\n<li class='active'><a>137<\/a><\/li>\n\n\n\n<li><a href='?page_no=138'>138<\/a><\/li>\n\n\n\n<li><a href='?page_no=139'>139<\/a><\/li>\n\n\n\n<li><a>...<\/a><\/li>\n\n\n\n<li><a href='?page_no=13611'>13611<\/a><\/li>\n\n\n\n<li><a href='?page_no=13612'>13612<\/a><\/li>\n\n    \n\t\n\n<li >\n\t<a href='?page_no=138'>Next<\/a>\n\t<\/li>\n\n\n    \n\n<li><a href='?page_no=13612'>Last &rsaquo;&rsaquo;<\/a><\/li>\n\n<\/ul>\n\n\n--><br \/>\n<\/body><\/p>\n","protected":false},"excerpt":{"rendered":"<p>A Pleno Sol A\u00f1o escolar en enero Por Manuel Hern\u00e1ndez Villeta. El inicio del a\u00f1o escolar tiene que ser consensuado. Ahora mismo no hay condiciones para que reabran las escuelas. La apertura escolar ser\u00eda un salto al vac\u00edo y un hecho que podr\u00eda coadyuvar a disparar la pandemia. Hay una realidad y es que en [&hellip;]<\/p>\n","protected":false},"author":3,"featured_media":0,"comment_status":"open","ping_status":"open","sticky":false,"template":"","format":"standard","meta":{"footnotes":""},"categories":[16],"tags":[],"class_list":["post-37904","post","type-post","status-publish","format-standard","hentry","category-opiniones"],"_links":{"self":[{"href":"https:\/\/diariodominicano.com\/index.php?rest_route=\/wp\/v2\/posts\/37904","targetHints":{"allow":["GET"]}}],"collection":[{"href":"https:\/\/diariodominicano.com\/index.php?rest_route=\/wp\/v2\/posts"}],"about":[{"href":"https:\/\/diariodominicano.com\/index.php?rest_route=\/wp\/v2\/types\/post"}],"author":[{"embeddable":true,"href":"https:\/\/diariodominicano.com\/index.php?rest_route=\/wp\/v2\/users\/3"}],"replies":[{"embeddable":true,"href":"https:\/\/diariodominicano.com\/index.php?rest_route=%2Fwp%2Fv2%2Fcomments&post=37904"}],"version-history":[{"count":0,"href":"https:\/\/diariodominicano.com\/index.php?rest_route=\/wp\/v2\/posts\/37904\/revisions"}],"wp:attachment":[{"href":"https:\/\/diariodominicano.com\/index.php?rest_route=%2Fwp%2Fv2%2Fmedia&parent=37904"}],"wp:term":[{"taxonomy":"category","embeddable":true,"href":"https:\/\/diariodominicano.com\/index.php?rest_route=%2Fwp%2Fv2%2Fcategories&post=37904"},{"taxonomy":"post_tag","embeddable":true,"href":"https:\/\/diariodominicano.com\/index.php?rest_route=%2Fwp%2Fv2%2Ftags&post=37904"}],"curies":[{"name":"wp","href":"https:\/\/api.w.org\/{rel}","templated":true}]}}