{"id":378943,"date":"2022-08-27T00:11:46","date_gmt":"2022-08-27T04:11:46","guid":{"rendered":"http:\/\/diariodominicano.com\/?p=378943"},"modified":"2022-08-27T00:12:21","modified_gmt":"2022-08-27T04:12:21","slug":"fallecio-en-santiago-eugenio-deschamps","status":"publish","type":"post","link":"https:\/\/diariodominicano.com\/?p=378943","title":{"rendered":"Falleci\u00f3 en Santiago Eugenio Deschamps"},"content":{"rendered":"\n<p><strong>Eugenio Deschamps<\/strong><\/p>\n\n\n\n<p><\/p>\n\n\n\n<p>SANTIAGO DE LOS CABALLEROS, el&nbsp; 27 de agosto de 1919, falleci\u00f3 en la ciudad de Santiago de los Caballeros, Eugenio Deschamps, quien se distingui\u00f3 como orador, pol\u00edtico&nbsp; y periodista.<\/p>\n\n\n\n<p>&nbsp;&nbsp; Al destacar sus cualidades de orador, el doctor Joaqu\u00edn Balaguer en su obra Historia de la Literatura Dominicana, D\u00e9cima Edici\u00f3n 1997, afirma que&nbsp; \u00abEugenio Deschamps&nbsp; es el dominicano que ha pronunciado las mejores arengas pol\u00edticas. Como tribuno popular, como orador de multitudes, ha tenido \u00e9mulos en la historia de la elocuencia dominicana\u00bb.<\/p>\n\n\n\n<p>En Personajes Dominicanos, tomo II, el historiador Roberto Cass\u00e1 indica que en las d\u00e9cadas de 1870 y 1880, a\u00fan no hab\u00eda instituciones educativas superiores en Santiago, por lo que Deschamps, impedido por razones econ\u00f3micas de marchar a Santo Domingo no pudo continuar sus estudios. \u201cEn su formaci\u00f3n autodidacta recibi\u00f3 ayuda de su t\u00edo Manuel de Jes\u00fas de Pe\u00f1a y Reynoso, uno de los escasos hombres dotados de un elevado nivel cultural en&nbsp; Santiago\u201d.<\/p>\n\n\n\n<p>Cass\u00e1 anota que con la formaci\u00f3n alcanzada, a\u00fan joven pudo ejercer el magisterio, aunque por pocos a\u00f1os, v\u00edctima de persecuciones pol\u00edticas desde 1885 que lo obligaron a llevar una vida accidentada.<\/p>\n\n\n\n<p>&nbsp;&nbsp;&nbsp; En el a\u00f1o 1883, a la edad de 22 a\u00f1os,&nbsp; fund\u00f3 en su ciudad natal&nbsp; el&nbsp; 29 de Abril de ese a\u00f1o el peri\u00f3dico La Alborada. Luego de 10 n\u00fameros fue cerrado. Luego cre\u00f3&nbsp; La Rep\u00fablica, considerado como un ejemplo de c\u00e1tedra de civismo en el siglo pasado, sobrevivi\u00f3 hasta la edici\u00f3n n\u00famero 69, fechado el 24 de junio de 1885, aunque, refiere Cass\u00e1, sigui\u00f3 public\u00e1ndolo de forma intermitente en el exilio de la d\u00e9cada de 1890.<\/p>\n\n\n\n<p>&nbsp;&nbsp;&nbsp; Al hablar del trabajo de ese medio de comunicaci\u00f3n, el historiador Rufino Mart\u00ednez afirma que el peri\u00f3dico La Rep\u00fablica, fue la m\u00e1s alta tribuna de la libertad por los a\u00f1os de 1883 al 1885 y tuvo una gran ascendencia en la opini\u00f3n p\u00fablica.<\/p>\n\n\n\n<p>&nbsp;&nbsp; El peri\u00f3dico no era del agrado del Presidente Ulises \u2013Lilis- Heureaux y por ello Eugenio Deschamps tuvo que salir del pa\u00eds. Fue&nbsp; un cr\u00edtico de la dictadura de Ulises \u2013Lil\u00eds- Heureaux.<\/p>\n\n\n\n<p>&nbsp;&nbsp; En 1916 fund\u00f3 el peri\u00f3dico La Hora dedicado al combate de los invasores estadounidenses. Lo mantuvo en circulaci\u00f3n hasta que fue impedido por la pol\u00edtica de censura que estableci\u00f3 el Gobierno de ocupaci\u00f3n de Estados Unidos a partir del 29 de noviembre de 1916. Por ello, retorn\u00f3 Puerto Plata.<\/p>\n\n\n\n<p>Cass\u00e1 refiere que \u201cAll\u00ed el ni\u00f1o Rufino Mart\u00ednez&nbsp; lo ve\u00eda alentando a los j\u00f3venes a luchar por la libertad de la patria y dedicado a trabajar la tierra, dignamente, como el hombre humilde que siempre fue, en b\u00fasqueda del sustento. Cuando disminuy\u00f3 el alcance de la censura, plane\u00f3 sumarse al renacimiento de la lucha nacional mediante un ciclo de conferencias, una de las cuales versar\u00eda acerca del derecho de las peque\u00f1as nacionalidades.\u201d. Resalta que no dej\u00f3 esos afanes patri\u00f3ticos casi hasta su muerte.<\/p>\n\n\n\n<p>&nbsp;&nbsp;&nbsp; Deschamps&nbsp; nacido&nbsp; en la ciudad de Santiago de los Caballeros, el 16 de junio&nbsp; de 1861. Fue alumno del educador Manuel de Jes\u00fas de Pe\u00f1a y Reynoso.<\/p>\n\n\n\n<p>&nbsp;&nbsp;&nbsp; En el a\u00f1o 1883 fund\u00f3 el peri\u00f3dico \u00abLa Alborada\u00bb y luego \u00abLa Rep\u00fablica\u00bb, considerados como un ejemplo de c\u00e1tedra de civismo en el siglo pasado.<\/p>\n\n\n\n<p>&nbsp;&nbsp;&nbsp; En el a\u00f1o 1887 retorn\u00f3 al pa\u00eds y fund\u00f3 en Montecristi, el decenario \u00abLas Brisas\u00bb.&nbsp; En 1992 de nuevo fue perseguido por el dictador Ulises&nbsp; -Lil\u00eds- Heureaux, por lo que se refugi\u00f3 en Grand Turk.<\/p>\n\n\n\n<p>&nbsp;&nbsp;&nbsp; En&nbsp; el a\u00f1o 1893, Eugenio Dechamps estableci\u00f3 su residencia de exiliado en Puerto Rico.<\/p>\n\n\n\n<p>&nbsp;&nbsp; Luego del asesinato del dictador Lil\u00eds Heureaux, el 26 de julio de 1899, regres\u00f3 al pa\u00eds y desempe\u00f1\u00f3 varios cargos p\u00fablicos, entre los que se destacan Secretario de Correos y Tel\u00e9grafos, y Ministro de Relaciones Exteriores, en 1899.<\/p>\n\n\n\n<p>&nbsp;&nbsp;&nbsp; En el a\u00f1o 1900 fue gobernador de Puerto Plata, y en el a\u00f1o 1903, vicepresidente de la Rep\u00fablica.<\/p>\n\n\n\n<p>&nbsp;&nbsp;&nbsp; Eugenio Deschamps se distingui\u00f3 como un cr\u00edtico de la dictadura de Ulises \u2013Lil\u00eds- Heureaux.<\/p>\n","protected":false},"excerpt":{"rendered":"<p>Eugenio Deschamps SANTIAGO DE LOS CABALLEROS, el&nbsp; 27 de agosto de 1919, falleci\u00f3 en la ciudad de Santiago de los Caballeros, Eugenio Deschamps, quien se distingui\u00f3 como orador, pol\u00edtico&nbsp; y periodista. &nbsp;&nbsp; Al destacar sus cualidades de orador, el doctor Joaqu\u00edn Balaguer en su obra Historia de la Literatura Dominicana, D\u00e9cima Edici\u00f3n 1997, afirma que&nbsp; [&hellip;]<\/p>\n","protected":false},"author":28,"featured_media":361923,"comment_status":"closed","ping_status":"","sticky":true,"template":"","format":"standard","meta":{"footnotes":""},"categories":[26,27],"tags":[],"class_list":["post-378943","post","type-post","status-publish","format-standard","has-post-thumbnail","hentry","category-efemerides","category-portada"],"_links":{"self":[{"href":"https:\/\/diariodominicano.com\/index.php?rest_route=\/wp\/v2\/posts\/378943","targetHints":{"allow":["GET"]}}],"collection":[{"href":"https:\/\/diariodominicano.com\/index.php?rest_route=\/wp\/v2\/posts"}],"about":[{"href":"https:\/\/diariodominicano.com\/index.php?rest_route=\/wp\/v2\/types\/post"}],"author":[{"embeddable":true,"href":"https:\/\/diariodominicano.com\/index.php?rest_route=\/wp\/v2\/users\/28"}],"replies":[{"embeddable":true,"href":"https:\/\/diariodominicano.com\/index.php?rest_route=%2Fwp%2Fv2%2Fcomments&post=378943"}],"version-history":[{"count":3,"href":"https:\/\/diariodominicano.com\/index.php?rest_route=\/wp\/v2\/posts\/378943\/revisions"}],"predecessor-version":[{"id":378946,"href":"https:\/\/diariodominicano.com\/index.php?rest_route=\/wp\/v2\/posts\/378943\/revisions\/378946"}],"wp:featuredmedia":[{"embeddable":true,"href":"https:\/\/diariodominicano.com\/index.php?rest_route=\/wp\/v2\/media\/361923"}],"wp:attachment":[{"href":"https:\/\/diariodominicano.com\/index.php?rest_route=%2Fwp%2Fv2%2Fmedia&parent=378943"}],"wp:term":[{"taxonomy":"category","embeddable":true,"href":"https:\/\/diariodominicano.com\/index.php?rest_route=%2Fwp%2Fv2%2Fcategories&post=378943"},{"taxonomy":"post_tag","embeddable":true,"href":"https:\/\/diariodominicano.com\/index.php?rest_route=%2Fwp%2Fv2%2Ftags&post=378943"}],"curies":[{"name":"wp","href":"https:\/\/api.w.org\/{rel}","templated":true}]}}