{"id":378934,"date":"2022-08-26T23:47:23","date_gmt":"2022-08-27T03:47:23","guid":{"rendered":"http:\/\/diariodominicano.com\/?p=378934"},"modified":"2022-08-26T23:52:35","modified_gmt":"2022-08-27T03:52:35","slug":"valera-primer-arzobispo-dominicano-2-de-2","status":"publish","type":"post","link":"https:\/\/diariodominicano.com\/?p=378934","title":{"rendered":"VALERA, PRIMER ARZOBISPO DOMINICANO (2 DE 2)"},"content":{"rendered":"\n<p>Arzobispo Valera<\/p>\n\n\n\n<figure class=\"wp-block-image size-large\"><img loading=\"lazy\" decoding=\"async\" width=\"1024\" height=\"526\" src=\"https:\/\/diariodominicano.com\/wp-content\/uploads\/2021\/05\/Catedral-de-Santo-Domingo-1024x526.jpg\" alt=\"\" class=\"wp-image-276096\" srcset=\"https:\/\/diariodominicano.com\/wp-content\/uploads\/2021\/05\/Catedral-de-Santo-Domingo-1024x526.jpg 1024w, https:\/\/diariodominicano.com\/wp-content\/uploads\/2021\/05\/Catedral-de-Santo-Domingo-300x154.jpg 300w, https:\/\/diariodominicano.com\/wp-content\/uploads\/2021\/05\/Catedral-de-Santo-Domingo-768x395.jpg 768w, https:\/\/diariodominicano.com\/wp-content\/uploads\/2021\/05\/Catedral-de-Santo-Domingo-1536x789.jpg 1536w, https:\/\/diariodominicano.com\/wp-content\/uploads\/2021\/05\/Catedral-de-Santo-Domingo-2048x1052.jpg 2048w, https:\/\/diariodominicano.com\/wp-content\/uploads\/2021\/05\/Catedral-de-Santo-Domingo-816x419.jpg 816w\" sizes=\"auto, (max-width: 1024px) 100vw, 1024px\" \/><figcaption>La Catedral de Santo Domingo.<\/figcaption><\/figure>\n\n\n\n<p>POR TE\u00d3FILO LAPPOT ROBLES<\/p>\n\n\n\n<p>El 2 de marzo de 1814 el arzobispo Valera puso a circular una de sus cartas pastorales, en la cual se\u00f1alaba que fue colocado en la \u201cprimera silla de la Iglesia Espa\u00f1ola Ultramarina.\u201d<\/p>\n\n\n\n<p>En esa comunicaci\u00f3n, dirigida al clero y a los feligreses que pastoreaba en todo el pa\u00eds, \u00e9l se quejaba de la p\u00e9rdida de valiosos objetos en diversos templos, incluyendo la catedral de Santo Domingo. Ped\u00eda la devoluci\u00f3n de los mismos.<\/p>\n\n\n\n<p>Tambi\u00e9n hac\u00eda viva protesta por la forma relajada en que penetraban a los santuarios muchas damas, solicit\u00e1ndoles que ten\u00edan que ir a los ritos religiosos \u201ccon vestidos decentes y honestos, absteni\u00e9ndose de llevar desnudos los brazos y el pecho\u2026\u201d Se refiri\u00f3, adem\u00e1s, a otros temas y advert\u00eda sobre la aplicaci\u00f3n de la pena de la excomuni\u00f3n mayor \u201cpor tan detestable impureza.\u201d1<\/p>\n\n\n\n<p>Le correspondi\u00f3 dirigir a su grey en una etapa cargada de confusi\u00f3n y convulsiones, con varios acontecimientos impactantes: El pueblo sumido en un letargo, minado por la miseria y el des\u00e1nimo (la llamada Espa\u00f1a Boba). Una proclamada&nbsp; independencia que no pudo sostenerse y por eso se le llam\u00f3 ef\u00edmera y la ocupaci\u00f3n del territorio dominicano por el ej\u00e9rcito de Hait\u00ed, con el presidente Jean Pierre Boyer a la cabeza.<\/p>\n\n\n\n<p>El arzobispo Pedro Valera Jim\u00e9nez nunca se apolill\u00f3 en su cotidianidad, por eso cuando estaba afianzando su liderazgo entre curas y feligreses, en el territorio que es hoy la Rep\u00fablica Dominicana, tuvo que tomar de nuevo el \u00e1spero camino del exilio.<\/p>\n\n\n\n<p>El 28 de junio de 1830, en la mitad del \u00faltimo a\u00f1o de la tercera d\u00e9cada del siglo 19, Valera tuvo que dejar la tierra donde naci\u00f3. Jam\u00e1s pudo volver. Lo hizo apremiado por el hostigamiento de los gobernantes de Hait\u00ed.<\/p>\n\n\n\n<p>Fue enviado hacia Cuba de manera imperativa por el gobernador militar Maximiliano de Borgell\u00e1 y dem\u00e1s jerarcas que ocupaban el pa\u00eds. Lo llevaron junto a varios de sus m\u00e1s cercanos colaboradores al embarcadero que entonces exist\u00eda cerca de la calle llamada La Negreta, hoy Gabino Puello.<\/p>\n\n\n\n<p>El balandro que llev\u00f3 al destierro a tan ilustre dominicano zarp\u00f3 del mismo lugar por donde salieron en otras circunstancias personajes tan famosos como Crist\u00f3bal Col\u00f3n, Hern\u00e1n Cort\u00e9s, Francisco Pizarro, Diego Vel\u00e1squez, Alonso de Ojeda, Rodrigo de Bastidas y otros. Dicho sitio era la r\u00eda que hacen el mar Caribe y el r\u00edo Ozama en su curso inferior.<\/p>\n\n\n\n<p>Al arzobispo Valera lo acusaban de agitador, como consta en un documento firmado semanas antes de su expulsi\u00f3n por el comisario del gobierno de ocupaci\u00f3n, el escritor e intelectual neibero Tom\u00e1s Bobadilla Briones; quien ten\u00eda un parentesco de consanguinidad colateral con \u00e9l, al cual Valera hab\u00eda designado en el 1811 notario mayor del arzobispado, un puesto de origen mon\u00e1rquico que ten\u00eda mucha importancia entonces, por la facultad de expedir diversas actas (nacimientos, matrimonios, defunciones, etc.) a nombre de la iglesia.<\/p>\n\n\n\n<p>Antes &nbsp;de apurar el c\u00e1liz amargo del ostracismo dej\u00f3 al frente de la iglesia local a uno de sus alumnos, monse\u00f1or Tom\u00e1s de Portes e infante, con el t\u00edtulo de vicario general delegado apost\u00f3lico.<\/p>\n\n\n\n<p>Con esa designaci\u00f3n el arzobispo Valera buscaba amortiguar los efectos de una Sede vacante. Daba cumplimiento as\u00ed a lo dispuesto por los c\u00e1nones del Decreto Graciano, que entonces era el cuerpo legal que reg\u00eda a la Iglesia cat\u00f3lica en cualquier lugar del mundo donde ten\u00eda presencia. Es el antecedente m\u00e1s cercano en el tiempo al actual C\u00f3digo de Derecho Can\u00f3nigo, cuya fuente nutricia principal es Dios, de conformidad con s\u00f3lidos criterios de te\u00f3logos y ex\u00e9getas b\u00edblicos.<\/p>\n\n\n\n<figure class=\"wp-block-image size-full\"><img loading=\"lazy\" decoding=\"async\" width=\"91\" height=\"130\" src=\"https:\/\/diariodominicano.com\/wp-content\/uploads\/2022\/08\/Valera-arzobispo-Santo-Domingo.jpg\" alt=\"\" class=\"wp-image-377302\"\/><figcaption>El arzobispo Valera.<\/figcaption><\/figure>\n\n\n\n<p>Valeramuri\u00f3 en La Habana, Cuba, el 19 de marzo de 1833. Una epidemia de c\u00f3lera lo mat\u00f3 el d\u00eda que en esa ciudad del atl\u00e1ntico cubano murieron por la misma causa m\u00e1s de 800 personas.<\/p>\n\n\n\n<p>Doce d\u00edas antes de su muerte hab\u00eda sido designado administrador de la di\u00f3cesis de la isla mayor de las Antillas, para cubrir la vacante del famoso prelado Juan Jos\u00e9 D\u00edaz de Espada, el mismo de quien Jos\u00e9 Mart\u00ed escribi\u00f3 con elogio: \u201c&#8230;obispo espa\u00f1ol que nos quiso bien\u2026\u201d<\/p>\n\n\n\n<p>Nueve d\u00edas despu\u00e9s del fallecimiento de Valera el prominente orador y te\u00f3logo cubano de la Orden de los Predicadores fray Remigio Cernadas pronunci\u00f3 en una iglesia habanera una oraci\u00f3n f\u00fanebre en la cual lo calific\u00f3 como el \u201cdign\u00edsimo Arzobispo de Santo Domingo, Primado de las Indias y Administrador electo del Obispado de La Habana\u201d. Tambi\u00e9n se\u00f1al\u00f3 que su vida estuvo \u201cllena de trabajos, de duras y amargas calamidades&#8230;\u201d<\/p>\n\n\n\n<p>Al describir la personalidad del ilustre mitrado dominicano el tambi\u00e9n escritor y rector universitario Cernadas puntualiz\u00f3 que: \u201cA Pedro\u2026ni humillaron las tribulaciones, ni le enorgullecieron las dignidades\u2026\u00e9l no se dej\u00f3 ver tan grande y tan elevado en medio de las mayores desgracias, como dulce y complaciente en el seno de la sociedad\u2026\u201d2<\/p>\n\n\n\n<p>El arzobispo Valera fue considerado por su bi\u00f3grafo Jos\u00e9 Mar\u00eda Morilla como poseedor de \u201ccaridad ejemplar y con aquella dulzura y mansedumbre que constitu\u00edan su car\u00e1cter\u2026\u201d3<\/p>\n\n\n\n<p>En sus aludidas notas biogr\u00e1ficas el brillante abogado e historiador &nbsp;Morilla, nacido en Santo Domingo, pero que vivi\u00f3 m\u00e1s en Cuba que en su tierra de origen, agreg\u00f3 que Valera fue \u201csencillo, franco, candoroso en su trato, sin nada de arrogancia ni orgullo por verse elevado a tan encumbrada dignidad\u2026\u201d<\/p>\n\n\n\n<p>Al estudiar el itinerario vital del arzobispo Valera puedo decir que su llaneza llegaba hasta su mesa, pues su comida era frugal y, adem\u00e1s, no consum\u00eda vino ni otras bebidas usuales en sibaritas con y sin sotanas. Argumentaba que \u201cning\u00fan licor era conveniente en la mesa de los eclesi\u00e1sticos.\u201d<\/p>\n\n\n\n<p>Aunque su cuerpo inerte fue enterrado en Cuba, aqu\u00ed se le hicieron varias ceremonias conmemorativas.<\/p>\n\n\n\n<p>&nbsp;En sus notas personales el sacerdote canonista y patriota independentista y restaurador Manuel Gonz\u00e1lez Regalado, luego de elogiar las condiciones excepcionales del arzobispo Valera, dej\u00f3 anotado que el 19 de junio de 1833 se le hizo al prelado fallecido hac\u00eda 3 meses un funeral en Puerto Plata, describiendo ese solemne acto lit\u00fargico as\u00ed:<\/p>\n\n\n\n<p>\u201cMi capilla de m\u00fasica ejecut\u00f3 en este d\u00eda con admirable destreza la famosa Misa de R\u00e9quiem, composici\u00f3n del Sr. Mozart y una sequentia de difuntos en extremo tierna.\u201d<\/p>\n\n\n\n<p>Gonz\u00e1lez Regalado, el entonces p\u00e1rroco de la m\u00e1s grande ciudad de la ribera atl\u00e1ntica dominicana, revel\u00f3 que el arzobispo Valera hac\u00eda cada d\u00eda una oraci\u00f3n nocturna que \u201ccomenzaba a las diez de la noche hasta las doce, que era la hora de acostarse.\u201d<\/p>\n\n\n\n<p>&nbsp;A pesar de su gran val\u00eda como personaje hist\u00f3rico, unos pocos escribieron en el pasado juicios nada veraces sobre la personalidad de Valera Jim\u00e9nez. As\u00ed hizo, por citar un caso, el abogado, sacerdote e historiador Carlos Rafael Nouel Pierret (yerno de Tom\u00e1s Bobadilla Briones y compadre de Fernando A. de Meri\u00f1o) quien en su densa obra sobre un amplio tramo del catolicismo dominicano no escatima esfuerzos sem\u00e1nticos (que no dial\u00e9cticos) para presentar una imagen desdibujada del primer arzobispo nacido en tierra dominicana.4<\/p>\n\n\n\n<p>Bibliograf\u00eda:<\/p>\n\n\n\n<p>1-Pastoral del arzobispo Valera.No.4, 2 de marzo de 1814.<\/p>\n\n\n\n<p>2-Cl\u00edo 91.A\u00f1o 1951.Pp. 143-145.<\/p>\n\n\n\n<p>3-El arzobispo Valera. Editora Amigo del Hogar,1991.Recopilador Max Henr\u00edquez Ure\u00f1a.<\/p>\n\n\n\n<p>4-Historia eclesi\u00e1stica de la Arquidi\u00f3cesis de Santo Domingo.Editora Santo Domingo, 1979.<\/p>\n","protected":false},"excerpt":{"rendered":"<p>Arzobispo Valera POR TE\u00d3FILO LAPPOT ROBLES El 2 de marzo de 1814 el arzobispo Valera puso a circular una de sus cartas pastorales, en la cual se\u00f1alaba que fue colocado en la \u201cprimera silla de la Iglesia Espa\u00f1ola Ultramarina.\u201d En esa comunicaci\u00f3n, dirigida al clero y a los feligreses que pastoreaba en todo el pa\u00eds, [&hellip;]<\/p>\n","protected":false},"author":28,"featured_media":377303,"comment_status":"closed","ping_status":"","sticky":true,"template":"","format":"standard","meta":{"footnotes":""},"categories":[21,26,27],"tags":[],"class_list":["post-378934","post","type-post","status-publish","format-standard","has-post-thumbnail","hentry","category-cultura","category-efemerides","category-portada"],"_links":{"self":[{"href":"https:\/\/diariodominicano.com\/index.php?rest_route=\/wp\/v2\/posts\/378934","targetHints":{"allow":["GET"]}}],"collection":[{"href":"https:\/\/diariodominicano.com\/index.php?rest_route=\/wp\/v2\/posts"}],"about":[{"href":"https:\/\/diariodominicano.com\/index.php?rest_route=\/wp\/v2\/types\/post"}],"author":[{"embeddable":true,"href":"https:\/\/diariodominicano.com\/index.php?rest_route=\/wp\/v2\/users\/28"}],"replies":[{"embeddable":true,"href":"https:\/\/diariodominicano.com\/index.php?rest_route=%2Fwp%2Fv2%2Fcomments&post=378934"}],"version-history":[{"count":4,"href":"https:\/\/diariodominicano.com\/index.php?rest_route=\/wp\/v2\/posts\/378934\/revisions"}],"predecessor-version":[{"id":378938,"href":"https:\/\/diariodominicano.com\/index.php?rest_route=\/wp\/v2\/posts\/378934\/revisions\/378938"}],"wp:featuredmedia":[{"embeddable":true,"href":"https:\/\/diariodominicano.com\/index.php?rest_route=\/wp\/v2\/media\/377303"}],"wp:attachment":[{"href":"https:\/\/diariodominicano.com\/index.php?rest_route=%2Fwp%2Fv2%2Fmedia&parent=378934"}],"wp:term":[{"taxonomy":"category","embeddable":true,"href":"https:\/\/diariodominicano.com\/index.php?rest_route=%2Fwp%2Fv2%2Fcategories&post=378934"},{"taxonomy":"post_tag","embeddable":true,"href":"https:\/\/diariodominicano.com\/index.php?rest_route=%2Fwp%2Fv2%2Ftags&post=378934"}],"curies":[{"name":"wp","href":"https:\/\/api.w.org\/{rel}","templated":true}]}}