{"id":378916,"date":"2022-08-26T23:22:38","date_gmt":"2022-08-27T03:22:38","guid":{"rendered":"http:\/\/diariodominicano.com\/?p=378916"},"modified":"2022-08-26T23:40:52","modified_gmt":"2022-08-27T03:40:52","slug":"bloque-de-la-dignidad-creado-por-bosch","status":"publish","type":"post","link":"https:\/\/diariodominicano.com\/?p=378916","title":{"rendered":"BLOQUE DE LA DIGNIDAD CREADO POR BOSCH"},"content":{"rendered":"\n<figure class=\"wp-block-image size-full\"><img loading=\"lazy\" decoding=\"async\" width=\"640\" height=\"429\" src=\"https:\/\/diariodominicano.com\/wp-content\/uploads\/2022\/08\/Balaguer-y-Francisco-Augusto-lora-1.jpg\" alt=\"\" class=\"wp-image-378931\" srcset=\"https:\/\/diariodominicano.com\/wp-content\/uploads\/2022\/08\/Balaguer-y-Francisco-Augusto-lora-1.jpg 640w, https:\/\/diariodominicano.com\/wp-content\/uploads\/2022\/08\/Balaguer-y-Francisco-Augusto-lora-1-300x201.jpg 300w\" sizes=\"auto, (max-width: 640px) 100vw, 640px\" \/><figcaption>El presidente Joaqu\u00edn Balaguer y el vicepresidente Francisco Augusto Lora.<\/figcaption><\/figure>\n\n\n\n<p><strong>Sebasti\u00e1n del Pilar S\u00e1nchez<\/strong><\/p>\n\n\n\n<p>\u201c<em>\u00a1Unidad de acci\u00f3n contra Balaguer!\u201d,&nbsp;<\/em>era el grito unitario de millares de personas de toda la geograf\u00eda nacional reunidas en el Estadio Cibao el domingo 7 de octubre de 1973, en apoyo al reci\u00e9n formado Bloque de la Dignidad Nacional y su propuesta de cambio para sustituir el gobierno del doctor Joaqu\u00edn Balaguer, acremente censurado por sus adversarios y sectores independientes de la poblaci\u00f3n, debido a su indiferencia ante las violaciones sistem\u00e1ticas a los derechos ciudadanos por parte de los organismos represivos del Estado.<\/p>\n\n\n\n<figure class=\"wp-block-image size-full\"><img loading=\"lazy\" decoding=\"async\" width=\"455\" height=\"334\" src=\"https:\/\/diariodominicano.com\/wp-content\/uploads\/2022\/08\/BOSCH-Y-FERNANDO-ALVAREZ-BOGAERT.png\" alt=\"\" class=\"wp-image-378919\" srcset=\"https:\/\/diariodominicano.com\/wp-content\/uploads\/2022\/08\/BOSCH-Y-FERNANDO-ALVAREZ-BOGAERT.png 455w, https:\/\/diariodominicano.com\/wp-content\/uploads\/2022\/08\/BOSCH-Y-FERNANDO-ALVAREZ-BOGAERT-300x220.png 300w\" sizes=\"auto, (max-width: 455px) 100vw, 455px\" \/><figcaption>Juan Bosch y Luis Amiama Tio<\/figcaption><\/figure>\n\n\n\n<p>Esta fue la primera actividad de masas efectuada por esa coalici\u00f3n pol\u00edtica desde que su progenitor, el expresidente de la Rep\u00fablica y l\u00edder principal del Partido Revolucionario Dominicano (PRD), Juan Emilio Bosch y Gavi\u00f1o, comenz\u00f3 a gestarla a finales de 1972, en conversaciones y reuniones sostenidas con representantes de organizaciones pol\u00edticas y grupos de oposici\u00f3n de izquierda y derecha, que ven\u00edan apoyando la t\u00e1ctica perrede\u00edsta de llevar al gobierno de Balaguer a la legalidad, al tiempo que condenaban los alegados m\u00e9todos antidemocr\u00e1ticos que estar\u00eda utilizando para mantenerse de manera indefinida al frente de la cosa p\u00fablica.<\/p>\n\n\n\n<figure class=\"wp-block-image size-large\"><img loading=\"lazy\" decoding=\"async\" width=\"1024\" height=\"639\" src=\"https:\/\/diariodominicano.com\/wp-content\/uploads\/2022\/08\/Juan-Bosch-bloque-dignidad2.0011.0001.0038-PARTIDO-DE-LA-LIBERACION-DOMINICANA-PLD-1024x639.jpg\" alt=\"\" class=\"wp-image-378921\" srcset=\"https:\/\/diariodominicano.com\/wp-content\/uploads\/2022\/08\/Juan-Bosch-bloque-dignidad2.0011.0001.0038-PARTIDO-DE-LA-LIBERACION-DOMINICANA-PLD-1024x639.jpg 1024w, https:\/\/diariodominicano.com\/wp-content\/uploads\/2022\/08\/Juan-Bosch-bloque-dignidad2.0011.0001.0038-PARTIDO-DE-LA-LIBERACION-DOMINICANA-PLD-300x187.jpg 300w, https:\/\/diariodominicano.com\/wp-content\/uploads\/2022\/08\/Juan-Bosch-bloque-dignidad2.0011.0001.0038-PARTIDO-DE-LA-LIBERACION-DOMINICANA-PLD-768x479.jpg 768w, https:\/\/diariodominicano.com\/wp-content\/uploads\/2022\/08\/Juan-Bosch-bloque-dignidad2.0011.0001.0038-PARTIDO-DE-LA-LIBERACION-DOMINICANA-PLD-1536x959.jpg 1536w, https:\/\/diariodominicano.com\/wp-content\/uploads\/2022\/08\/Juan-Bosch-bloque-dignidad2.0011.0001.0038-PARTIDO-DE-LA-LIBERACION-DOMINICANA-PLD-816x509.jpg 816w, https:\/\/diariodominicano.com\/wp-content\/uploads\/2022\/08\/Juan-Bosch-bloque-dignidad2.0011.0001.0038-PARTIDO-DE-LA-LIBERACION-DOMINICANA-PLD.jpg 1697w\" sizes=\"auto, (max-width: 1024px) 100vw, 1024px\" \/><figcaption>Juan Bosch <\/figcaption><\/figure>\n\n\n\n<p>Con este mitin de Santiago el partido blanco y sus dirigentes intentaban superar el reflujo de masas causado desde febrero de 1973 por las opiniones opuestas emitidas por Bosch y el secretario general de esa entidad pol\u00edtica, doctor Jos\u00e9 Francisco Antonio Pe\u00f1a G\u00f3mez, en relaci\u00f3n al desembarco guerrillero de Playa Caracoles y la muerte del coronel Francisco Alberto Caama\u00f1o, quebrando su relaci\u00f3n fraterna, poniendo en riesgo la unidad partidaria y provocando la renuncia del joven l\u00edder, el mi\u00e9rcoles 2 de mayo, en un vano esfuerzo por evitar el fraccionamiento de la estructura dirigencial.<\/p>\n\n\n\n<p>De la lectura objetiva de la cr\u00f3nica del diario vespertino El Nacional de la fecha, firmada por el periodista Bol\u00edvar D\u00edaz G\u00f3mez, se desprende que la concentraci\u00f3n de unas 35 mil personas aquel domingo en las afueras del estadio Cibao, signific\u00f3 no s\u00f3lo el acta de bautismo del bloque opositor, sino el final de la prolongada resaca del PRD cuyos dirigentes estaban all\u00ed reunidos sobre una misma tarima con l\u00edderes y delegados de trece agrupaciones pol\u00edticas de distintos credos ideol\u00f3gicos.<\/p>\n\n\n\n<figure class=\"wp-block-image size-large\"><img loading=\"lazy\" decoding=\"async\" width=\"515\" height=\"1024\" src=\"https:\/\/diariodominicano.com\/wp-content\/uploads\/2022\/08\/Guarionex-Lluberes-515x1024.jpg\" alt=\"\" class=\"wp-image-378922\" srcset=\"https:\/\/diariodominicano.com\/wp-content\/uploads\/2022\/08\/Guarionex-Lluberes-515x1024.jpg 515w, https:\/\/diariodominicano.com\/wp-content\/uploads\/2022\/08\/Guarionex-Lluberes-151x300.jpg 151w, https:\/\/diariodominicano.com\/wp-content\/uploads\/2022\/08\/Guarionex-Lluberes.jpg 747w\" sizes=\"auto, (max-width: 515px) 100vw, 515px\" \/><figcaption>Guarionex Lluberes<\/figcaption><\/figure>\n\n\n\n<p>En la ocasi\u00f3n se destacaba la presencia del exvicepresidente constitucional de la Rep\u00fablica y presidente del Movimiento de Integraci\u00f3n Democr\u00e1tica (MIDA), licenciado Francisco Augusto Lora, acompa\u00f1ado del exs\u00edndico del Distrito Nacional y vicepresidente de ese partido, Guarionex Lluberes Mont\u00e1s; del secretario general del Partido Quisqueyano Dem\u00f3crata (PQD), doctor Julio Genaro Campillo P\u00e9rez; del presidente del Partido Revolucionario Social Cristiano (PRSC), licenciado Rogelio Asdr\u00fabal Delgado Bogaert y su secretario general, doctor Lucas Antonio Rojas Villavizar.<\/p>\n\n\n\n<figure class=\"wp-block-image size-full\"><img loading=\"lazy\" decoding=\"async\" width=\"393\" height=\"436\" src=\"https:\/\/diariodominicano.com\/wp-content\/uploads\/2022\/08\/Luis-Amiama-Tio.png\" alt=\"\" class=\"wp-image-378923\" srcset=\"https:\/\/diariodominicano.com\/wp-content\/uploads\/2022\/08\/Luis-Amiama-Tio.png 393w, https:\/\/diariodominicano.com\/wp-content\/uploads\/2022\/08\/Luis-Amiama-Tio-270x300.png 270w\" sizes=\"auto, (max-width: 393px) 100vw, 393px\" \/><figcaption>Luis Amiama Tio<\/figcaption><\/figure>\n\n\n\n<p>Igualmente estaban all\u00ed representantes del Grupo Independiente Amiama Ti\u00f3 (GIAT), de la Uni\u00f3n C\u00edvica Nacional, del Movimiento de Conciliaci\u00f3n Nacional, de la Alianza Social Dem\u00f3crata, del Partido Socialista Popular, de Voz Proletaria, del Partido Socialista Popular, de Bandera Roja, de Nuevo Rumbo, de los Comit\u00e9s Revolucionarios Camilo Torres, del N\u00facleo Avanzado de Acci\u00f3n Revolucionaria y del Movimiento Nacionalista Revolucionario.<\/p>\n\n\n\n<figure class=\"wp-block-image size-large\"><img loading=\"lazy\" decoding=\"async\" width=\"749\" height=\"1024\" src=\"https:\/\/diariodominicano.com\/wp-content\/uploads\/2022\/08\/Salvador-Jorge-Blanco-749x1024.jpg\" alt=\"\" class=\"wp-image-378925\" srcset=\"https:\/\/diariodominicano.com\/wp-content\/uploads\/2022\/08\/Salvador-Jorge-Blanco-749x1024.jpg 749w, https:\/\/diariodominicano.com\/wp-content\/uploads\/2022\/08\/Salvador-Jorge-Blanco-219x300.jpg 219w, https:\/\/diariodominicano.com\/wp-content\/uploads\/2022\/08\/Salvador-Jorge-Blanco-768x1050.jpg 768w, https:\/\/diariodominicano.com\/wp-content\/uploads\/2022\/08\/Salvador-Jorge-Blanco-816x1116.jpg 816w, https:\/\/diariodominicano.com\/wp-content\/uploads\/2022\/08\/Salvador-Jorge-Blanco.jpg 948w\" sizes=\"auto, (max-width: 749px) 100vw, 749px\" \/><figcaption><strong>Salvador Jorge Blanco<\/strong><\/figcaption><\/figure>\n\n\n\n<p>El discurso central en este mitin unitario fue pronunciado por el reconocido abogado santiaguero Jos\u00e9 Salvador Omar Jorge Blanco, quien dio a conocer los beneficios sociales y econ\u00f3micos del programa de gobierno de la Dignidad Nacional. Su sorprendente intervenci\u00f3n cre\u00f3 la conjetura de que estaba siendo proyectado como figura presidencial del referido bloque, aunque all\u00ed habl\u00f3 s\u00f3lo como representante del PRD y su comit\u00e9 municipal en Santiago, que encabezaba el doctor Luciano Amb\u00edorix D\u00edaz Estrella.<\/p>\n\n\n\n<figure class=\"wp-block-image size-full\"><img loading=\"lazy\" decoding=\"async\" width=\"688\" height=\"960\" src=\"https:\/\/diariodominicano.com\/wp-content\/uploads\/2022\/08\/Carmen-Mazara-pronuncia-un-discurso-en-mitin-de-la-oposicion.jpg\" alt=\"\" class=\"wp-image-378926\" srcset=\"https:\/\/diariodominicano.com\/wp-content\/uploads\/2022\/08\/Carmen-Mazara-pronuncia-un-discurso-en-mitin-de-la-oposicion.jpg 688w, https:\/\/diariodominicano.com\/wp-content\/uploads\/2022\/08\/Carmen-Mazara-pronuncia-un-discurso-en-mitin-de-la-oposicion-215x300.jpg 215w\" sizes=\"auto, (max-width: 688px) 100vw, 688px\" \/><figcaption>Carmen Mazara<\/figcaption><\/figure>\n\n\n\n<p>Los otros oradores fueron Lluberes Mont\u00e1s, Delgado Bogaert y el exdiputado vegano Rafael Rosario Gal\u00e1n (Yayo), en representaci\u00f3n de los partidos de derecha (MIDA, PRSC y PQD); adem\u00e1s de la se\u00f1ora Carmen Mazara, viuda de Maximiliano G\u00f3mez Horacio (El Moreno) y el se\u00f1or Luis Evangelista Rodr\u00edguez Minier (Iv\u00e1n), por el Movimiento Popular Dominicano (MPD), la L\u00ednea Roja del 14 de Junio y el bloque de izquierda revolucionaria.<\/p>\n\n\n\n<p>Fungieron como moderadores, Emmanuel Espinal Hern\u00e1ndez (Manny), director del programa radial \u201cTribuna Democr\u00e1tica\u201d, \u00f3rgano oficial del PRD y el doctor Euclides Guti\u00e9rrez F\u00e9lix, director de prensa de esa entidad.<\/p>\n\n\n\n<p>Cabe destacar que aunque Bosch era el art\u00edfice indiscutible del Bloque de la Dignidad Nacional, como oferta program\u00e1tica y unitaria de su partido a casi toda la oposici\u00f3n, a excepci\u00f3n del Partido Comunista de la Rep\u00fablica Dominicana (PACOREDO), su relanzamiento en agosto de 1973 tuvo como pregonero entusiasta al secretario general del PQD, doctor Campillo P\u00e9rez, empecinado en que se definiera el m\u00e9todo de lucha que se utilizar\u00eda para desplazar a Balaguer del poder y quien, al margen de toda ambici\u00f3n personal o partidista, cre\u00eda en la conveniencia de seleccionar con tiempo un candidato presidencial independiente para las elecciones de 1974.<\/p>\n\n\n\n<p>El principal ejecutivo del partido wessinista reforz\u00f3 su convicci\u00f3n con una exhortaci\u00f3n al PRD y sus aliados a que escogieran al doctor Pe\u00f1a G\u00f3mez como su candidato a senador por el Distrito Nacional, convencido de que con su popularidad y carisma podr\u00eda contribuir a fortalecer cualquier f\u00f3rmula presidencial.<\/p>\n\n\n\n<p>Tambi\u00e9n tuvo un papel estelar en la estructuraci\u00f3n de la alianza el se\u00f1or Luis Amiama Ti\u00f3, sobreviviente de la gesta heroica del 30 de Mayo, ya que le imprimi\u00f3 confianza a este proyecto unitario cuando nombr\u00f3 una comisi\u00f3n del GIAT (Grupo Independiente Amiama Ti\u00f3), para que estudiara y discutiera con t\u00e9cnicos perrede\u00edstas el programa de gobierno de la Dignidad Nacional, finalmente suscrito por sus representantes en una solemne ceremonia efectuada durante la tarde del 26 de septiembre de 1973 en la casa nacional del PRD, situada en la avenida Bol\u00edvar esquina Cervantes del sector de Gascue, donde habl\u00f3 su hermano, el excanciller de la Rep\u00fablica doctor Fernando Arturo Amiama Ti\u00f3 (Marullo).<\/p>\n\n\n\n<p>En este acto Bosch cuestion\u00f3 a quienes pon\u00edan en duda la efectividad de un acuerdo entre fuerzas sociales adscritas a diferentes ideolog\u00edas, porque a su juicio no hab\u00edan estudiado pol\u00edtica de una manera cient\u00edfica y desconoc\u00edan \u201clos hechos hist\u00f3ricos que a lo largo de los siglos nos demuestran que la unidad entre diferentes sectores sociales y pol\u00edticos con diferentes posiciones pol\u00edticas, se ha producido ya en otras partes del mundo\u201d.<\/p>\n\n\n\n<p>Cit\u00f3 como ejemplo la guerra de 1870 entre Alemania y Francia, donde \u201cse juntaron todas las clases sociales francesas para hacerle frente al avance alem\u00e1n y fue s\u00f3lo despu\u00e9s de la derrota de las fuerzas francesas cuando se produjo el levantamiento de los trabajadores, conocido en la historia como la primera revoluci\u00f3n proletaria, el primer movimiento proletario, es decir, el movimiento de la Comuna. Despu\u00e9s de la derrota francesa, apareci\u00f3 la divisi\u00f3n en las filas del pueblo franc\u00e9s\u201d.<\/p>\n\n\n\n<p>Tambi\u00e9n mencion\u00f3 la \u00faltima gran Guerra Mundial, donde \u201clas fuerzas de extrema izquierda de ese momento en el mundo estaban representadas por la Uni\u00f3n Sovi\u00e9tica, \u00fanico pa\u00eds socialista que se conoc\u00eda entonces, y las fuerzas de la extrema derecha estaban representadas por el nazismo alem\u00e1n que hab\u00eda atacado a Francia y a Holanda y a B\u00e9lgica, que estaba atacando a Noruega y a Inglaterra. Los rusos, es decir los l\u00edderes de la Uni\u00f3n Sovi\u00e9tica, los que gobernaban en la Uni\u00f3n Sovi\u00e9tica, pa\u00eds de trabajadores, estado proletario y socialista, vieron en peligro su patria, vieron en peligro su tierra, vieron en peligro su organizaci\u00f3n pol\u00edtica, vieron en peligro el gobierno del proletariado de la Uni\u00f3n Sovi\u00e9tica. \u00bfY qu\u00e9 hicieron entonces? \u00bfQu\u00e9 hizo Stalin entonces? Llegaron a un pacto con Hitler. \u00bfPara qu\u00e9? Para ganar tiempo\u201d.<\/p>\n\n\n\n<p>Record\u00f3 que \u201cHitler, es decir, la extrema derecha mundial, acept\u00f3 el pacto porque ten\u00eda miedo de que mientras \u00e9l atacaba a Inglaterra, la Uni\u00f3n Sovi\u00e9tica lo atacara por la espalda en Polonia y en Checoeslovaquia y avanzara sobre Alemania. Es decir, tambi\u00e9n la Alemania nazi lleg\u00f3 al pacto con Stalin porque la Alemania nazi tem\u00eda al estado sovi\u00e9tico, tem\u00eda al poder socialista y as\u00ed llegaron a pactar en un momento dado de la historia, no ya las clases de un s\u00f3lo pa\u00eds para defenderse, sino las clases con su ideolog\u00eda, las clases opuestas con su ideolog\u00eda opuesta y con estados organizados de manera diferente y sobre la base de una estructura social diferente, pactaron tambi\u00e9n en el a\u00f1o 1939 \u00f3 en el 1940\u201d.<\/p>\n\n\n\n<p>Asegur\u00f3 que la constituci\u00f3n del Bloque de la Dignidad Nacional se deb\u00eda a que: \u201cAqu\u00ed, se\u00f1ores, este pa\u00eds est\u00e1 en peligro; y el pueblo entero lo sabe y lo saben todas las clases, saben que la Rep\u00fablica Dominicana est\u00e1 en las puertas de un gran peligro y por eso el pueblo con su instinto fin\u00edsimo est\u00e1 apoyando la unidad desde el primer d\u00eda; la unidad entre todas las clases y los representantes pol\u00edticos de esas clases que est\u00e9n dispuestos a salvar al pa\u00eds del peligro, del peligro en que se encuentra, del peligro que lo amenaza\u201d.<\/p>\n\n\n\n<p><strong>Quiebra y extinci\u00f3n del Bloque<\/strong><\/p>\n\n\n\n<p>Pese al empe\u00f1o de la dirigencia perrede\u00edsta y sus aliados en construir un bloque opositor que enfrentara y venciera a Balaguer, ese prop\u00f3sito se vio afectado en noviembre de 1973 por la divisi\u00f3n del PRD y la encolerizada disputa entre miembros de esa entidad&nbsp;pol\u00edtica y del nuevo Partido de la Liberaci\u00f3n Dominicana (PLD), fundado por Bosch, por el control de inmuebles y bienes que dec\u00edan pertenecerles, incluyendo una moderna imprenta donada por el Partido Obrero Social Dem\u00f3crata Sueco, los locales donde operaban los comit\u00e9s municipales y zonales y la casa nacional de la avenida Bol\u00edvar con Cervantes, en la capital, cuyo alquiler desde el a\u00f1o 1963 estaba a nombre de Pe\u00f1a, figurando como su fiador el empresario Jos\u00e9 Antonio Brea Pe\u00f1a, propietario de Radio Comercial, Radio Visi\u00f3n y Radio Cristal.<\/p>\n\n\n\n<p>Ese ambiente de denuncias y querellas dio lugar a que el PRD, que segu\u00eda siendo el principal partido de oposici\u00f3n, abandonara el Bloque de la Dignidad Nacional, acompa\u00f1ado del PQD, el MPD y el partido del machete verde, para formar a finales del mes de diciembre una coalici\u00f3n electoral denominada \u201cAcuerdo de Santiago\u201d.<\/p>\n\n\n\n<p>Con el PLD a la cabeza, Bosch hizo un nuevo esfuerzo por mantener en pie el bloque unitario, contando con el respaldo de sus fieles aliados del GIAT y de seis de los siete partidos de la izquierda revolucionaria que concentraban su accionar pol\u00edtico en los sindicatos, los clubes y centros escolares, desarrollando una campa\u00f1a de denuncia llamando a la poblaci\u00f3n \u00aba no dejarse enga\u00f1ar por los divisionistas del Acuerdo de Santiago que pretende llevarlos a la farsa electoral para lograr algunas sindicaturas y diputaciones con que satisfacer la ambici\u00f3n de cargos y dinero de varios dirigentes oportunistas del PRD, PRSC y PQD\u00bb.<\/p>\n\n\n\n<p>Sin embargo, la alianza de los dignos se hab\u00eda empeque\u00f1ecido por estar s\u00f3lo constituida por partidos de cuadros y carecer del atractivo necesario para agenciarse el apoyo del exvicepresidente Lora, quien en un reciente encuentro con dirigentes del MIDA, efectuado en el municipio de La Vega, acababa de decir, en referencia al programa de la Dignidad Nacional, que no estaba \u201c<em>ni estamos de acuerdo con la generalidad del contenido del citado proyecto\u201d, porque \u201csiempre juzgamos ese programa como carente de todo tacto pol\u00edtico, que es como decir carente de imaginaci\u00f3n y de sensibilidad genuinamente aut\u00f3ctona<\/em>\u201d.<\/p>\n\n\n\n<p>La declinaci\u00f3n de la alianza boschista se manifestar\u00eda con claridad meridiana el domingo 17 de marzo en la populosa barriada de Guachupita, debajo del puente Francisco del Rosario S\u00e1nchez, donde llev\u00f3 a cabo una nueva concentraci\u00f3n nacional. Bosch lleg\u00f3 all\u00ed acompa\u00f1ado de su asistente Domingo Mariotti, a las 10:15 de la ma\u00f1ana, pero decepcionado por la pobre asistencia se retir\u00f3 intempestivamente a las 11:40.<\/p>\n\n\n\n<figure class=\"wp-block-image size-full\"><img loading=\"lazy\" decoding=\"async\" width=\"248\" height=\"322\" src=\"https:\/\/diariodominicano.com\/wp-content\/uploads\/2022\/08\/1661559771044_ivan-rodriguez.png\" alt=\"\" class=\"wp-image-378928\" srcset=\"https:\/\/diariodominicano.com\/wp-content\/uploads\/2022\/08\/1661559771044_ivan-rodriguez.png 248w, https:\/\/diariodominicano.com\/wp-content\/uploads\/2022\/08\/1661559771044_ivan-rodriguez-231x300.png 231w\" sizes=\"auto, (max-width: 248px) 100vw, 248px\" \/><figcaption>Iv\u00e1n Rodr\u00edguez<\/figcaption><\/figure>\n\n\n\n<p>El doctor Di\u00f3medes Mercedes, dirigente del PLD, atribuy\u00f3 el retiro a que los organizadores de la manifestaci\u00f3n hab\u00edan convenido que cada orador hablar\u00eda siete minutos, pero el ya mencionado dirigente catorcista Iv\u00e1n Rodr\u00edguez hab\u00eda violado el acuerdo, pues se pas\u00f3 ocho o diez minutos del tiempo asignado, con un discurso vibrante para levantarle el \u00e1nimo al escaso p\u00fablico.<\/p>\n\n\n\n<p>Luego del retiro de Bosch hablaron Jaime Manuel Fern\u00e1ndez, del MCN; Fernando Amiama Ti\u00f3, del GIAT; Pedro Guillermo Delmonte Urraca, de la UCN; Domingo Mart\u00ednez Feliciano, de la ASD y F\u00e9lix Servio Doucudray, del PSP.<\/p>\n\n\n\n<p>Ese mitin se hab\u00eda realizado para estimular el resurgimiento del Bloque de la Dignidad Nacional, pero culmin\u00f3 con una marcha de centenares de participantes por la calle Padre Castellanos, rumbo a los barrios aleda\u00f1os gritando la consigna: \u201c<em>Acuerdo de Santiago es la soluci\u00f3n<\/em>\u201d.\u00a0<\/p>\n\n\n\n<p>sebastian del pilar<a target=\"_blank\" href=\"mailto:sebastian_delpilar@yahoo.com\" rel=\"noreferrer noopener\">sebastian_delpilar@yahoo.com<\/a><\/p>\n","protected":false},"excerpt":{"rendered":"<p>Sebasti\u00e1n del Pilar S\u00e1nchez \u201c\u00a1Unidad de acci\u00f3n contra Balaguer!\u201d,&nbsp;era el grito unitario de millares de personas de toda la geograf\u00eda nacional reunidas en el Estadio Cibao el domingo 7 de octubre de 1973, en apoyo al reci\u00e9n formado Bloque de la Dignidad Nacional y su propuesta de cambio para sustituir el gobierno del doctor Joaqu\u00edn [&hellip;]<\/p>\n","protected":false},"author":28,"featured_media":378930,"comment_status":"closed","ping_status":"","sticky":true,"template":"","format":"standard","meta":{"footnotes":""},"categories":[21,22,27],"tags":[],"class_list":["post-378916","post","type-post","status-publish","format-standard","has-post-thumbnail","hentry","category-cultura","category-politica","category-portada"],"_links":{"self":[{"href":"https:\/\/diariodominicano.com\/index.php?rest_route=\/wp\/v2\/posts\/378916","targetHints":{"allow":["GET"]}}],"collection":[{"href":"https:\/\/diariodominicano.com\/index.php?rest_route=\/wp\/v2\/posts"}],"about":[{"href":"https:\/\/diariodominicano.com\/index.php?rest_route=\/wp\/v2\/types\/post"}],"author":[{"embeddable":true,"href":"https:\/\/diariodominicano.com\/index.php?rest_route=\/wp\/v2\/users\/28"}],"replies":[{"embeddable":true,"href":"https:\/\/diariodominicano.com\/index.php?rest_route=%2Fwp%2Fv2%2Fcomments&post=378916"}],"version-history":[{"count":6,"href":"https:\/\/diariodominicano.com\/index.php?rest_route=\/wp\/v2\/posts\/378916\/revisions"}],"predecessor-version":[{"id":378933,"href":"https:\/\/diariodominicano.com\/index.php?rest_route=\/wp\/v2\/posts\/378916\/revisions\/378933"}],"wp:featuredmedia":[{"embeddable":true,"href":"https:\/\/diariodominicano.com\/index.php?rest_route=\/wp\/v2\/media\/378930"}],"wp:attachment":[{"href":"https:\/\/diariodominicano.com\/index.php?rest_route=%2Fwp%2Fv2%2Fmedia&parent=378916"}],"wp:term":[{"taxonomy":"category","embeddable":true,"href":"https:\/\/diariodominicano.com\/index.php?rest_route=%2Fwp%2Fv2%2Fcategories&post=378916"},{"taxonomy":"post_tag","embeddable":true,"href":"https:\/\/diariodominicano.com\/index.php?rest_route=%2Fwp%2Fv2%2Ftags&post=378916"}],"curies":[{"name":"wp","href":"https:\/\/api.w.org\/{rel}","templated":true}]}}