{"id":37882,"date":"2006-07-11T11:26:04","date_gmt":"2006-07-11T11:26:04","guid":{"rendered":"http:\/\/diariodominicano.ddns.net\/?p=37882"},"modified":"2006-07-11T11:26:04","modified_gmt":"2006-07-11T11:26:04","slug":"la-doctrina-militar-3","status":"publish","type":"post","link":"https:\/\/diariodominicano.com\/?p=37882","title":{"rendered":"La doctrina militar"},"content":{"rendered":"<p><body><\/p>\n<p align=\"justify\" class=\"titulogrande1\"><strong>La doctrina militar<\/strong><\/p>\n<p>&#13;<\/p>\n<p align=\"justify\" class=\"text1noticias\">Las Fuerzas Armadas dominicanas est\u00e1n involucradas, en  los actuales momentos, en un din\u00e1mico y ambicioso programa de reforma y  modernizaci\u00f3n que se manifiesta, entre otros aspectos, en la revisi\u00f3n y  readecuaci\u00f3n de sus m\u00e9todos y procedimientos operativos, la transformaci\u00f3n de  sus esquemas de entrenamiento, capacitaci\u00f3n y educaci\u00f3n, la modernizaci\u00f3n de su  plataforma tecnol\u00f3gica, el acondicionamiento de sus estructuras f\u00edsicas y, en  fin, en un proceso que se propone colocar a nuestras instituciones militares a  tono con las exigencias de una sociedad moderna y globalizada.<\/p>\n<p>&#13;<\/p>\n<p align=\"justify\" class=\"text1noticias\">Este proceso, que se inici\u00f3 informalmente hace ya diez  a\u00f1os, ahora adquiere caracter\u00edsticas de programa, con el dise\u00f1o de un Plan  Estrat\u00e9gico que ha incluido el levantamiento de la informaci\u00f3n necesaria para  sustentar los cambios, modificaciones y adiciones que los tres cuerpos  castrenses requieren con miras a su readecuaci\u00f3n institucional.<\/p>\n<p>&#13;<\/p>\n<p align=\"justify\" class=\"text1noticias\">Aunque las Fuerzas Armadas han pasado por varios  procesos reformadores en su historia de m\u00e1s de 162 a\u00f1os de servicio a la  Naci\u00f3n, es la primera vez que desde sus propias entra\u00f1as surgen iniciativas de  cambio, nacidas de una oficialidad joven, formada en la democracia, profesional  y consciente de su papel en el desarrollo y el progreso de la Rep\u00fablica.<\/p>\n<p>&#13;<\/p>\n<p align=\"justify\" class=\"text1noticias\">Por muchos a\u00f1os, nuestras instituciones Armadas se  vieron compelidas a seguir patrones operativos estructurados para otras Fuerzas  y con otros intereses, surgidos a la luz de circunstancias geoestrat\u00e9gicas y  sociopol\u00edticas avasallantes, apenas superadas despu\u00e9s de la ca\u00edda del Muro de  Berl\u00edn y el fin de la llamada \u201cGuerra Fr\u00eda\u201d, per\u00edodo en el cual se empieza a  tomar conciencia de la necesidad de un dise\u00f1o doctrinal ajustado a nuestras  propias realidades.<\/p>\n<p>&#13;<\/p>\n<p align=\"justify\" class=\"text1noticias\">En ese tenor, la creaci\u00f3n de la Escuela Superior de  las FF.AA. en el a\u00f1o 1983, precursora del actual Instituto Militar de Educaci\u00f3n  Superior (IMES), sirvi\u00f3 de laboratorio de experimentaci\u00f3n donde se empezaron a  formar nuestros primeros oficiales superiores en las destrezas y t\u00e9cnicas de  Estado Mayor, permitiendo que paulatinamente esta Escuela se empezara a  independizar del modelo doctrinal importado que le sirvi\u00f3 de gu\u00eda, bajo cuyas  directrices se formaron varias generaciones de militares dominicanos.<\/p>\n<p>&#13;<\/p>\n<p align=\"justify\" class=\"text1noticias\">La transformaci\u00f3n de toda una cultura militar,  indefectiblemente ligada a una l\u00ednea de acci\u00f3n y de pensar muy com\u00fan en  Latinoam\u00e9rica, ha sido, seg\u00fan la opini\u00f3n de los observadores y expertos,  vertiginosa para el caso dominicano, pues se entiende que en todo proceso de  reforma y modernizaci\u00f3n la resistencia se manifiesta con mayor intensidad  precisamente en los aspectos culturales, asumi\u00e9ndose con menor esfuerzo las  innovaciones tecnol\u00f3gicas.<\/p>\n<p>&#13;<\/p>\n<p align=\"justify\" class=\"text1noticias\">Es por ello que asumir el reto de crear, de dise\u00f1ar  una doctrina propia ajustada a nuestras necesidades de defensa y seguridad \u2014que  responda a las inquietudes y exigencias de la sociedad a la que servimos\u2014 se  convierte en un hecho trascendente para las Fuerzas Armadas de la Rep\u00fablica  Dominicana.<\/p>\n<p>&#13;<\/p>\n<p align=\"justify\" class=\"text1noticias\">Carl von Clausewitz, prominente pensador militar  alem\u00e1n, sentenci\u00f3 una vez: \u201cLa doctrina solo sirve al ej\u00e9rcito para el cual fue  formulada\u201d, dejando claro que muchos de los errores y fracasos militares de la  historia se han debido de alguna forma a desobediencias de esta regla.<\/p>\n<p>&#13;<\/p>\n<p align=\"justify\" class=\"text1noticias\">El programa de reforma que las Fuerzas Armadas se han  propuesto para los pr\u00f3ximos veinte a\u00f1os, y que la actual administraci\u00f3n ha retomado  siguiendo los lineamientos de su <u>Planeamiento<\/u> Estrat\u00e9gico, plantea como eje fundamental la revisi\u00f3n  y readecuaci\u00f3n de la Ley 873, de 1978 (Ley Org\u00e1nica de las FF.AA.), la  formulaci\u00f3n de una Ley de Seguridad y Defensa y el dise\u00f1o de una doctrina militar  propia, en donde quedar\u00edan conjugados los lineamientos y prop\u00f3sitos nacionales,  incluyendo la definici\u00f3n de una pol\u00edtica de defensa del Estado dominicano y la  identificaci\u00f3n de los objetivos nacionales \u2014que ser\u00edan la gu\u00eda para la  formulaci\u00f3n de la estrategia militar nacional\u2014, entre otros elementos  necesarios e imprescindibles para que a la luz de los esquemas actualmente en  uso se pueda hablar de una pol\u00edtica oficial en materia de defensa y seguridad.<\/p>\n<p>&#13;<\/p>\n<p align=\"justify\" class=\"text1noticias\">Vista entonces la relaci\u00f3n estrecha que algunas partes  del proceso de reforma tienen entre s\u00ed, de tal forma que la consecuci\u00f3n de un  objetivo supedita el logro y \u00e9xito de los siguientes, es probable que para los  m\u00e1s esc\u00e9pticos sea ahora sencillo entender la importancia y trascendencia que  en el corto plazo tendr\u00e1 para las FF.AA. contar con su propia visi\u00f3n  doctrinaria, que a lo sumo ser\u00e1 la presentaci\u00f3n formal de sus \u201ccartas  credenciales\u201d, de una identidad propia como Fuerzas Armadas nacionales que  refleje nuestra idiosincrasia y nuestra manera particular de visualizar las  cuestiones fundamentales de la defensa y seguridad del pa\u00eds, y su vinculaci\u00f3n e  interacci\u00f3n con el entorno, dado que, y seg\u00fan lo hemos recalcado en un art\u00edculo  anterior, \u201clas reformas son en cuanto a la democratizaci\u00f3n, la adaptaci\u00f3n al nuevo  entorno de seguridad y a la internacionalizaci\u00f3n\u201d.<\/p>\n<p>&#13;<\/p>\n<p align=\"justify\" class=\"text1noticias\">Es importante resaltar que entre doctrina y  entrenamiento existe una relaci\u00f3n tan estrecha, que es posible armonizar las  proyecciones formativas que desde el punto de vista operativo son deseables para  vertebrar unas Fuerzas con capacidad para hacer frente a las amenazas y  riesgos, mientras se fortalecen las bases ideol\u00f3gicas e institucionales que  hagan posible que la sociedad sienta confianza y se identifique con sus Fuerzas  Armadas.<\/p>\n<p>&#13;<\/p>\n<p align=\"justify\" class=\"text1noticias\">Por ello, en nuestro  dise\u00f1o doctrinal, con sus proyecciones retrospectiva y futurista, sino tambi\u00e9n  la definici\u00f3n de los valores y principios que por d\u00e9cadas han guiado nuestro  proceder \u00e9tico y moral, el concepto de defensa nacional, el ambiente  operacional, las operaciones conjuntas \u2014explicadas con detalles en nuestro  aporte anterior\u2014 y las operaciones militares no b\u00e9licas, lo que complementado  con una adecuada orientaci\u00f3n instruccional, formativa y educativa hacen prever  que las Fuerzas Armadas dominicanas, por primera vez en su larga historia,  podr\u00e1n construir una visi\u00f3n y concepto defensivo acorde con sus necesidades; en  otras palabras, tendr\u00e1n identidad propia.<\/p>\n<p>&#13;<\/p>\n<h6> 2006-07-11 11:26:04 <\/h6>\n<p><!--\n<link rel=\"stylesheet\" href=\"css\/bootstrap.min.css\">\n\n\n<ul class=\"pagination\">\n\t    \n\t\n\n<li >\n\t<a href='?page_no=13599'>Previous<\/a>\n\t<\/li>\n\n\n       \n    \n\n<li><a href='?page_no=1'>1<\/a><\/li>\n\n\n\n<li><a href='?page_no=2'>2<\/a><\/li>\n\n\n\n<li><a>...<\/a><\/li>\n\n\n\n<li><a href='?page_no=13598'>13598<\/a><\/li>\n\n\n\n<li><a href='?page_no=13599'>13599<\/a><\/li>\n\n\n\n<li class='active'><a>13600<\/a><\/li>\n\n\n\n<li><a href='?page_no=13601'>13601<\/a><\/li>\n\n\n\n<li><a href='?page_no=13602'>13602<\/a><\/li>\n\n\n\n<li><a>...<\/a><\/li>\n\n\n\n<li><a href='?page_no=13611'>13611<\/a><\/li>\n\n\n\n<li><a href='?page_no=13612'>13612<\/a><\/li>\n\n    \n\t\n\n<li >\n\t<a href='?page_no=13601'>Next<\/a>\n\t<\/li>\n\n\n    \n\n<li><a href='?page_no=13612'>Last &rsaquo;&rsaquo;<\/a><\/li>\n\n<\/ul>\n\n\n--><br \/>\n<\/body><\/p>\n","protected":false},"excerpt":{"rendered":"<p>La doctrina militar &#13; Las Fuerzas Armadas dominicanas est\u00e1n involucradas, en los actuales momentos, en un din\u00e1mico y ambicioso programa de reforma y modernizaci\u00f3n que se manifiesta, entre otros aspectos, en la revisi\u00f3n y readecuaci\u00f3n de sus m\u00e9todos y procedimientos operativos, la transformaci\u00f3n de sus esquemas de entrenamiento, capacitaci\u00f3n y educaci\u00f3n, la modernizaci\u00f3n de su [&hellip;]<\/p>\n","protected":false},"author":3,"featured_media":0,"comment_status":"open","ping_status":"open","sticky":false,"template":"","format":"standard","meta":{"footnotes":""},"categories":[16],"tags":[],"class_list":["post-37882","post","type-post","status-publish","format-standard","hentry","category-opiniones"],"_links":{"self":[{"href":"https:\/\/diariodominicano.com\/index.php?rest_route=\/wp\/v2\/posts\/37882","targetHints":{"allow":["GET"]}}],"collection":[{"href":"https:\/\/diariodominicano.com\/index.php?rest_route=\/wp\/v2\/posts"}],"about":[{"href":"https:\/\/diariodominicano.com\/index.php?rest_route=\/wp\/v2\/types\/post"}],"author":[{"embeddable":true,"href":"https:\/\/diariodominicano.com\/index.php?rest_route=\/wp\/v2\/users\/3"}],"replies":[{"embeddable":true,"href":"https:\/\/diariodominicano.com\/index.php?rest_route=%2Fwp%2Fv2%2Fcomments&post=37882"}],"version-history":[{"count":0,"href":"https:\/\/diariodominicano.com\/index.php?rest_route=\/wp\/v2\/posts\/37882\/revisions"}],"wp:attachment":[{"href":"https:\/\/diariodominicano.com\/index.php?rest_route=%2Fwp%2Fv2%2Fmedia&parent=37882"}],"wp:term":[{"taxonomy":"category","embeddable":true,"href":"https:\/\/diariodominicano.com\/index.php?rest_route=%2Fwp%2Fv2%2Fcategories&post=37882"},{"taxonomy":"post_tag","embeddable":true,"href":"https:\/\/diariodominicano.com\/index.php?rest_route=%2Fwp%2Fv2%2Ftags&post=37882"}],"curies":[{"name":"wp","href":"https:\/\/api.w.org\/{rel}","templated":true}]}}