{"id":37880,"date":"2020-07-26T17:33:47","date_gmt":"2020-07-26T17:33:47","guid":{"rendered":"http:\/\/diariodominicano.ddns.net\/?p=37880"},"modified":"2020-07-26T17:33:47","modified_gmt":"2020-07-26T17:33:47","slug":"abandonemos-la-idea-de-poner-grilletes-a-la-poetica-aurora-que-nos-vive","status":"publish","type":"post","link":"https:\/\/diariodominicano.com\/?p=37880","title":{"rendered":"\u00abAbandonemos la idea de poner grilletes a la po\u00e9tica aurora que nos vive\u00bb"},"content":{"rendered":"<p><body><\/p>\n<p>ALGO M\u00c1S QUE PALABRAS<\/p>\n<\/p>\n<p>FUEGO DE INTERESES <\/p>\n<p> \u00abAbandonemos la idea de poner grilletes a la po\u00e9tica aurora que nos vive\u00bb<\/p>\n<p>=============================<\/p>\n<p>V\u00edctor CORCOBA HERRERO\/ Escritor<\/p>\n<p>corcoba@telefonica.net\t<\/p>\n<p>============================= <\/p>\n<p>\tMientras el mundo se nos queda peque\u00f1o, las dificultades y los sufrimientos se acrecientan por doquier. Ciertamente, vivimos un periodo dif\u00edcil para todos, para algunos muy complicado, que requiere cuando menos la cercan\u00eda de sus an\u00e1logos. A veces pienso que hemos perdido la capacidad de amar y hasta el deseo de sentirnos amados. Hay un fuego de intereses dispuesto a quemar vidas que realmente nos deja desolados. Quiz\u00e1s nos hayamos encerrado en el desinter\u00e9s, y tengamos la repetici\u00f3n de nuestra misma penalidad en nuestros propios ojos, la de que cada ser no piense m\u00e1s all\u00e1 de sus andares, sin importarle lo m\u00e1s m\u00ednimo el paso de los dem\u00e1s. Convendr\u00eda, luego, dejarnos acompa\u00f1ar; avivar la mano tendida, sembrar gestos de ternura hacia los que sufren, hacia aquellas gentes vulnerables, como los ni\u00f1os y los ancianos.<\/p>\n<\/p>\n<p>\tMe niego a creer que no tengamos m\u00e1s alianzas que las que dise\u00f1an los intereses mundanos. Tal vez hayamos perdido tambi\u00e9n esa m\u00edstica donaci\u00f3n, injertada en nuestra propia conciencia, a cambio de nada. \u00bfD\u00f3nde est\u00e1n los valores del ser humano? No miramos m\u00e1s all\u00e1 de los dividendos y as\u00ed nos devoramos sin respeto. Apenas compartimos sonrisa alguna, tampoco l\u00e1grimas, ya no digamos di\u00e1logos fruct\u00edferos, cada cual quiere sacar adelante sus propias ideas, machacar lo diferente para uniformar horizontes. Por favor, no trunquemos la libertad que todos nos merecemos, por el hecho de haber nacido. \u00a1Dejemos de cometer m\u00e1s cr\u00edmenes en su nombre! Es algo innato, el derecho a ser due\u00f1os de nuestra propia vida, \u00a1d\u00e9jennosla conquistar cada amanecer! Abandonemos la idea de poner grilletes a la po\u00e9tica aurora que nos vive. Seamos responsables, despoj\u00e9monos de las apariencias, pensemos y hablemos sin hipocres\u00eda.<\/p>\n<\/p>\n<p>\tPor desgracia, a\u00fan nos batimos m\u00e1s por nuestras pertenencias y beneficios que por nuestros derechos y obligaciones. Lo importante es llegar a ser una persona interesante, jam\u00e1s interesada, dispuesta a poner en pr\u00e1ctica sus compromisos, m\u00e1xime en un tiempo en el que todo nos afecta a todos. Tampoco es el momento para el desvar\u00edo y la debacle, en juicios egoc\u00e9ntricos y discursos materialistas, puesto que lo fundamental es que la ciudadan\u00eda se consensue en actitudes menos ego\u00edstas y m\u00e1s constructivas, comenzando por una mayor observancia al pulm\u00f3n de los bosques, necesarios para todo el planeta, por el aliento que nos infunden. A prop\u00f3sito, nos consta que el verano de 2019 fue inusual en t\u00e9rminos de actividad de incendios en las altas latitudes, pero este 2020 parece estar evolucionando de manera similar. No aprendemos la lecci\u00f3n, aunque se nos advierta que el humo desprende una amplia gama de contaminantes.<\/p>\n<\/p>\n<p>\tSea como fuere, estamos tan sumidos en la mezquindad dominadora, que aunque los cient\u00edficos nos digan que en los pr\u00f3ximos cinco a\u00f1os seguir\u00e1 aumentando la temperatura mundial, apenas cambiamos de comportamientos. Nos importa nada que los osos polares, que como todos sabemos son un s\u00edmbolo del cambio clim\u00e1tico, podr\u00edan estar casi extintos en un futuro cercano. El inter\u00e9s es la rueda principal de la m\u00e1quina del mundo. Hay que decir \u00a1no! al componente del logro. Tenemos un coraz\u00f3n. Permit\u00e1moslo latir y aprendamos a mirar con sus ojos. La competici\u00f3n interesada y el engreimiento destruyen los cimientos de los v\u00ednculos, siembran conflictos y dividen, cuando en realidad estamos llamados a fraternizarnos, a ser la gran familia humana, donde todos hemos de tener cabida y consideraci\u00f3n. <\/p>\n<\/p>\n<p>\tPor cierto, el reformador alem\u00e1n Mart\u00edn Lutero (1483-1546), ya confesaba, en su diario ejercicio viviente, tener tres perros peligrosos consigo: \u00abLa ingratitud, la soberbia y la envidia\u00bb. Sin duda, cuando muerden dejan una llaga penetrante. Puede que todav\u00eda no nos hayamos curado. Y as\u00ed, nos hemos acostumbrado a caminar contra natura, a encajar con aquello que nos reporta beneficio, a movernos por el mercado de las finanzas como si fu\u00e9semos un objeto de compra venta m\u00e1s, obviando que tambi\u00e9n nos dulcifican el andar, otras cuestiones y otras actitudes que el dinero no puede comprar. Confiemos en que la riqueza cada d\u00eda abra menos puertas, ya que no hemos nacido para aplastarnos unos a otros, sino para consolarnos y liberarnos entre s\u00ed. De una vez por todas, pongamos fin a las contiendas in\u00fatiles, incluso en nuestro propio hogar empieza muchas veces la guerra con el chismorreo, o en nuestro puesto de trabajo, cuando lo que tenemos que buscar siempre es la concordia y no el logro terrenal. <\/p>\n<\/p>\n<p>Est\u00e1 visto que nos necesitamos. Es p\u00fablico y notorio que si el mundo debe afrontar unido la pandemia, tambi\u00e9n la ciudadan\u00eda, cada cual desde su cultura y por pertenecer a este mundo globalizado, ha de poner el alma por completo a disposici\u00f3n de sus semejantes, para que pueda hermanarse. S\u00f3lo as\u00ed podremos tener gozos y alegr\u00edas en abundancia. De lo contrario, si hacemos el bien por inter\u00e9s, seremos calculadores y cautelosos, pero nunca humanos de verdad. El mismo lazo de la amistad, que vale casi tanto como el de la familia, comienza donde termina o cuando concluye, el rendimiento del provecho.<\/p>\n<p> V\u00edctor CORCOBA HERRERO \/ Escritor<\/p>\n<p>corcoba@telefonica.net<\/p>\n<p>26 de julio de 2020.-<\/p>\n<h6> 2020-07-26 17:33:47 <\/h6>\n<p><!--\n<link rel=\"stylesheet\" href=\"css\/bootstrap.min.css\">\n\n\n<ul class=\"pagination\">\n\t    \n\t\n\n<li >\n\t<a href='?page_no=135'>Previous<\/a>\n\t<\/li>\n\n\n       \n    \n\n<li><a href='?page_no=1'>1<\/a><\/li>\n\n\n\n<li><a href='?page_no=2'>2<\/a><\/li>\n\n\n\n<li><a>...<\/a><\/li>\n\n\n\n<li><a href='?page_no=134'>134<\/a><\/li>\n\n\n\n<li><a href='?page_no=135'>135<\/a><\/li>\n\n\n\n<li class='active'><a>136<\/a><\/li>\n\n\n\n<li><a href='?page_no=137'>137<\/a><\/li>\n\n\n\n<li><a href='?page_no=138'>138<\/a><\/li>\n\n\n\n<li><a>...<\/a><\/li>\n\n\n\n<li><a href='?page_no=13611'>13611<\/a><\/li>\n\n\n\n<li><a href='?page_no=13612'>13612<\/a><\/li>\n\n    \n\t\n\n<li >\n\t<a href='?page_no=137'>Next<\/a>\n\t<\/li>\n\n\n    \n\n<li><a href='?page_no=13612'>Last &rsaquo;&rsaquo;<\/a><\/li>\n\n<\/ul>\n\n\n--><br \/>\n<\/body><\/p>\n","protected":false},"excerpt":{"rendered":"<p>ALGO M\u00c1S QUE PALABRAS FUEGO DE INTERESES \u00abAbandonemos la idea de poner grilletes a la po\u00e9tica aurora que nos vive\u00bb ============================= V\u00edctor CORCOBA HERRERO\/ Escritor corcoba@telefonica.net ============================= Mientras el mundo se nos queda peque\u00f1o, las dificultades y los sufrimientos se acrecientan por doquier. Ciertamente, vivimos un periodo dif\u00edcil para todos, para algunos muy complicado, que [&hellip;]<\/p>\n","protected":false},"author":3,"featured_media":0,"comment_status":"open","ping_status":"open","sticky":false,"template":"","format":"standard","meta":{"footnotes":""},"categories":[16],"tags":[],"class_list":["post-37880","post","type-post","status-publish","format-standard","hentry","category-opiniones"],"_links":{"self":[{"href":"https:\/\/diariodominicano.com\/index.php?rest_route=\/wp\/v2\/posts\/37880","targetHints":{"allow":["GET"]}}],"collection":[{"href":"https:\/\/diariodominicano.com\/index.php?rest_route=\/wp\/v2\/posts"}],"about":[{"href":"https:\/\/diariodominicano.com\/index.php?rest_route=\/wp\/v2\/types\/post"}],"author":[{"embeddable":true,"href":"https:\/\/diariodominicano.com\/index.php?rest_route=\/wp\/v2\/users\/3"}],"replies":[{"embeddable":true,"href":"https:\/\/diariodominicano.com\/index.php?rest_route=%2Fwp%2Fv2%2Fcomments&post=37880"}],"version-history":[{"count":0,"href":"https:\/\/diariodominicano.com\/index.php?rest_route=\/wp\/v2\/posts\/37880\/revisions"}],"wp:attachment":[{"href":"https:\/\/diariodominicano.com\/index.php?rest_route=%2Fwp%2Fv2%2Fmedia&parent=37880"}],"wp:term":[{"taxonomy":"category","embeddable":true,"href":"https:\/\/diariodominicano.com\/index.php?rest_route=%2Fwp%2Fv2%2Fcategories&post=37880"},{"taxonomy":"post_tag","embeddable":true,"href":"https:\/\/diariodominicano.com\/index.php?rest_route=%2Fwp%2Fv2%2Ftags&post=37880"}],"curies":[{"name":"wp","href":"https:\/\/api.w.org\/{rel}","templated":true}]}}