{"id":37879,"date":"2006-07-14T17:41:22","date_gmt":"2006-07-14T17:41:22","guid":{"rendered":"http:\/\/diariodominicano.ddns.net\/?p=37879"},"modified":"2006-07-14T17:41:22","modified_gmt":"2006-07-14T17:41:22","slug":"el-articulo-de-guillermo-caram-4","status":"publish","type":"post","link":"https:\/\/diariodominicano.com\/?p=37879","title":{"rendered":"El Art\u00edculo de Guillermo Caram"},"content":{"rendered":"<p><body><\/p>\n<p align=\"justify\" class=\"titulogrande1\">El Art\u00edculo de Guillermo Caram<\/p>\n<p>&#13;<\/p>\n<p align=\"justify\" class=\"text1noticias\">Opini\u00f3n<\/p>\n<p>&#13;<\/p>\n<p align=\"justify\" class=\"text1noticias\"><strong>\u00a1\u00a1\u00a1\u00a1A desabastecer al PRSC !!!!<\/strong><\/p>\n<p>&#13;<\/p>\n<p align=\"justify\" class=\"text1noticias\">Sin detenerse para sobreponerse  de los sucesivos fracasos electorales \u00a0observados  desde la partida del l\u00edder, el funcionariado del PRSC lo sigue \u00a0exponiendo a nuevas reca\u00eddas cada vez que  emite declaraciones o toma una \u00a0decisi\u00f3n<\/p>\n<p>&#13;<\/p>\n<p align=\"justify\" class=\"textogrande\"><strong>Guillermo Caram <\/strong><\/p>\n<p>&#13;<\/p>\n<p align=\"justify\" class=\"text1noticias\">\u201cLa democracia dominicana es  mejor con un PRSC fuerte\u201d. Con estas palabras el l\u00edder del PRSC dej\u00f3 iniciada  la campa\u00f1a electoral del 1998.<\/p>\n<p>&#13;<\/p>\n<p align=\"justify\" class=\"text1noticias\">Conviene recordarlas siempre,  pero especialmente ahora que el funcionariado ejecutivo del partido,  constituido por sus 6 principales titulares, parece empe\u00f1ado en seguir  debilit\u00e1ndolo.<\/p>\n<p>&#13;<\/p>\n<p align=\"justify\" class=\"text1noticias\">Sin detenerse para sobreponerse  de los sucesivos fracasos electorales \u00a0observados  desde la partida del l\u00edder, especialmente el reciente que \u00a0debilit\u00f3 nuestra democracia al proporcionarle  a un solo partido el dominio de los principales poderes del Estado; el  funcionariado del PRSC lo sigue exponiendo a nuevas reca\u00eddas cada vez que emite  declaraciones o toma una decisi\u00f3n.<\/p>\n<p>&#13;<\/p>\n<p align=\"justify\" class=\"text1noticias\">Obs\u00e9rvese tan solo su proceder en  lo que va del presente mes: a los 45 d\u00edas de las elecciones, rompe la alianza  con el PRD cuya vigencia hab\u00eda anunciado para 20 a\u00f1os o como un matrimonio sin  divorcio; Sus titulares se contradicen \u00a0respecto  a la membres\u00eda del matador de Milton Pel\u00e1ez; insin\u00faan que los regidores  se\u00f1alados por ellos mismos pueden venderse; retoman una \u00a0reestructuraci\u00f3n muchas veces abandonada que  ya solo existe en su \u00a0imaginaci\u00f3n;  recurren nuevamente a los autodesignados \u201cpresidenciables\u201d con \u00a0la pretensi\u00f3n de que la vor\u00e1gine del accionar  futuro haga olvidar el pasado \u00a0y el  presente.<\/p>\n<p>&#13;<\/p>\n<p align=\"justify\" class=\"text1noticias\">Todo evidencia de inmadurez,  improvisaci\u00f3n e incapacidad que no coadyuvan a \u00a0la confianza y credibilidad que se requieren  para fortalecer el partido.<\/p>\n<p>&#13;<\/p>\n<p align=\"justify\" class=\"text1noticias\">Por ello, lo razonable y efectivo  es insistir en la desobediencia de los reformistas hasta provocar en su c\u00fapula  &#8211; Comisi\u00f3n Pol\u00edtica o Ejecutiva \u2013 la reacci\u00f3n necesaria para remover su  funcionariado.<\/p>\n<p>&#13;<\/p>\n<p align=\"justify\" class=\"text1noticias\">A estos fines, la t\u00e1ctica del  desabastecimiento o corte de suministro de medios tomada de la estrategia  militar puede ser utilizada como modelo para \u00a0lograr este objetivo;\u00a0 medios que, en el caso de la competencia  pol\u00edtica que \u00a0nos ocupa, lo constituyen  el dinero, opini\u00f3n p\u00fablica y participaci\u00f3n en la \u00a0toma de decisiones p\u00fablicas.<\/p>\n<p>&#13;<\/p>\n<p align=\"justify\" class=\"text1noticias\">Por la advertencia citada del  l\u00edder reformista en cuanto a que nuestra democracia necesita un PRSC fuerte,  compete a todos y\u00a0 no solo a los reformistas  cortarle a su funcionariado las v\u00edas de abastecimiento de <br \/>&#13;<br \/>\n  dinero, de oportunidades para  exponer sus opiniones debilitadoras y denigradoras del sistema y de  intervenci\u00f3n en aquellos eventos y mecanismos \u00a0decisorios de la suerte de la naci\u00f3n.<\/p>\n<p>&#13;<\/p>\n<p align=\"justify\" class=\"textogrande\"><strong>Guillermo Caram es pol\u00edtico<\/strong><\/p>\n<h6> 2006-07-14 17:41:22 <\/h6>\n<p><!--\n<link rel=\"stylesheet\" href=\"css\/bootstrap.min.css\">\n\n\n<ul class=\"pagination\">\n\t    \n\t\n\n<li >\n\t<a href='?page_no=13598'>Previous<\/a>\n\t<\/li>\n\n\n       \n    \n\n<li><a href='?page_no=1'>1<\/a><\/li>\n\n\n\n<li><a href='?page_no=2'>2<\/a><\/li>\n\n\n\n<li><a>...<\/a><\/li>\n\n\n\n<li><a href='?page_no=13597'>13597<\/a><\/li>\n\n\n\n<li><a href='?page_no=13598'>13598<\/a><\/li>\n\n\n\n<li class='active'><a>13599<\/a><\/li>\n\n\n\n<li><a href='?page_no=13600'>13600<\/a><\/li>\n\n\n\n<li><a href='?page_no=13601'>13601<\/a><\/li>\n\n\n\n<li><a>...<\/a><\/li>\n\n\n\n<li><a href='?page_no=13611'>13611<\/a><\/li>\n\n\n\n<li><a href='?page_no=13612'>13612<\/a><\/li>\n\n    \n\t\n\n<li >\n\t<a href='?page_no=13600'>Next<\/a>\n\t<\/li>\n\n\n    \n\n<li><a href='?page_no=13612'>Last &rsaquo;&rsaquo;<\/a><\/li>\n\n<\/ul>\n\n\n--><br \/>\n<\/body><\/p>\n","protected":false},"excerpt":{"rendered":"<p>El Art\u00edculo de Guillermo Caram &#13; Opini\u00f3n &#13; \u00a1\u00a1\u00a1\u00a1A desabastecer al PRSC !!!! &#13; Sin detenerse para sobreponerse de los sucesivos fracasos electorales \u00a0observados desde la partida del l\u00edder, el funcionariado del PRSC lo sigue \u00a0exponiendo a nuevas reca\u00eddas cada vez que emite declaraciones o toma una \u00a0decisi\u00f3n &#13; Guillermo Caram &#13; \u201cLa democracia dominicana [&hellip;]<\/p>\n","protected":false},"author":3,"featured_media":0,"comment_status":"open","ping_status":"open","sticky":false,"template":"","format":"standard","meta":{"footnotes":""},"categories":[16],"tags":[],"class_list":["post-37879","post","type-post","status-publish","format-standard","hentry","category-opiniones"],"_links":{"self":[{"href":"https:\/\/diariodominicano.com\/index.php?rest_route=\/wp\/v2\/posts\/37879","targetHints":{"allow":["GET"]}}],"collection":[{"href":"https:\/\/diariodominicano.com\/index.php?rest_route=\/wp\/v2\/posts"}],"about":[{"href":"https:\/\/diariodominicano.com\/index.php?rest_route=\/wp\/v2\/types\/post"}],"author":[{"embeddable":true,"href":"https:\/\/diariodominicano.com\/index.php?rest_route=\/wp\/v2\/users\/3"}],"replies":[{"embeddable":true,"href":"https:\/\/diariodominicano.com\/index.php?rest_route=%2Fwp%2Fv2%2Fcomments&post=37879"}],"version-history":[{"count":0,"href":"https:\/\/diariodominicano.com\/index.php?rest_route=\/wp\/v2\/posts\/37879\/revisions"}],"wp:attachment":[{"href":"https:\/\/diariodominicano.com\/index.php?rest_route=%2Fwp%2Fv2%2Fmedia&parent=37879"}],"wp:term":[{"taxonomy":"category","embeddable":true,"href":"https:\/\/diariodominicano.com\/index.php?rest_route=%2Fwp%2Fv2%2Fcategories&post=37879"},{"taxonomy":"post_tag","embeddable":true,"href":"https:\/\/diariodominicano.com\/index.php?rest_route=%2Fwp%2Fv2%2Ftags&post=37879"}],"curies":[{"name":"wp","href":"https:\/\/api.w.org\/{rel}","templated":true}]}}