{"id":378710,"date":"2022-08-26T00:31:57","date_gmt":"2022-08-26T04:31:57","guid":{"rendered":"http:\/\/diariodominicano.com\/?p=378710"},"modified":"2022-08-26T00:33:14","modified_gmt":"2022-08-26T04:33:14","slug":"general-espanol-campillo-huye-a-haiti-con-200-hombres","status":"publish","type":"post","link":"https:\/\/diariodominicano.com\/?p=378710","title":{"rendered":"General espa\u00f1ol Campillo huye a Hait\u00ed con 200 hombres. En la Guerra de la Restauraci\u00f3n"},"content":{"rendered":"\n<p>Por H\u00e9ctor Tineo Nolasco<\/p>\n\n\n\n<p>Diariodominicano.com<\/p>\n\n\n\n<p>DAJABON, el \u00a026 de Agosto de 1863, durante la Guerra de la Restauraci\u00f3n, el General Jos\u00e9 Antonio -Pepillo- Salcedo oblig\u00f3 con sus fuerzas a las tropas del comandante espa\u00f1ol Campillo, a huir a la Rep\u00fablica de Hait\u00ed.<\/p>\n\n\n\n<p>Un informe militar indica que Campillo se intern\u00f3 en Juana M\u00e9ndez, Hait\u00ed, con 200 espa\u00f1oles.<\/p>\n\n\n\n<p>&nbsp;&nbsp;&nbsp;&nbsp;&nbsp;&nbsp; Cuando las fuerzas restauradoras al mando del general Jos\u00e9 Antonio -Pepillo- Salcedo, obligaron a internarse en Hait\u00ed a los anexionistas, las tropas de Campillo, se encontraban acampadas en Dajab\u00f3n.<\/p>\n\n\n\n<p>&nbsp;&nbsp;&nbsp; El d\u00eda anterior, el 25 de agosto de 1863, el Gobierno de la Colonia Espa\u00f1ola de Cuba, envi\u00f3 la primera expedici\u00f3n para reforzar a las fuerzas&nbsp; militares del Gobierno de la Anexi\u00f3n en la Rep\u00fablica Dominicana, las cuales estaban muy debilitadas por los ataques de los restauradores.<\/p>\n\n\n\n<p>&nbsp;&nbsp; El&nbsp; informe militar&nbsp; precisa que el d\u00eda 25 de agosto de 1863,&nbsp; zarp\u00f3 de Cuba el vapor de guerra&nbsp; \u00abIsabel II\u00bb,&nbsp; con una expedici\u00f3n comandada por el coronel de \u00abingenieros\u00bb Salvador Ariz\u00f3n, compuesta de las fuerzas disponibles de los \u00abbatallones de la Corona y Cuba, con cuatro piezas de artiller\u00eda, su correspondiente ganado y municiones y los v\u00edveres y fondos que \u00e1 la carrera pudo proporcionarse\u00bb.<\/p>\n\n\n\n<p>&nbsp;&nbsp;&nbsp; El capit\u00e1n del barco fue Casto M\u00e9ndez N\u00fa\u00f1ez, quien lleg\u00f3 a Puerto Plata el d\u00eda 27 de agosto de 1863.<\/p>\n\n\n\n<p>&nbsp;&nbsp;&nbsp; El&nbsp; 24 de agosto de 1863, durante la Guerra de la Restauraci\u00f3n,&nbsp; el Capit\u00e1n General del Gobierno de la Anexi\u00f3n, General Felipe Ribero Lemoine&nbsp; hab\u00eda declarado&nbsp; el estado de sitio en todo el territorio de la Rep\u00fablica Dominicana.<\/p>\n\n\n\n<p>&nbsp;&nbsp; La disposici\u00f3n fue un intento del representante de Espa\u00f1a&nbsp;&nbsp; de evitar el avance de los&nbsp; dominicanos&nbsp; que luchaban para consolidar la Restauraci\u00f3n de la Rep\u00fablica, la cual hab\u00eda sido declarada el 16 de agosto de 1863, con el \u00abGrito de Capotillo\u00bb.<\/p>\n\n\n\n<p>&nbsp;&nbsp;&nbsp;&nbsp;&nbsp; Asimismo, se trataba de la reacci\u00f3n del Gobierno espa\u00f1ol que se resist\u00eda a aceptar&nbsp; La Restauraci\u00f3n de la Independencia Dominicana.<\/p>\n\n\n\n<p>&nbsp;&nbsp;&nbsp;&nbsp; La Guerra de La Restauraci\u00f3n hab\u00eda comenzado el d\u00eda 16 de agosto de 1863, con el \u00abGrito de Capotillo\u00bb, pero a pesar de las m\u00faltiples bajas que sufr\u00eda y a la p\u00e9rdida del control del territorio nacional, el Gobierno de la Anexi\u00f3n Espa\u00f1ola&nbsp; insist\u00eda en desconocer la restauraci\u00f3n de la Independencia dominicana.<\/p>\n","protected":false},"excerpt":{"rendered":"<p>Por H\u00e9ctor Tineo Nolasco Diariodominicano.com DAJABON, el \u00a026 de Agosto de 1863, durante la Guerra de la Restauraci\u00f3n, el General Jos\u00e9 Antonio -Pepillo- Salcedo oblig\u00f3 con sus fuerzas a las tropas del comandante espa\u00f1ol Campillo, a huir a la Rep\u00fablica de Hait\u00ed. Un informe militar indica que Campillo se intern\u00f3 en Juana M\u00e9ndez, Hait\u00ed, con [&hellip;]<\/p>\n","protected":false},"author":28,"featured_media":294632,"comment_status":"closed","ping_status":"","sticky":true,"template":"","format":"standard","meta":{"footnotes":""},"categories":[26,27],"tags":[],"class_list":["post-378710","post","type-post","status-publish","format-standard","has-post-thumbnail","hentry","category-efemerides","category-portada"],"_links":{"self":[{"href":"https:\/\/diariodominicano.com\/index.php?rest_route=\/wp\/v2\/posts\/378710","targetHints":{"allow":["GET"]}}],"collection":[{"href":"https:\/\/diariodominicano.com\/index.php?rest_route=\/wp\/v2\/posts"}],"about":[{"href":"https:\/\/diariodominicano.com\/index.php?rest_route=\/wp\/v2\/types\/post"}],"author":[{"embeddable":true,"href":"https:\/\/diariodominicano.com\/index.php?rest_route=\/wp\/v2\/users\/28"}],"replies":[{"embeddable":true,"href":"https:\/\/diariodominicano.com\/index.php?rest_route=%2Fwp%2Fv2%2Fcomments&post=378710"}],"version-history":[{"count":3,"href":"https:\/\/diariodominicano.com\/index.php?rest_route=\/wp\/v2\/posts\/378710\/revisions"}],"predecessor-version":[{"id":378713,"href":"https:\/\/diariodominicano.com\/index.php?rest_route=\/wp\/v2\/posts\/378710\/revisions\/378713"}],"wp:featuredmedia":[{"embeddable":true,"href":"https:\/\/diariodominicano.com\/index.php?rest_route=\/wp\/v2\/media\/294632"}],"wp:attachment":[{"href":"https:\/\/diariodominicano.com\/index.php?rest_route=%2Fwp%2Fv2%2Fmedia&parent=378710"}],"wp:term":[{"taxonomy":"category","embeddable":true,"href":"https:\/\/diariodominicano.com\/index.php?rest_route=%2Fwp%2Fv2%2Fcategories&post=378710"},{"taxonomy":"post_tag","embeddable":true,"href":"https:\/\/diariodominicano.com\/index.php?rest_route=%2Fwp%2Fv2%2Ftags&post=378710"}],"curies":[{"name":"wp","href":"https:\/\/api.w.org\/{rel}","templated":true}]}}