{"id":378704,"date":"2022-08-26T00:24:39","date_gmt":"2022-08-26T04:24:39","guid":{"rendered":"http:\/\/diariodominicano.com\/?p=378704"},"modified":"2022-08-26T00:27:48","modified_gmt":"2022-08-26T04:27:48","slug":"sanchez-y-mella-deportados-a-inglaterra","status":"publish","type":"post","link":"https:\/\/diariodominicano.com\/?p=378704","title":{"rendered":"S\u00e1nchez y  Mella deportados a Inglaterra"},"content":{"rendered":"\n<p>Mat\u00edas Ram\u00f3n Mella<\/p>\n\n\n\n<figure class=\"wp-block-image size-full\"><img loading=\"lazy\" decoding=\"async\" width=\"748\" height=\"498\" src=\"https:\/\/diariodominicano.com\/wp-content\/uploads\/2021\/03\/Francisco-del-Rosario-Sanch9-3-21.jpg\" alt=\"\" class=\"wp-image-266838\" srcset=\"https:\/\/diariodominicano.com\/wp-content\/uploads\/2021\/03\/Francisco-del-Rosario-Sanch9-3-21.jpg 748w, https:\/\/diariodominicano.com\/wp-content\/uploads\/2021\/03\/Francisco-del-Rosario-Sanch9-3-21-300x200.jpg 300w\" sizes=\"auto, (max-width: 748px) 100vw, 748px\" \/><figcaption>S\u00e1nchez<\/figcaption><\/figure>\n\n\n\n<p>Francisco del Rosario S\u00e1nchez<\/p>\n\n\n\n<p>\u00a0\u00a0\u00a0 Por H\u00e9ctor Tineo Nolasco<\/p>\n\n\n\n<p>Diariodominicano.com<\/p>\n\n\n\n<p>SANTO DOMINGO, el\u00a0 26 de Agosto de 1844, fueron deportados a\u00a0 Liverpool,\u00a0 Inglaterra,\u00a0 por\u00a0 la Junta Central Gubernativa, controlada por el General Pedro Santana, los pr\u00f3ceres Francisco del Rosario S\u00e1nchez, Mat\u00edas Ram\u00f3n Mella, Pedro Alejandrino Pina y el poeta venezolano Juan Jos\u00e9 Illas.<\/p>\n\n\n\n<p>&nbsp;&nbsp;&nbsp;&nbsp; Los trinitarios salieron del Puerto de Santo Domingo, en el bergant\u00edn Capricornio.<\/p>\n\n\n\n<p>&nbsp;&nbsp;&nbsp;&nbsp; El d\u00eda 22 de agosto de 1844 un grupo de pr\u00f3ceres encabezados por&nbsp; Juan Pablo Duarte,&nbsp; Francisco del Rosario S\u00e1nchez y&nbsp;&nbsp; Mat\u00edas Ram\u00f3n Mella, fueron declarados por la Junta Central Gubernativa&nbsp; traidores a la patria.<\/p>\n\n\n\n<p>&nbsp;&nbsp;&nbsp;&nbsp; Luego fueron desterrados el doctor Manuel Mar\u00eda Valverde Fern\u00e1ndez y su familia, para Puerto Rico; Jos\u00e9 Ram\u00f3n Ort\u00edz y Buenaventura Freites, para Curazao; Jos\u00e9 Prudencio Diez y Mariano Cangas, para Saint Thomas; Rafael Rodr\u00edguez y Ces\u00e1reo Prado, para Estados Unidos.<\/p>\n","protected":false},"excerpt":{"rendered":"<p>Mat\u00edas Ram\u00f3n Mella Francisco del Rosario S\u00e1nchez \u00a0\u00a0\u00a0 Por H\u00e9ctor Tineo Nolasco Diariodominicano.com SANTO DOMINGO, el\u00a0 26 de Agosto de 1844, fueron deportados a\u00a0 Liverpool,\u00a0 Inglaterra,\u00a0 por\u00a0 la Junta Central Gubernativa, controlada por el General Pedro Santana, los pr\u00f3ceres Francisco del Rosario S\u00e1nchez, Mat\u00edas Ram\u00f3n Mella, Pedro Alejandrino Pina y el poeta venezolano Juan Jos\u00e9 [&hellip;]<\/p>\n","protected":false},"author":28,"featured_media":324382,"comment_status":"closed","ping_status":"","sticky":true,"template":"","format":"standard","meta":{"footnotes":""},"categories":[26,27],"tags":[],"class_list":["post-378704","post","type-post","status-publish","format-standard","has-post-thumbnail","hentry","category-efemerides","category-portada"],"_links":{"self":[{"href":"https:\/\/diariodominicano.com\/index.php?rest_route=\/wp\/v2\/posts\/378704","targetHints":{"allow":["GET"]}}],"collection":[{"href":"https:\/\/diariodominicano.com\/index.php?rest_route=\/wp\/v2\/posts"}],"about":[{"href":"https:\/\/diariodominicano.com\/index.php?rest_route=\/wp\/v2\/types\/post"}],"author":[{"embeddable":true,"href":"https:\/\/diariodominicano.com\/index.php?rest_route=\/wp\/v2\/users\/28"}],"replies":[{"embeddable":true,"href":"https:\/\/diariodominicano.com\/index.php?rest_route=%2Fwp%2Fv2%2Fcomments&post=378704"}],"version-history":[{"count":5,"href":"https:\/\/diariodominicano.com\/index.php?rest_route=\/wp\/v2\/posts\/378704\/revisions"}],"predecessor-version":[{"id":378709,"href":"https:\/\/diariodominicano.com\/index.php?rest_route=\/wp\/v2\/posts\/378704\/revisions\/378709"}],"wp:featuredmedia":[{"embeddable":true,"href":"https:\/\/diariodominicano.com\/index.php?rest_route=\/wp\/v2\/media\/324382"}],"wp:attachment":[{"href":"https:\/\/diariodominicano.com\/index.php?rest_route=%2Fwp%2Fv2%2Fmedia&parent=378704"}],"wp:term":[{"taxonomy":"category","embeddable":true,"href":"https:\/\/diariodominicano.com\/index.php?rest_route=%2Fwp%2Fv2%2Fcategories&post=378704"},{"taxonomy":"post_tag","embeddable":true,"href":"https:\/\/diariodominicano.com\/index.php?rest_route=%2Fwp%2Fv2%2Ftags&post=378704"}],"curies":[{"name":"wp","href":"https:\/\/api.w.org\/{rel}","templated":true}]}}