{"id":378424,"date":"2022-08-25T00:42:05","date_gmt":"2022-08-25T04:42:05","guid":{"rendered":"http:\/\/diariodominicano.com\/?p=378424"},"modified":"2022-08-25T07:41:10","modified_gmt":"2022-08-25T11:41:10","slug":"muere-el-abogado-y-poeta-valentin-giro","status":"publish","type":"post","link":"https:\/\/diariodominicano.com\/?p=378424","title":{"rendered":"Muere el abogado y poeta Valent\u00edn Gir\u00f3"},"content":{"rendered":"\n<p>Por HTN<\/p>\n\n\n\n<p>Diariodominicano.com<\/p>\n\n\n\n<p>SAN PEDRO DE MACORIS, \u00a0el 25 de agosto de 1949, muri\u00f3 en San Pedro de Macor\u00eds, el poeta Valent\u00edn Gir\u00f3.<\/p>\n\n\n\n<p>&nbsp;&nbsp;&nbsp; Valent\u00edn Gir\u00f3 hab\u00eda nacido en Mayag\u00fcez, Puerto Rico en el a\u00f1o 1880, hijo de Preciliano Gir\u00f3 y Francisca Rom\u00e1n, pero desde su ni\u00f1ez su familia fij\u00f3 residencia en San Pedro de Macor\u00eds. All\u00ed fund\u00f3 la revista literaria Osiris.<\/p>\n\n\n\n<p>&nbsp;&nbsp;&nbsp; Entre sus aportes po\u00e9ticos figuran \u201cEcos Mundanos\u201d 1902, \u201cClemente\u201d, 1908 y \u201cOdas a Linbergh\u201d, 1929.<\/p>\n\n\n\n<p>En la&nbsp; \u201c<strong><em>La gloria de nuestro Padre\u201d, sus hijos Valent\u00edn y Marcelle Gir\u00f3 Cahoreau,<\/em><\/strong> apuntan que en &nbsp;el a\u00f1o 1888 su madre regres\u00f3&nbsp;&nbsp; con Valent\u00edn &nbsp;a la Rep\u00fablica&nbsp; Dominicana. Residieron en Pajarito (Villa Duarte\u201d, hoy&nbsp; en Santo Domingo Este. Luego &nbsp;Gir\u00f3 fue a vivir en la capital donde estudi\u00f3 en el colegio San Luis Gonzaga, la escuela de Bachilleres y la Universidad de Santo Domingo, para hacer la carrera de licenciado en Derecho.<\/p>\n\n\n\n<p>Los hijos de Gir\u00f3&nbsp; apuntan&nbsp; que \u201cestos estudios fueron molestos, porque&nbsp;&nbsp; en ese momento hab\u00eda racismo en el pa\u00eds,&nbsp;&nbsp; y adem\u00e1s de estudiar trabajaba como prensista y tip\u00f3grafo en la imprenta Cuna de Am\u00e9rica&nbsp; de Jos\u00e9<strong>&nbsp;<\/strong>Ricardo Roque, quien descubri\u00f3 que Valent\u00edn Gir\u00f3 era poeta\u201d.<\/p>\n\n\n\n<p>Valent\u00edn Gir\u00f3 se nacionaliz\u00f3 como dominicano en 1907 y en 1912 termin\u00f3 los estudios de Licenciado en Derecho y fue a vivir a El Se\u00edbo donde ejerci\u00f3 su profesi\u00f3n con fortuna. Se destac\u00f3 como buen jurista.<\/p>\n\n\n\n<p>\u201cEn el a\u00f1o 1902 escribi\u00f3 \u201cClemente y Ecos Mundanos.\u201d&nbsp; En 1907 fue vencedor del premio del casino de la juventud con una poes\u00eda modernista \u201cVIRG\u00cdNEA\u201d, &nbsp;que irrumpe y aferra el modernismo a pesar de la pol\u00e9mica de&nbsp; Miguel \u00c1ngel Garrido,&nbsp; Apolinar Perdomo, Ra\u00fal Abreu Licairac y Gaston Deligne,&nbsp; gran opositor de Valent\u00edn Gir\u00f3\u201d.<\/p>\n\n\n\n<p>Del 1909 al 1911 fue Director&nbsp; de la revista Osiris,&nbsp; En 1910 gano la&nbsp;&nbsp;&nbsp; competencia po\u00e9tica. \u201dLas Culpas Florales\u201d, &nbsp;Los hijos de Gir\u00f3 recuerdan que fueron galardonados&nbsp; Valent\u00edn Gir\u00f3 con la poes\u00eda \u201cENSUE\u00d1O\u201d&nbsp; Bienvenido Salvador Noel con \u201cDESDE LEJOS\u201d&nbsp; y&nbsp; Apolinar Perdomo con&nbsp; \u201cCANCI\u00d3N de AMOR\u201d.<\/p>\n\n\n\n<p>En&nbsp; &nbsp;1922,&nbsp; Valent\u00edn Gir\u00f3&nbsp; fue a Francia,&nbsp; y&nbsp; el a\u00f1o siguiente se cas\u00f3 con&nbsp;&nbsp;&nbsp;&nbsp;&nbsp; la Se\u00f1ora, Blanca Cahoreau, franc\u00e9sa, parisina,&nbsp; profesora.&nbsp; En el 1928 fue con la familia a Europa y visitaron la feria industrial de Paris, Alemania, Austria,&nbsp;&nbsp;&nbsp; Espa\u00f1a,&nbsp;Canad\u00e1&nbsp;y&nbsp; Estados&nbsp; Unidos. En &nbsp;Espa\u00f1a, &nbsp;&nbsp;el encuentro con Federico Garc\u00eda Lorca y Miguel de Unamuno fue uno de los momentos m\u00e1s relevantes de su viaje.&nbsp; En&nbsp; Paris, escribi\u00f3&nbsp; Jacinto Dionisio Flores&nbsp; (Fray Luis) &nbsp;publicado en el 1935.<\/p>\n\n\n\n<p>En el a\u00f1o 1936, Valent\u00edn Gir\u00f3 fue nombrado Ministro Plenipotenciario de la Rep\u00fablica Dominicana en Colombia, fue con toda la familia, Do\u00f1a Blanca y sus cuatro hijos, Francia, Eugenia, Valent\u00edn, Pr\u00edncipe y Virgilio Gir\u00f3 Morales.&nbsp;<\/p>\n","protected":false},"excerpt":{"rendered":"<p>Por HTN Diariodominicano.com SAN PEDRO DE MACORIS, \u00a0el 25 de agosto de 1949, muri\u00f3 en San Pedro de Macor\u00eds, el poeta Valent\u00edn Gir\u00f3. &nbsp;&nbsp;&nbsp; Valent\u00edn Gir\u00f3 hab\u00eda nacido en Mayag\u00fcez, Puerto Rico en el a\u00f1o 1880, hijo de Preciliano Gir\u00f3 y Francisca Rom\u00e1n, pero desde su ni\u00f1ez su familia fij\u00f3 residencia en San Pedro de [&hellip;]<\/p>\n","protected":false},"author":28,"featured_media":378425,"comment_status":"closed","ping_status":"","sticky":true,"template":"","format":"standard","meta":{"footnotes":""},"categories":[26,27],"tags":[],"class_list":["post-378424","post","type-post","status-publish","format-standard","has-post-thumbnail","hentry","category-efemerides","category-portada"],"_links":{"self":[{"href":"https:\/\/diariodominicano.com\/index.php?rest_route=\/wp\/v2\/posts\/378424","targetHints":{"allow":["GET"]}}],"collection":[{"href":"https:\/\/diariodominicano.com\/index.php?rest_route=\/wp\/v2\/posts"}],"about":[{"href":"https:\/\/diariodominicano.com\/index.php?rest_route=\/wp\/v2\/types\/post"}],"author":[{"embeddable":true,"href":"https:\/\/diariodominicano.com\/index.php?rest_route=\/wp\/v2\/users\/28"}],"replies":[{"embeddable":true,"href":"https:\/\/diariodominicano.com\/index.php?rest_route=%2Fwp%2Fv2%2Fcomments&post=378424"}],"version-history":[{"count":2,"href":"https:\/\/diariodominicano.com\/index.php?rest_route=\/wp\/v2\/posts\/378424\/revisions"}],"predecessor-version":[{"id":378474,"href":"https:\/\/diariodominicano.com\/index.php?rest_route=\/wp\/v2\/posts\/378424\/revisions\/378474"}],"wp:featuredmedia":[{"embeddable":true,"href":"https:\/\/diariodominicano.com\/index.php?rest_route=\/wp\/v2\/media\/378425"}],"wp:attachment":[{"href":"https:\/\/diariodominicano.com\/index.php?rest_route=%2Fwp%2Fv2%2Fmedia&parent=378424"}],"wp:term":[{"taxonomy":"category","embeddable":true,"href":"https:\/\/diariodominicano.com\/index.php?rest_route=%2Fwp%2Fv2%2Fcategories&post=378424"},{"taxonomy":"post_tag","embeddable":true,"href":"https:\/\/diariodominicano.com\/index.php?rest_route=%2Fwp%2Fv2%2Ftags&post=378424"}],"curies":[{"name":"wp","href":"https:\/\/api.w.org\/{rel}","templated":true}]}}