{"id":378421,"date":"2022-08-25T00:38:44","date_gmt":"2022-08-25T04:38:44","guid":{"rendered":"http:\/\/diariodominicano.com\/?p=378421"},"modified":"2022-08-25T00:39:11","modified_gmt":"2022-08-25T04:39:11","slug":"presidente-jose-maria-cabral-prohibe-a-los-exiliados-retornar-a-republica-dominicana-sin-su-autorizacion-2","status":"publish","type":"post","link":"https:\/\/diariodominicano.com\/?p=378421","title":{"rendered":"Presidente Jos\u00e9 Mar\u00eda Cabral proh\u00edbe a los exiliados retornar a Rep\u00fablica Dominicana sin su autorizaci\u00f3n"},"content":{"rendered":"\n<p><strong>El presidente Jos\u00e9 Mar\u00eda Cabral<\/strong><\/p>\n\n\n\n<p><\/p>\n\n\n\n<p>\u00a0Por HTN<\/p>\n\n\n\n<p>Diariodominicano.com<\/p>\n\n\n\n<p>SANTO DOMINGO, el \u00a025 de agosto de 1866, el Jefe del Poder Ejecutivo, General\u00a0 Jos\u00e9 Mar\u00eda Cabral emiti\u00f3 un decreto en virtud del cual prohib\u00eda la entrada al pa\u00eds sin la autorizaci\u00f3n de su Gobierno, de los exiliados pol\u00edticos dominicanos.<\/p>\n\n\n\n<p>&nbsp;&nbsp;&nbsp;&nbsp; Jos\u00e9 Mar\u00eda Cabral hab\u00eda tomado el control del Poder Ejecutivo el d\u00eda 23 de agosto de 1866. El decreto del d\u00eda 25 &nbsp;de Agosto de 1863,&nbsp; contra los exiliados, fue su primera medida.<\/p>\n\n\n\n<p>&nbsp;&nbsp;&nbsp;&nbsp; <strong>El decreto establece que cualquier persona que regresara al pa\u00eds sin el salvoconducto del Gobierno dominicano, ser\u00eda reembarcado en el acto, por la autoridad p\u00fablica y el buque que lo condujera pagar\u00eda una multa de 200 pesos.<\/strong><strong><\/strong><\/p>\n\n\n\n<p>&nbsp;&nbsp;&nbsp; Los servicios de inteligencia del Gobierno de Jos\u00e9 Mar\u00eda Cabral, ten\u00edan la informaci\u00f3n de que el ex Presidente Buenaventura B\u00e1ez, familiares suyos y sus amigos m\u00e1s allegados trabajaban en playas extranjeras \u00abpor promover un alzamiento en el pa\u00eds que interrumpiera el curso de las elecciones generales, que ven\u00edan realiz\u00e1ndose sin la menor perturbaci\u00f3n\u00bb.<\/p>\n\n\n\n<p>&nbsp;&nbsp; La versi\u00f3n la ofrece el historiador Jos\u00e9 Gabriel Garc\u00eda, quien responsabiliza al Partido Rojo de B\u00e1ez de oponerse a los comicios, porque a su juicio s\u00f3lo entend\u00eda \u00abpronunciamientos tumultuarios, siempre a favor del mismo hombre\u00bb, aludiendo de esa manera al l\u00edder de los rojos el ex presidente Buenaventura B\u00e1ez,&nbsp; quien hab\u00eda sido obligado a renunciar el 28 de mayo de 1866, por un movimiento que encabez\u00f3 el general Gregorio Luper\u00f3n, l\u00edder del Partido Azul.<\/p>\n\n\n\n<p>&nbsp;&nbsp;&nbsp; Las elecciones se llevaron a cabo en todo el pa\u00eds como la organiz\u00f3 el Gobierno de Cabral.&nbsp; Jos\u00e9&nbsp; Gabriel Garc\u00eda fue de los diputados electos para la Convenci\u00f3n Nacional.<\/p>\n\n\n\n<p>&nbsp;&nbsp;&nbsp; El general Jos\u00e9 Mar\u00eda Cabral ten\u00eda el apoyo del general Gregorio Luper\u00f3n, quien lo sustentaba con la condici\u00f3n de que deb\u00eda impedir que retornara al pa\u00eds el exiliado ex Presidente Buenaventura B\u00e1ez.<\/p>\n","protected":false},"excerpt":{"rendered":"<p>El presidente Jos\u00e9 Mar\u00eda Cabral \u00a0Por HTN Diariodominicano.com SANTO DOMINGO, el \u00a025 de agosto de 1866, el Jefe del Poder Ejecutivo, General\u00a0 Jos\u00e9 Mar\u00eda Cabral emiti\u00f3 un decreto en virtud del cual prohib\u00eda la entrada al pa\u00eds sin la autorizaci\u00f3n de su Gobierno, de los exiliados pol\u00edticos dominicanos. &nbsp;&nbsp;&nbsp;&nbsp; Jos\u00e9 Mar\u00eda Cabral hab\u00eda tomado el [&hellip;]<\/p>\n","protected":false},"author":28,"featured_media":308190,"comment_status":"closed","ping_status":"","sticky":true,"template":"","format":"standard","meta":{"footnotes":""},"categories":[26,27],"tags":[],"class_list":["post-378421","post","type-post","status-publish","format-standard","has-post-thumbnail","hentry","category-efemerides","category-portada"],"_links":{"self":[{"href":"https:\/\/diariodominicano.com\/index.php?rest_route=\/wp\/v2\/posts\/378421","targetHints":{"allow":["GET"]}}],"collection":[{"href":"https:\/\/diariodominicano.com\/index.php?rest_route=\/wp\/v2\/posts"}],"about":[{"href":"https:\/\/diariodominicano.com\/index.php?rest_route=\/wp\/v2\/types\/post"}],"author":[{"embeddable":true,"href":"https:\/\/diariodominicano.com\/index.php?rest_route=\/wp\/v2\/users\/28"}],"replies":[{"embeddable":true,"href":"https:\/\/diariodominicano.com\/index.php?rest_route=%2Fwp%2Fv2%2Fcomments&post=378421"}],"version-history":[{"count":2,"href":"https:\/\/diariodominicano.com\/index.php?rest_route=\/wp\/v2\/posts\/378421\/revisions"}],"predecessor-version":[{"id":378423,"href":"https:\/\/diariodominicano.com\/index.php?rest_route=\/wp\/v2\/posts\/378421\/revisions\/378423"}],"wp:featuredmedia":[{"embeddable":true,"href":"https:\/\/diariodominicano.com\/index.php?rest_route=\/wp\/v2\/media\/308190"}],"wp:attachment":[{"href":"https:\/\/diariodominicano.com\/index.php?rest_route=%2Fwp%2Fv2%2Fmedia&parent=378421"}],"wp:term":[{"taxonomy":"category","embeddable":true,"href":"https:\/\/diariodominicano.com\/index.php?rest_route=%2Fwp%2Fv2%2Fcategories&post=378421"},{"taxonomy":"post_tag","embeddable":true,"href":"https:\/\/diariodominicano.com\/index.php?rest_route=%2Fwp%2Fv2%2Ftags&post=378421"}],"curies":[{"name":"wp","href":"https:\/\/api.w.org\/{rel}","templated":true}]}}