{"id":378417,"date":"2022-08-25T00:34:27","date_gmt":"2022-08-25T04:34:27","guid":{"rendered":"http:\/\/diariodominicano.com\/?p=378417"},"modified":"2022-08-25T07:42:15","modified_gmt":"2022-08-25T11:42:15","slug":"espana-envia-expedicion-desde-cuba-para-reforzar-a-sus-tropas-restauradores-indetenibles","status":"publish","type":"post","link":"https:\/\/diariodominicano.com\/?p=378417","title":{"rendered":"Espa\u00f1a env\u00eda expedici\u00f3n desde Cuba para reforzar a sus tropas. Restauradores indetenibles"},"content":{"rendered":"\n<p><strong>Benito Monci\u00f3n, Jos\u00e9 Cabrera y Pedro Antonio Pimentel de los restauradores del Grito de Capotillo.<\/strong><\/p>\n\n\n\n<p>Por H\u00e9ctor Tineo Nolasco<\/p>\n\n\n\n<p>Diariodominicano.com<\/p>\n\n\n\n<p><\/p>\n\n\n\n<p>SANTO DOMINGO, el \u00a025 de agosto de 1863, el Gobierno de la Colonia Espa\u00f1ola de Cuba, durante\u00a0 La Guerra de la Restauraci\u00f3n, \u00a0envi\u00f3 la primera expedici\u00f3n para reforzar a las fuerzas\u00a0 militares del Gobierno de la Anexi\u00f3n en la Rep\u00fablica Dominicana, las cuales estaban muy debilitadas por los ataques de los restauradores.<\/p>\n\n\n\n<p>&nbsp;&nbsp; Un informe militar &nbsp;precisa que el d\u00eda 25 de agosto de 1863,&nbsp; zarp\u00f3 de Cuba el vapor de guerra&nbsp; \u00abIsabel II\u00bb,&nbsp; una expedici\u00f3n comandada por el coronel de \u00abingenieros\u00bb Salvador Ariz\u00f3n, compuesta de las fuerzas disponibles de los \u00abbatallones de la Corona y Cuba, con cuatro piezas de artiller\u00eda, su correspondiente ganado, &nbsp;municiones y los v\u00edveres y fondos que \u00e1 la carrera pudo proporcionarse\u00bb. (sic)<\/p>\n\n\n\n<p>&nbsp;&nbsp;&nbsp; El capit\u00e1n del barco fue Casto M\u00e9ndez N\u00fa\u00f1ez, quien lleg\u00f3 a Puerto Plata el d\u00eda 27 de agosto de 1863.<\/p>\n\n\n\n<p>&nbsp;&nbsp; &nbsp;El&nbsp; 24 de agosto de 1863,&nbsp; el Capit\u00e1n General del Gobierno de la Anexi\u00f3n, General Felipe Ribero Lemoine&nbsp; hab\u00eda declarado&nbsp; el estado de sitio en todo el territorio de la Rep\u00fablica Dominicana.<\/p>\n\n\n\n<p>&nbsp;&nbsp; La disposici\u00f3n fue un intento del representante de Espa\u00f1a&nbsp;&nbsp; de evitar el avance de los&nbsp; dominicanos&nbsp; que luchaban para consolidar la Restauraci\u00f3n de la Rep\u00fablica, la cual hab\u00eda sido proclamada &nbsp;el 16 de agosto de 1863, con el \u00abGrito de Capotillo\u00bb. Se&nbsp; &nbsp;trataba de la reacci\u00f3n del Gobierno espa\u00f1ol que se resist\u00eda a aceptar&nbsp; La Restauraci\u00f3n de la Independencia Dominicana.<\/p>\n\n\n\n<p>&nbsp;&nbsp;&nbsp;&nbsp; Durante los d\u00edas 21 y 22 de agosto los restauradores lograron abatir a varias columnas espa\u00f1olas.<\/p>\n\n\n\n<p>&nbsp;&nbsp;&nbsp; El &nbsp;22 de agosto de 1863,&nbsp; una columna espa\u00f1ola fue batida por los dominicanos en la Barranca de Guayacanes (La Barranquita), haci\u00e9ndola retroceder a orillas del r\u00edo Jacagua, en camino a Santiago.<\/p>\n\n\n\n<p>&nbsp;&nbsp;&nbsp;&nbsp;&nbsp; Ese&nbsp; combate empez\u00f3 en las primeras horas de la ma\u00f1ana del d\u00eda 22 de agosto. Lo iniciaron los dominicanos con una descarga de fusiler\u00eda que caus\u00f3 varias bajas a los espa\u00f1oles.<\/p>\n\n\n\n<p>&nbsp;&nbsp; \u00abLos espa\u00f1oles intentaron en tres ocasiones ataques contra las posiciones defensivas de los dominicanos, pero como&nbsp; en otras tantas fueron rechazados.<\/p>\n\n\n\n<p>&nbsp;&nbsp;&nbsp; \u00abSin embargo, los dominicanos influenciados por el \u00e9xito del rechazo de las embestidas espa\u00f1olas, lanzaron una carga al machete para contraatacar.<\/p>\n\n\n\n<p>\u00abAnte esta situaci\u00f3n los hispanos cerraron su formaci\u00f3n e hicieron varias descargas de fusiler\u00edas y fuegos de Artiller\u00eda, pr\u00e1cticamente a quemarropa, caus\u00e1ndole cuantiosas bajas a nuestras tropas.<\/p>\n\n\n\n<p>&nbsp;&nbsp;&nbsp;&nbsp;&nbsp;&nbsp;&nbsp;&nbsp;&nbsp; \u00abPero esto no amilan\u00f3 a los criollos y por el contrario atacaron con m\u00e1s furor a los espa\u00f1oles, quienes se vieron precisados a calar bayonetas y lo que sigui\u00f3 fue un combate sangriento en el que ninguno de los bandos ced\u00eda en su intenci\u00f3n de alzarse con la victoria.<\/p>\n\n\n\n<p>&nbsp;&nbsp;&nbsp;&nbsp;&nbsp;&nbsp;&nbsp;&nbsp;&nbsp; \u00abDurante este combate perdieron la vida los comandantes espa\u00f1oles&nbsp; Florentino Garc\u00eda,&nbsp; y Robles, quien le sustituy\u00f3 en el mando, los cuales se involucraron en los combates cuerpo a cuerpo tras haber ordenado nuevos ataques, para tratar de romper la barrera defensiva de los dominicanos, los cuales parec\u00edan multiplicarse. Tanto uno como el otro fueron v\u00edctimas del machete redentor.<\/p>\n\n\n\n<p>&nbsp;&nbsp;&nbsp;&nbsp;&nbsp;&nbsp;&nbsp;&nbsp;&nbsp; \u00abEl Capit\u00e1n R\u00edos, orden\u00f3 un nuevo ataque, pero al ver que los dominicanos no ced\u00edan y se empecinaban en tratar de lograr&nbsp; capturar los ca\u00f1ones convoc\u00f3 una Junta de Oficiales donde se acord\u00f3 el repliegue a Santiago, viendo de esa manera&nbsp; frustrado el objetivo de restablecer el estado de cosas de Guayub\u00edn. A las 17:00 horas finaliz\u00f3 el combate.<\/p>\n\n\n\n<p>&nbsp;&nbsp;&nbsp;&nbsp; La Guerra de La Restauraci\u00f3n hab\u00eda comenzado el d\u00eda 16 de agosto de 1863, con el \u00abGrito de Capotillo\u00bb, pero a pesar de las m\u00faltiples bajas que sufr\u00eda y a la p\u00e9rdida del control del territorio nacional, el Gobierno de la Anexi\u00f3n insist\u00eda en desconocer la restauraci\u00f3n de la Independencia Rep\u00fablica Dominicana.<\/p>\n","protected":false},"excerpt":{"rendered":"<p>Benito Monci\u00f3n, Jos\u00e9 Cabrera y Pedro Antonio Pimentel de los restauradores del Grito de Capotillo. Por H\u00e9ctor Tineo Nolasco Diariodominicano.com SANTO DOMINGO, el \u00a025 de agosto de 1863, el Gobierno de la Colonia Espa\u00f1ola de Cuba, durante\u00a0 La Guerra de la Restauraci\u00f3n, \u00a0envi\u00f3 la primera expedici\u00f3n para reforzar a las fuerzas\u00a0 militares del Gobierno de [&hellip;]<\/p>\n","protected":false},"author":28,"featured_media":292680,"comment_status":"closed","ping_status":"","sticky":true,"template":"","format":"standard","meta":{"footnotes":""},"categories":[26,27],"tags":[],"class_list":["post-378417","post","type-post","status-publish","format-standard","has-post-thumbnail","hentry","category-efemerides","category-portada"],"_links":{"self":[{"href":"https:\/\/diariodominicano.com\/index.php?rest_route=\/wp\/v2\/posts\/378417","targetHints":{"allow":["GET"]}}],"collection":[{"href":"https:\/\/diariodominicano.com\/index.php?rest_route=\/wp\/v2\/posts"}],"about":[{"href":"https:\/\/diariodominicano.com\/index.php?rest_route=\/wp\/v2\/types\/post"}],"author":[{"embeddable":true,"href":"https:\/\/diariodominicano.com\/index.php?rest_route=\/wp\/v2\/users\/28"}],"replies":[{"embeddable":true,"href":"https:\/\/diariodominicano.com\/index.php?rest_route=%2Fwp%2Fv2%2Fcomments&post=378417"}],"version-history":[{"count":3,"href":"https:\/\/diariodominicano.com\/index.php?rest_route=\/wp\/v2\/posts\/378417\/revisions"}],"predecessor-version":[{"id":378475,"href":"https:\/\/diariodominicano.com\/index.php?rest_route=\/wp\/v2\/posts\/378417\/revisions\/378475"}],"wp:featuredmedia":[{"embeddable":true,"href":"https:\/\/diariodominicano.com\/index.php?rest_route=\/wp\/v2\/media\/292680"}],"wp:attachment":[{"href":"https:\/\/diariodominicano.com\/index.php?rest_route=%2Fwp%2Fv2%2Fmedia&parent=378417"}],"wp:term":[{"taxonomy":"category","embeddable":true,"href":"https:\/\/diariodominicano.com\/index.php?rest_route=%2Fwp%2Fv2%2Fcategories&post=378417"},{"taxonomy":"post_tag","embeddable":true,"href":"https:\/\/diariodominicano.com\/index.php?rest_route=%2Fwp%2Fv2%2Ftags&post=378417"}],"curies":[{"name":"wp","href":"https:\/\/api.w.org\/{rel}","templated":true}]}}