{"id":378415,"date":"2022-08-25T00:30:49","date_gmt":"2022-08-25T04:30:49","guid":{"rendered":"http:\/\/diariodominicano.com\/?p=378415"},"modified":"2022-08-25T09:34:20","modified_gmt":"2022-08-25T13:34:20","slug":"gobierno-liberal-del-cibao-con-una-decision-abrio-a-pedro-santana-la-via-de-retomar-el-poder","status":"publish","type":"post","link":"https:\/\/diariodominicano.com\/?p=378415","title":{"rendered":"Gobierno liberal del Cibao con una decisi\u00f3n abri\u00f3 a Pedro Santana la v\u00eda de retomar el poder"},"content":{"rendered":"\n<p><strong>Por H\u00e9ctor Tineo Nolasco<\/strong><\/p>\n\n\n\n<p><strong>Diariodominicano.com<\/strong><\/p>\n\n\n\n<p>MONTECRISTI,&nbsp; el 25 de agosto de 1857, en virtud de una&nbsp; disposici\u00f3n del Gobierno Provisional de Santiago, que le levant\u00f3 el impedimento de entrada a los exiliados pol\u00edticos, retorn\u00f3 a Rep\u00fablica Dominicana, por Montecristi, el ex Presidente General Pedro Santana.<\/p>\n\n\n\n<p>&nbsp;&nbsp; &nbsp;En la ocasi\u00f3n el Gobierno Provisional del Cibao, Presidido por el General Jos\u00e9 Desiderio Valverde, con el vicepresidente Benigno Filomeno Rojas, dirig\u00eda un movimiento armado para derrocar al Presidente Buenaventura B\u00e1ez, quien resist\u00eda en Santo Domingo.<\/p>\n\n\n\n<p>&nbsp;&nbsp;&nbsp; El Gobierno fue formado el 7 de julio de 1857, al iniciarse en la Fortaleza San Luis de Santiago, lo que se conoce como la \u00abRevoluci\u00f3n Liberal del Cibao\u00bb, que termin\u00f3 con el Gobierno de B\u00e1ez.<\/p>\n\n\n\n<p>&nbsp;&nbsp;&nbsp;&nbsp; Santana lleg\u00f3 el 25 de agosto de 1857 y de inmediato fue designado para que auxiliara con sus partidarios del Este a Juan Luis Franco Bid\u00f3, quien no hab\u00eda podido tomar la ciudad de Santo Domingo, porque&nbsp; las murallas eran utilizadas por las fuerzas baecistas para protegerse.<\/p>\n\n\n\n<p>&nbsp;&nbsp;&nbsp; Historiadores dominicanos comparten la idea de que la medida en favor de Santana fue un error del Gobierno del Cibao, ya que aumentar\u00eda la resistencia de B\u00e1ez por temor a Santana&nbsp; y&nbsp; colocaba al ex presidente en posici\u00f3n de retomar el poder.<\/p>\n\n\n\n<p>&nbsp;&nbsp;&nbsp;&nbsp;&nbsp;&nbsp;&nbsp;&nbsp;&nbsp; En efecto, ya el 18 de septiembre de 1857, hab\u00eda disminuido el papel del general Franco Bid\u00f3&nbsp; y&nbsp; Santana se convirti\u00f3 en el due\u00f1o de la situaci\u00f3n.<\/p>\n\n\n\n<p>&nbsp;&nbsp;&nbsp;&nbsp;&nbsp; El 25 de septiembre el Gobierno del Cibao al pueblo&nbsp; para que eligiera a los diputados a partir del 7 de diciembre de 1857.&nbsp; En ese momento los hombres de mayor capacidad intelectual en el Cibao deseaban producir una Constituci\u00f3n que permitiera un&nbsp; Gobierno aut\u00e9nticamente democr\u00e1tico y representativo.<\/p>\n\n\n\n<p>&nbsp;&nbsp;&nbsp; \u201cLa nueva Constituci\u00f3n fue elaborada en Moca y proclamada el 19 de febrero de 1858\u201d.<\/p>\n\n\n\n<p>&nbsp;&nbsp;&nbsp; La Constituci\u00f3n de Moca aboli\u00f3 la pena de muerte por motivos pol\u00edticos y consagr\u00f3 como&nbsp; derechos&nbsp; la libertad de expresi\u00f3n, el libre tr\u00e1nsito y la libertad de reuni\u00f3n pac\u00edfica.<\/p>\n\n\n\n<p>&nbsp;&nbsp;&nbsp;&nbsp;&nbsp; <strong>La historiadora Mu-Ki\u00e9n Adriana Sang, en su obra Buenaventura B\u00e1ez El Caudillo del Sur (1844-1878),&nbsp; resalta que el Movimiento que se conoce&nbsp; como \u201cLa Revoluci\u00f3n de Julio de 1857\u201d, tom\u00f3 de sorpresa a Buenaventura B\u00e1ez,&nbsp; ya que en 1856, al asumir el poder design\u00f3 al se\u00f1or Jos\u00e9 Mar\u00eda Gonz\u00e1lez como \u201cagente secreto del Gobierno para vijilar&nbsp; (sic) los actos del general Santana en Saint Thomas\u201d, pero la selecci\u00f3n del enviado no fue muy exitosa para B\u00e1ez, pues parece que Gonz\u00e1lez era un hombre de Santana.<\/strong><\/p>\n\n\n\n<p>&nbsp;&nbsp;&nbsp;&nbsp; Seg\u00fan el \u00faltimo informe de Gonz\u00e1lez, con fecha de 3 de julio de 1857, Pedro Santana era un hombre angustiado y en sus palabras no se le escapaba nada que pudiera revelar un plan.&nbsp;&nbsp;&nbsp; En consecuencia, afirma que B\u00e1ez, confiado en las informaciones suministradas por su informante, no imagin\u00f3 que en el Cibao se gestaba un movimiento de gran magnitud&nbsp; en su contra.&nbsp;&nbsp;&nbsp;<\/p>\n\n\n\n<p>La historiadora Mu Ki\u00e9n Sang expresa el criterio de que la Revoluci\u00f3n del 7 de julio de 1857 fue un movimiento nacido en el seno de los llamados liberales, y en vista de su incapacidad militar y pol\u00edtica, decidieron aceptar la ayuda de Pedro Santana, como jefe de la revoluci\u00f3n y de las tropas rebeldes. La guerra dur\u00f3 casi un a\u00f1o, los grupos en conflicto lucharon con todos los medios a su alcance para salir victoriosos, acrecentando la violencia y la destrucci\u00f3n del pa\u00eds.&nbsp;&nbsp;<\/p>\n\n\n\n<p>&nbsp;&nbsp;&nbsp; Anota que el triunfo de la revoluci\u00f3n fue rotundo, B\u00e1ez abdica al poder y parte r\u00e1pidamente al exilio, pero el proyecto ser\u00eda frustrado, pues el pensamiento liberal de los cibae\u00f1os ser\u00eda opacado por la figura militar de Pedro Santana, quien volver\u00eda a la Presidencia en 1858 y desconoci\u00f3 la Constituci\u00f3n Liberal.&nbsp;&nbsp;&nbsp; As\u00ed termin\u00f3 frustrada la revoluci\u00f3n de julio de 1857 y anulada la constituci\u00f3n liberal&nbsp; de Moca.<\/p>\n\n\n\n<p>En consecuencia, \u00a0Santana volvi\u00f3 a gobernar con la Constituci\u00f3n de 1854 que le garantizaba un Gobierno autoritario.<\/p>\n\n\n\n<figure class=\"wp-block-embed is-type-wp-embed is-provider-diario-dominicano wp-block-embed-diario-dominicano\"><div class=\"wp-block-embed__wrapper\">\n<blockquote class=\"wp-embedded-content\" data-secret=\"sO2RUW4i0I\"><a href=\"https:\/\/diariodominicano.com\/?p=378417\">Espa\u00f1a env\u00eda expedici\u00f3n desde Cuba para reforzar a sus tropas. Restauradores indetenibles<\/a><\/blockquote><iframe loading=\"lazy\" class=\"wp-embedded-content\" sandbox=\"allow-scripts\" security=\"restricted\" style=\"position: absolute; visibility: hidden;\" title=\"\u00abEspa\u00f1a env\u00eda expedici\u00f3n desde Cuba para reforzar a sus tropas. Restauradores indetenibles\u00bb \u2014 Diario Dominicano\" src=\"https:\/\/diariodominicano.com\/?p=378417&#038;embed=true#?secret=dJGdb1auoz#?secret=sO2RUW4i0I\" data-secret=\"sO2RUW4i0I\" width=\"600\" height=\"338\" frameborder=\"0\" marginwidth=\"0\" marginheight=\"0\" scrolling=\"no\"><\/iframe>\n<\/div><\/figure>\n\n\n\n<figure class=\"wp-block-embed is-type-wp-embed is-provider-diario-dominicano wp-block-embed-diario-dominicano\"><div class=\"wp-block-embed__wrapper\">\n<blockquote class=\"wp-embedded-content\" data-secret=\"7zhouORy42\"><a href=\"https:\/\/diariodominicano.com\/?p=378421\">Presidente Jos\u00e9 Mar\u00eda Cabral proh\u00edbe a los exiliados retornar a Rep\u00fablica Dominicana sin su autorizaci\u00f3n<\/a><\/blockquote><iframe loading=\"lazy\" class=\"wp-embedded-content\" sandbox=\"allow-scripts\" security=\"restricted\" style=\"position: absolute; visibility: hidden;\" title=\"\u00abPresidente Jos\u00e9 Mar\u00eda Cabral proh\u00edbe a los exiliados retornar a Rep\u00fablica Dominicana sin su autorizaci\u00f3n\u00bb \u2014 Diario Dominicano\" src=\"https:\/\/diariodominicano.com\/?p=378421&#038;embed=true#?secret=FDehxD5HAw#?secret=7zhouORy42\" data-secret=\"7zhouORy42\" width=\"600\" height=\"338\" frameborder=\"0\" marginwidth=\"0\" marginheight=\"0\" scrolling=\"no\"><\/iframe>\n<\/div><\/figure>\n\n\n\n<figure class=\"wp-block-embed is-type-wp-embed is-provider-diario-dominicano wp-block-embed-diario-dominicano\"><div class=\"wp-block-embed__wrapper\">\n<blockquote class=\"wp-embedded-content\" data-secret=\"xFZU4nTi1f\"><a href=\"https:\/\/diariodominicano.com\/?p=378424\">Muere el abogado y poeta Valent\u00edn Gir\u00f3<\/a><\/blockquote><iframe loading=\"lazy\" class=\"wp-embedded-content\" sandbox=\"allow-scripts\" security=\"restricted\" style=\"position: absolute; visibility: hidden;\" title=\"\u00abMuere el abogado y poeta Valent\u00edn Gir\u00f3\u00bb \u2014 Diario Dominicano\" src=\"https:\/\/diariodominicano.com\/?p=378424&#038;embed=true#?secret=CgQBC8pvaw#?secret=xFZU4nTi1f\" data-secret=\"xFZU4nTi1f\" width=\"600\" height=\"338\" frameborder=\"0\" marginwidth=\"0\" marginheight=\"0\" scrolling=\"no\"><\/iframe>\n<\/div><\/figure>\n","protected":false},"excerpt":{"rendered":"<p>Por H\u00e9ctor Tineo Nolasco Diariodominicano.com MONTECRISTI,&nbsp; el 25 de agosto de 1857, en virtud de una&nbsp; disposici\u00f3n del Gobierno Provisional de Santiago, que le levant\u00f3 el impedimento de entrada a los exiliados pol\u00edticos, retorn\u00f3 a Rep\u00fablica Dominicana, por Montecristi, el ex Presidente General Pedro Santana. &nbsp;&nbsp; &nbsp;En la ocasi\u00f3n el Gobierno Provisional del Cibao, Presidido [&hellip;]<\/p>\n","protected":false},"author":28,"featured_media":274138,"comment_status":"closed","ping_status":"","sticky":true,"template":"","format":"standard","meta":{"footnotes":""},"categories":[26,27],"tags":[],"class_list":["post-378415","post","type-post","status-publish","format-standard","has-post-thumbnail","hentry","category-efemerides","category-portada"],"_links":{"self":[{"href":"https:\/\/diariodominicano.com\/index.php?rest_route=\/wp\/v2\/posts\/378415","targetHints":{"allow":["GET"]}}],"collection":[{"href":"https:\/\/diariodominicano.com\/index.php?rest_route=\/wp\/v2\/posts"}],"about":[{"href":"https:\/\/diariodominicano.com\/index.php?rest_route=\/wp\/v2\/types\/post"}],"author":[{"embeddable":true,"href":"https:\/\/diariodominicano.com\/index.php?rest_route=\/wp\/v2\/users\/28"}],"replies":[{"embeddable":true,"href":"https:\/\/diariodominicano.com\/index.php?rest_route=%2Fwp%2Fv2%2Fcomments&post=378415"}],"version-history":[{"count":4,"href":"https:\/\/diariodominicano.com\/index.php?rest_route=\/wp\/v2\/posts\/378415\/revisions"}],"predecessor-version":[{"id":378479,"href":"https:\/\/diariodominicano.com\/index.php?rest_route=\/wp\/v2\/posts\/378415\/revisions\/378479"}],"wp:featuredmedia":[{"embeddable":true,"href":"https:\/\/diariodominicano.com\/index.php?rest_route=\/wp\/v2\/media\/274138"}],"wp:attachment":[{"href":"https:\/\/diariodominicano.com\/index.php?rest_route=%2Fwp%2Fv2%2Fmedia&parent=378415"}],"wp:term":[{"taxonomy":"category","embeddable":true,"href":"https:\/\/diariodominicano.com\/index.php?rest_route=%2Fwp%2Fv2%2Fcategories&post=378415"},{"taxonomy":"post_tag","embeddable":true,"href":"https:\/\/diariodominicano.com\/index.php?rest_route=%2Fwp%2Fv2%2Ftags&post=378415"}],"curies":[{"name":"wp","href":"https:\/\/api.w.org\/{rel}","templated":true}]}}