{"id":378214,"date":"2022-08-23T23:40:00","date_gmt":"2022-08-24T03:40:00","guid":{"rendered":"http:\/\/diariodominicano.com\/?p=378214"},"modified":"2022-08-23T23:40:00","modified_gmt":"2022-08-24T03:40:00","slug":"ante-avance-de-los-restauradores-gobierno-espanol-de-la-anexion-declara-el-estado-de-sitio-en-republica-dominicana","status":"publish","type":"post","link":"https:\/\/diariodominicano.com\/?p=378214","title":{"rendered":"Ante avance de los Restauradores: Gobierno espa\u00f1ol de la Anexi\u00f3n declara el estado de sitio en Rep\u00fablica Dominicana"},"content":{"rendered":"\n<p>General de Espa\u00f1a Felipe Ribero Lemoine <\/p>\n\n\n\n<p><strong>Por H\u00e9ctor Tineo Nolasco<\/strong><\/p>\n\n\n\n<p>Diariodominicano.com<\/p>\n\n\n\n<p><\/p>\n\n\n\n<p>&nbsp;SANTO DOMINGO, el&nbsp; 24 de agosto de 1863, durante la Guerra de la Restauraci\u00f3n,&nbsp; el Capit\u00e1n General del Gobierno de la Anexi\u00f3n, General Felipe Ribero Lemoine&nbsp; declar\u00f3 el estado de sitio en todo el territorio de la Rep\u00fablica Dominicana.<\/p>\n\n\n\n<p>\u00a0\u00a0 <strong>La disposici\u00f3n fue un intento del representante de Espa\u00f1a\u00a0\u00a0 de evitar el avance de los\u00a0 dominicanos\u00a0 que luchaban para consolidar la Restauraci\u00f3n de la Rep\u00fablica, la cual hab\u00eda sido proclamada\u00a0 el 16 de agosto de 1863, con el \u00abGrito de Capotillo. Se\u00a0 trata de la reacci\u00f3n del Gobierno espa\u00f1ol que se resist\u00eda a aceptar\u00a0 La Restauraci\u00f3n de la Independencia Dominicana.<\/strong><\/p>\n\n\n\n<figure class=\"wp-block-image size-large\"><img loading=\"lazy\" decoding=\"async\" width=\"1024\" height=\"526\" src=\"https:\/\/diariodominicano.com\/wp-content\/uploads\/2022\/01\/Jose-Gabriel-Garcia-1024x526.jpg\" alt=\"\" class=\"wp-image-323764\" srcset=\"https:\/\/diariodominicano.com\/wp-content\/uploads\/2022\/01\/Jose-Gabriel-Garcia-1024x526.jpg 1024w, https:\/\/diariodominicano.com\/wp-content\/uploads\/2022\/01\/Jose-Gabriel-Garcia-300x154.jpg 300w, https:\/\/diariodominicano.com\/wp-content\/uploads\/2022\/01\/Jose-Gabriel-Garcia-768x395.jpg 768w, https:\/\/diariodominicano.com\/wp-content\/uploads\/2022\/01\/Jose-Gabriel-Garcia-1536x789.jpg 1536w, https:\/\/diariodominicano.com\/wp-content\/uploads\/2022\/01\/Jose-Gabriel-Garcia-2048x1052.jpg 2048w, https:\/\/diariodominicano.com\/wp-content\/uploads\/2022\/01\/Jose-Gabriel-Garcia-816x419.jpg 816w\" sizes=\"auto, (max-width: 1024px) 100vw, 1024px\" \/><figcaption>Jos\u00e9 Gabriel Garc\u00eda<\/figcaption><\/figure>\n\n\n\n<p>&nbsp;&nbsp;&nbsp; <strong>El historiador Jos\u00e9 Gabriel Garc\u00eda al referirse a la medida anota: <\/strong><strong><\/strong><\/p>\n\n\n\n<p>&nbsp;&nbsp;&nbsp; \u00abNo bien tuvo noticias el General Ribero de los acontecimientos que se ven\u00edan realizando en el Cibao,&nbsp; cuando declarando&nbsp; &#8216;en estado de sitio, el 24 de agosto, todo el territorio de la parte espa\u00f1ola, y sujeto por lo tanto \u00e1 todas sus consecuencias legales, mientras duraran las circunstancias\u00bb. (sic)<\/p>\n\n\n\n<p>&nbsp;&nbsp;&nbsp;&nbsp; Resalta que Ribero&nbsp; \u00abpuso en juego todos los resortes de su autoridad para movilizar&nbsp; gente \u00e9 improvisar&nbsp; medios de &nbsp;defensa, y se prepar\u00f3 para hacer frente \u00e1 la revoluci\u00f3n, contando, por supuesto, con el apoyo que pudieran prestarle los capitanes&nbsp; generales de las islas de Cuba y Puerto Rico, quienes hicieron cuanto estuvo con sus facultades con el fin de suministrarle los auxilios de boca y guerra que creyeron necesarios\u00bb. (sic)<\/p>\n\n\n\n<p>&nbsp;&nbsp; Precisa que el primero que se movi\u00f3 en favor de los anexionistas de Santo Domingo, fue el general Jos\u00e9 de la G\u00e1ndara, a la saz\u00f3n comandante general de Santiago de Cuba, quien recibi\u00f3 la autorizaci\u00f3n del general Dulce, gobernador de la isla de Cuba.<\/p>\n\n\n\n<p>\u00a0\u00a0\u00a0\u00a0 <strong>Durante los d\u00edas 21 y 22 de agosto los restauradores lograron abatir a varias columnas espa\u00f1olas<\/strong>.<\/p>\n\n\n\n<p>&nbsp; &nbsp;&nbsp;Adem\u00e1s,&nbsp; el 22 de agosto de 1863,&nbsp; una columna espa\u00f1ola fue batida por los dominicanos en la Barranca de Guayacanes (La Barranquita), haci\u00e9ndola retroceder a orillas del r\u00edo Jacagua, en camino a Santiago.<\/p>\n\n\n\n<p><strong>\u00a0\u00a0 El\u00a0 \u00abManual de Historia Militar Dominicana\u00bb, anota que al llegar a Guayacanes, una columna espa\u00f1ola al mando del teniente coronel Florentino Garc\u00eda, fue atacada por los restauradores.\u00a0 Hab\u00eda salido con el\u00a0 prop\u00f3sito de darle apoyo\u00a0 al brigadier Manuel Buceta que era perseguido por los dominicanos.<\/strong><\/p>\n\n\n\n<p>&nbsp;&nbsp;&nbsp; Entre las primeras bajas de los combates que se produjeron en las siguientes horas figura el coronel&nbsp;&nbsp; Florentino Garc\u00eda, lo que constituy\u00f3 un golpe&nbsp; sensible para las tropas anexionistas.<\/p>\n\n\n\n<p>&nbsp;&nbsp;&nbsp; Ese&nbsp; combate empez\u00f3 en las primeras horas de la ma\u00f1ana del d\u00eda 22 de agosto. Lo iniciaron los dominicanos con una descarga de fusiler\u00eda que caus\u00f3 varias bajas a los espa\u00f1oles.<\/p>\n\n\n\n<p>&nbsp;&nbsp; \u00abLos espa\u00f1oles intentaron en tres ocasiones ataques contra las posiciones defensivas de los dominicanos, pero como&nbsp; en otras tantas fueron rechazados.<\/p>\n\n\n\n<p>&nbsp;&nbsp;&nbsp; \u00abSin embargo, los dominicanos influenciados por el \u00e9xito del rechazo de las embestidas espa\u00f1olas, lanzaron una carga al machete para contraatacar.<\/p>\n\n\n\n<p>\u00abAnte esta situaci\u00f3n los hispanos cerraron su formaci\u00f3n e hicieron varias descargas de fusiler\u00edas y fuegos de Artiller\u00eda, pr\u00e1cticamente a quemarropa, caus\u00e1ndole cuantiosas bajas a nuestras tropas.<\/p>\n\n\n\n<p>&nbsp;&nbsp;&nbsp;&nbsp;&nbsp;&nbsp;&nbsp;&nbsp;&nbsp; \u00abPero esto no amilan\u00f3 a los criollos y por el contrario atacaron con m\u00e1s furor a los espa\u00f1oles, quienes se vieron precisados a calar bayonetas y lo que sigui\u00f3 fue un combate sangriento en el que ninguno de los bandos ced\u00eda en su intenci\u00f3n de alzarse con la victoria.<\/p>\n\n\n\n<p>&nbsp;&nbsp;&nbsp;&nbsp;&nbsp;&nbsp;&nbsp;&nbsp;&nbsp; \u00abDurante este combate perdieron la vida los comandantes espa\u00f1oles&nbsp; Florentino Garc\u00eda,&nbsp; y Robles, quien le sustituy\u00f3 en el mando, los cuales se involucraron en los combates cuerpo&nbsp; a cuerpo tras a haber ordenado nuevos ataques&nbsp; para tratar de romper la barrera defensiva de los dominicanos, los cuales parec\u00edan multiplicarse. Tanto uno como el otro fueron v\u00edctimas del machete redentor.<\/p>\n\n\n\n<p>&nbsp;&nbsp;&nbsp;&nbsp;&nbsp;&nbsp;&nbsp;&nbsp;&nbsp; \u00abEl Capit\u00e1n R\u00edos, orden\u00f3 un nuevo ataque, pero al ver que los dominicanos no ced\u00edan y se empecinaban en tratar de lograr&nbsp; capturar los ca\u00f1ones convoc\u00f3 una Junta de Oficiales donde se acord\u00f3 el repliegue a Santiago, viendo de esa manera&nbsp; frustrado el objetivo de restablecer el estado de cosas de Guayub\u00edn. A las 17:00 horas finaliz\u00f3 el combate.<\/p>\n\n\n\n<p>&nbsp;&nbsp;&nbsp;&nbsp; La Guerra de La Restauraci\u00f3n hab\u00eda comenzado el d\u00eda 16 de agosto de 1863, con el \u00abGrito de Capotillo\u00bb, pero a pesar de las m\u00faltiples bajas que sufr\u00eda y a la p\u00e9rdida del control del territorio nacional, el Gobierno de la Anexi\u00f3n insist\u00eda en desconocer la restauraci\u00f3n de la Independencia dominicana.<\/p>\n","protected":false},"excerpt":{"rendered":"<p>General de Espa\u00f1a Felipe Ribero Lemoine Por H\u00e9ctor Tineo Nolasco Diariodominicano.com &nbsp;SANTO DOMINGO, el&nbsp; 24 de agosto de 1863, durante la Guerra de la Restauraci\u00f3n,&nbsp; el Capit\u00e1n General del Gobierno de la Anexi\u00f3n, General Felipe Ribero Lemoine&nbsp; declar\u00f3 el estado de sitio en todo el territorio de la Rep\u00fablica Dominicana. \u00a0\u00a0 La disposici\u00f3n fue un [&hellip;]<\/p>\n","protected":false},"author":28,"featured_media":378215,"comment_status":"closed","ping_status":"","sticky":true,"template":"","format":"standard","meta":{"footnotes":""},"categories":[26,27],"tags":[],"class_list":["post-378214","post","type-post","status-publish","format-standard","has-post-thumbnail","hentry","category-efemerides","category-portada"],"_links":{"self":[{"href":"https:\/\/diariodominicano.com\/index.php?rest_route=\/wp\/v2\/posts\/378214","targetHints":{"allow":["GET"]}}],"collection":[{"href":"https:\/\/diariodominicano.com\/index.php?rest_route=\/wp\/v2\/posts"}],"about":[{"href":"https:\/\/diariodominicano.com\/index.php?rest_route=\/wp\/v2\/types\/post"}],"author":[{"embeddable":true,"href":"https:\/\/diariodominicano.com\/index.php?rest_route=\/wp\/v2\/users\/28"}],"replies":[{"embeddable":true,"href":"https:\/\/diariodominicano.com\/index.php?rest_route=%2Fwp%2Fv2%2Fcomments&post=378214"}],"version-history":[{"count":1,"href":"https:\/\/diariodominicano.com\/index.php?rest_route=\/wp\/v2\/posts\/378214\/revisions"}],"predecessor-version":[{"id":378216,"href":"https:\/\/diariodominicano.com\/index.php?rest_route=\/wp\/v2\/posts\/378214\/revisions\/378216"}],"wp:featuredmedia":[{"embeddable":true,"href":"https:\/\/diariodominicano.com\/index.php?rest_route=\/wp\/v2\/media\/378215"}],"wp:attachment":[{"href":"https:\/\/diariodominicano.com\/index.php?rest_route=%2Fwp%2Fv2%2Fmedia&parent=378214"}],"wp:term":[{"taxonomy":"category","embeddable":true,"href":"https:\/\/diariodominicano.com\/index.php?rest_route=%2Fwp%2Fv2%2Fcategories&post=378214"},{"taxonomy":"post_tag","embeddable":true,"href":"https:\/\/diariodominicano.com\/index.php?rest_route=%2Fwp%2Fv2%2Ftags&post=378214"}],"curies":[{"name":"wp","href":"https:\/\/api.w.org\/{rel}","templated":true}]}}