{"id":37813,"date":"2006-09-19T11:14:18","date_gmt":"2006-09-19T11:14:18","guid":{"rendered":"http:\/\/diariodominicano.ddns.net\/?p=37813"},"modified":"2006-09-19T11:14:18","modified_gmt":"2006-09-19T11:14:18","slug":"el-tiro-rapido-de-mario-rivadulla-2","status":"publish","type":"post","link":"https:\/\/diariodominicano.com\/?p=37813","title":{"rendered":"EL TIRO RAPIDO de Mario Rivadulla"},"content":{"rendered":"<p><body><\/p>\n<h1 align=\"center\" class=\"titulogrande1\">EL TIRO RAPIDO<\/h1>\n<p>&#13;<\/p>\n<p align=\"center\" class=\"titulogrande1\"><strong>de<\/strong><\/p>\n<p>&#13;<\/p>\n<h1 align=\"center\" class=\"titulogrande1\">Mario Rivadulla<\/h1>\n<p>&#13;<\/p>\n<p align=\"center\" class=\"titulogrande1\"><strong>EL  CORREDOR ECOLOGICO<\/strong><\/p>\n<p>&#13;<\/p>\n<p align=\"justify\" class=\"text1noticias\">V\u00e0lido, oportuno, necesario e impostergable el reclamo del  Secretario de Estado de Medio Ambiente, Max Puig, respaldado por Omar Ram\u00edrez,  uno de sus m\u00e0s valiosos y experimentados colaboradores, para que se reviva con  la urgencia que el caso requiere, la Comisi\u00f2n Mixta o Bilateral Dom\u00ecnico-Haitiana.  Esto as\u00ec,para abocarse a la b\u00fasqueda de\u00a0  soluciones de conjunto para frenar la destrucci\u00f3n indiscriminada de  bosques y fuentes de agua en las provincias fronterizas.\u00a0 Empobrecidas y altamente vulnerables en todo  sentido, \u00e8stas son terreno propicio para la depredaci\u00f2n de los recursos  naturales que agudizan m\u00e0s todav\u00eca su extrema marginalidad y atraso.<\/p>\n<p>&#13;<\/p>\n<p align=\"justify\" class=\"text1noticias\">El despojo es doblemente perjudicial y condenable. No olvidemos  que gran parte del potencial de la regi\u00f2n Sur y espec\u00edficamente de la zona  lim\u00edtrofe,\u00a0 radica precisamente en sus  atractivos y\u00a0 recursos naturales, siempre  a la espera de la acci\u00f2n remedial del Estado y de la iniciativa privada de  inversionistas emprendedores y creativos que se interesen en su desarrollo.<\/p>\n<p>&#13;<\/p>\n<p align=\"justify\" class=\"text1noticias\">Tanto Puig como Ram\u00edrez, en las respectivas ponencias que  llevaron al Foro organizado por diversas instituciones y la Universidad   Iberoamericana, proponen la instauraci\u00f3n de un \u201ccorredor  ecol\u00f3gico\u201d en la frontera a fin de evitar que contin\u00fae depred\u00e1ndose su  patrimonio natural. La responsabilidad de llevar adelante y preservar dicho  corredor tendr\u00eda que ser compartida por las autoridades de ambos lados de la  isla.<\/p>\n<p>&#13;<\/p>\n<p align=\"justify\" class=\"text1noticias\">Para el Secretario de Medio Ambiente esto resulta tan  obvio que advierte que sin la cooperaci\u00f3n del gobierno haitiano no ser\u00e0 posible  frenar la destrucci\u00f3n de los bosques y de las fuentes de agua a lo largo de la  l\u00ednea fronteriza. Conservar lo que resta de ese patrimonio es tema crucial\u00a0 para Hait\u00ec, donde seg\u00f9n record\u00f2, dos millones  y medio de seres humanos pugnan por sobrevivir a su agobiante pobreza sobre un  suelo fuertemente erosionado en gran parte.<\/p>\n<p>&#13;<\/p>\n<p align=\"justify\" class=\"text1noticias\">Seg\u00f9n Max Puig, al presente ya se han dado pasos en esa  direcci\u00f2n.\u00a0 As\u00ec, su despacho ha venido  trabajando en coordinaci\u00f2n con autoridades medioambientales haitianas para la  aplicaci\u00f3n de una terapia compartida que frene la obra destructiva de los  depredadores de bosques y r\u00ecos.<\/p>\n<p>&#13;<\/p>\n<p align=\"justify\" class=\"text1noticias\">Se trata de una tarea fundamental.\u00a0 De primer orden.\u00a0 De la m\u00e0s alta prioridad.<\/p>\n<p>&#13;<\/p>\n<p align=\"justify\" class=\"text1noticias\">El territorio haitiano ya est\u00e0 erosionado y empobrecido en  muy elevada medida.\u00a0 Que la Naturaleza recupere lo  que la imprevisi\u00f2n y extrema codicia del hombre ha destruido en unas pocas  d\u00e9cadas al otro lado de la isla, requerir\u00e0 de varios siglos. Pero tambi\u00e8n en  esta parte ha habido un largo y casi impune proceso depredador de bosques y  r\u00ecos y de progresiva contaminaci\u00f3n de las tierras aprovechables que, seg\u00f9n  reconoci\u00f3 semanas atr\u00e0s el propio Secretario de Medio Ambiente,\u00a0 presentan acidez en un setenta porciento.<\/p>\n<p>&#13;<\/p>\n<p align=\"justify\" class=\"text1noticias\">Tan penosa realidad ha motivado a algunos ecologistas a  pronosticar que la   Hispaniola pudiera convertirse en el primer desierto  antillano si\u00a0 no adoptamos a tiempo y con  tiempo y la debida energ\u00eda, una firme disposici\u00f2n para la defensa de lo que a\u00f9n  nos queda de la riqueza natural que nos fue prodigada,\u00a0 y la recuperaci\u00f3n de la que nos ha sido  arrebatada por la irrefrenable ambici\u00f3n e irresponsabilidad de quienes la han  explotado en forma desmedida.<\/p>\n<p>&#13;<\/p>\n<p align=\"justify\" class=\"text1noticias\">Sin dudas, la frontera debe ser el punto de arranque de  esta impostergable tarea.<\/p>\n<p>&#13;<\/p>\n<h6> 2006-09-19 11:14:18 <\/h6>\n<p><!--\n<link rel=\"stylesheet\" href=\"css\/bootstrap.min.css\">\n\n\n<ul class=\"pagination\">\n\t    \n\t\n\n<li >\n\t<a href='?page_no=13538'>Previous<\/a>\n\t<\/li>\n\n\n       \n    \n\n<li><a href='?page_no=1'>1<\/a><\/li>\n\n\n\n<li><a href='?page_no=2'>2<\/a><\/li>\n\n\n\n<li><a>...<\/a><\/li>\n\n\n\n<li><a href='?page_no=13537'>13537<\/a><\/li>\n\n\n\n<li><a href='?page_no=13538'>13538<\/a><\/li>\n\n\n\n<li class='active'><a>13539<\/a><\/li>\n\n\n\n<li><a href='?page_no=13540'>13540<\/a><\/li>\n\n\n\n<li><a href='?page_no=13541'>13541<\/a><\/li>\n\n\n\n<li><a>...<\/a><\/li>\n\n\n\n<li><a href='?page_no=13611'>13611<\/a><\/li>\n\n\n\n<li><a href='?page_no=13612'>13612<\/a><\/li>\n\n    \n\t\n\n<li >\n\t<a href='?page_no=13540'>Next<\/a>\n\t<\/li>\n\n\n    \n\n<li><a href='?page_no=13612'>Last &rsaquo;&rsaquo;<\/a><\/li>\n\n<\/ul>\n\n\n--><br \/>\n<\/body><\/p>\n","protected":false},"excerpt":{"rendered":"<p>EL TIRO RAPIDO &#13; de &#13; Mario Rivadulla &#13; EL CORREDOR ECOLOGICO &#13; V\u00e0lido, oportuno, necesario e impostergable el reclamo del Secretario de Estado de Medio Ambiente, Max Puig, respaldado por Omar Ram\u00edrez, uno de sus m\u00e0s valiosos y experimentados colaboradores, para que se reviva con la urgencia que el caso requiere, la Comisi\u00f2n Mixta [&hellip;]<\/p>\n","protected":false},"author":3,"featured_media":0,"comment_status":"open","ping_status":"open","sticky":false,"template":"","format":"standard","meta":{"footnotes":""},"categories":[16],"tags":[],"class_list":["post-37813","post","type-post","status-publish","format-standard","hentry","category-opiniones"],"_links":{"self":[{"href":"https:\/\/diariodominicano.com\/index.php?rest_route=\/wp\/v2\/posts\/37813","targetHints":{"allow":["GET"]}}],"collection":[{"href":"https:\/\/diariodominicano.com\/index.php?rest_route=\/wp\/v2\/posts"}],"about":[{"href":"https:\/\/diariodominicano.com\/index.php?rest_route=\/wp\/v2\/types\/post"}],"author":[{"embeddable":true,"href":"https:\/\/diariodominicano.com\/index.php?rest_route=\/wp\/v2\/users\/3"}],"replies":[{"embeddable":true,"href":"https:\/\/diariodominicano.com\/index.php?rest_route=%2Fwp%2Fv2%2Fcomments&post=37813"}],"version-history":[{"count":0,"href":"https:\/\/diariodominicano.com\/index.php?rest_route=\/wp\/v2\/posts\/37813\/revisions"}],"wp:attachment":[{"href":"https:\/\/diariodominicano.com\/index.php?rest_route=%2Fwp%2Fv2%2Fmedia&parent=37813"}],"wp:term":[{"taxonomy":"category","embeddable":true,"href":"https:\/\/diariodominicano.com\/index.php?rest_route=%2Fwp%2Fv2%2Fcategories&post=37813"},{"taxonomy":"post_tag","embeddable":true,"href":"https:\/\/diariodominicano.com\/index.php?rest_route=%2Fwp%2Fv2%2Ftags&post=37813"}],"curies":[{"name":"wp","href":"https:\/\/api.w.org\/{rel}","templated":true}]}}