{"id":377953,"date":"2022-08-23T00:18:00","date_gmt":"2022-08-23T04:18:00","guid":{"rendered":"http:\/\/diariodominicano.com\/?p=377953"},"modified":"2022-08-23T00:28:20","modified_gmt":"2022-08-23T04:28:20","slug":"presidente-juan-bosch-encabeza-el-acto-de-inauguracion-del-banco-popular","status":"publish","type":"post","link":"https:\/\/diariodominicano.com\/?p=377953","title":{"rendered":"Presidente Juan Bosch encabeza el acto de inauguraci\u00f3n del Banco Popular"},"content":{"rendered":"\n<p>Alejandro Grull\u00f3n fundador del Banco Popular Dominicano.<\/p>\n\n\n\n<figure class=\"wp-block-image size-large\"><img loading=\"lazy\" decoding=\"async\" width=\"768\" height=\"1024\" src=\"https:\/\/diariodominicano.com\/wp-content\/uploads\/2022\/08\/Juan-Bosch-963-768x1024.jpg\" alt=\"\" class=\"wp-image-377957\" srcset=\"https:\/\/diariodominicano.com\/wp-content\/uploads\/2022\/08\/Juan-Bosch-963-768x1024.jpg 768w, https:\/\/diariodominicano.com\/wp-content\/uploads\/2022\/08\/Juan-Bosch-963-225x300.jpg 225w, https:\/\/diariodominicano.com\/wp-content\/uploads\/2022\/08\/Juan-Bosch-963.jpg 791w\" sizes=\"auto, (max-width: 768px) 100vw, 768px\" \/><figcaption>De regering bood de president van Dominicaanse Republiek lunch aan in Hotel de Witte Brug te Den Haag \r*14 februari 1963<\/figcaption><\/figure>\n\n\n\n<p>El presidente de la Rep\u00fablica, profesor Juan Bosch.<\/p>\n\n\n\n<p>&nbsp;&nbsp;&nbsp; SANTO DOMINGO, el&nbsp; 23 de Agosto de 1963, en un acto encabezado por el Presidente de la Rep\u00fablica, profesor Juan Bosch, fue inaugurado el Banco Popular Dominicano.<\/p>\n\n\n\n<p>&nbsp;&nbsp;&nbsp;&nbsp; El Popular fue el primer banco establecido en Rep\u00fablica Dominicana tras la ca\u00edda de la dictadura de Rafael Le\u00f3nidas Trujillo Molina: Fue creado con el apoyo de comerciantes y empresarios de ciudad Santiago, liderado por Alejandro Grull\u00f3n.<\/p>\n\n\n\n<p>Abri\u00f3 sus puertas al p\u00fablico el 2 de enero de 1964, en su oficina de la calle Isabel la Cat\u00f3lica esquina Emiliano Tejera, en ciudad de Santo Domingo. Ofreci\u00f3&nbsp; facilidades de cr\u00e9dito para&nbsp; las peque\u00f1as industrias, atenci\u00f3n&nbsp; a las necesidades ahorro y pr\u00e9stamos del sector rural, y por la apertura de cuentas de ahorros y corrientes con bajos dep\u00f3sitos. Se fund\u00f3 con un&nbsp; Capital Pagado de&nbsp; RD$500,000.00, como requer\u00eda la Ley n\u00famero 708 del 14 de Abril de 1965.<\/p>\n\n\n\n<p>Un documento institucional destaca que el crecimiento del Banco Popular ha sido gradual y sostenido, estableciendo oficinas comerciales donde hay n\u00facleos de poblaci\u00f3n que requieren los servicios de la banca, abarcando los centros urbanos como peque\u00f1os pueblos costeros y&nbsp; las provincias de todas las regiones del pa\u00eds.<\/p>\n\n\n\n<p><br>Tras ganarse la confianza de los dominicanos, en los a\u00f1os 70s, el Banco Popular consolid\u00f3 su etapa de madurez e inici\u00f3 un ciclo de expansi\u00f3n en los a\u00f1os 80s, el cual repunt\u00f3 en los 90s y contin\u00faa en la primera d\u00e9cada del siglo XXI. Su evoluci\u00f3n&nbsp; tambi\u00e9n ha incluido el fortalecimiento de sus relaciones con entidades financieras de otros pa\u00edses: desde la canalizaci\u00f3n de los pr\u00e9stamos del Fondo FIDE, e incursi\u00f3n en sistemas financieros extranjeros bajo la sombrilla del Grupo Popular en los a\u00f1os setenta, hasta el establecimiento de relaciones de cooperaci\u00f3n con la banca europea a finales de los a\u00f1os 90s.<\/p>\n\n\n\n<p><strong>De la historia del Banco Popular Dominicano<\/strong><\/p>\n\n\n\n<p>El Grupo Popular y su filial el Banco Popular Dominicano celebraron el&nbsp; 26 de abril de 2014, de manera conjunta, dos asambleas de accionistas, en las que se conoci\u00f3, entre otros asuntos, el desempe\u00f1o del Grupo Popular durante el ejercicio social del a\u00f1o 2013. Adem\u00e1s, se aprobaron modificaciones estatutarias, as\u00ed como la designaci\u00f3n del se\u00f1or Alejandro E. Grull\u00f3n E. como Presidente Ad Vitam y Consejero Em\u00e9rito de ambas entidades, y el nombramiento del se\u00f1or Manuel A. Grull\u00f3n como presidente del Consejo de Administraci\u00f3n de Grupo Popular.<\/p>\n\n\n\n<figure class=\"wp-block-image size-full\"><img loading=\"lazy\" decoding=\"async\" width=\"224\" height=\"225\" src=\"https:\/\/diariodominicano.com\/wp-content\/uploads\/2022\/08\/Alejandro-Grullon-00.jpg\" alt=\"\" class=\"wp-image-377958\" srcset=\"https:\/\/diariodominicano.com\/wp-content\/uploads\/2022\/08\/Alejandro-Grullon-00.jpg 224w, https:\/\/diariodominicano.com\/wp-content\/uploads\/2022\/08\/Alejandro-Grullon-00-150x150.jpg 150w, https:\/\/diariodominicano.com\/wp-content\/uploads\/2022\/08\/Alejandro-Grullon-00-88x88.jpg 88w\" sizes=\"auto, (max-width: 224px) 100vw, 224px\" \/><figcaption>Alejandro E. Grull\u00f3n E.<\/figcaption><\/figure>\n\n\n\n<p>El se\u00f1or Alejandro E. Grull\u00f3n E. presidi\u00f3 el Banco Popular Dominicano durante sus primeros 25 a\u00f1os, y luego de la creaci\u00f3n del Grupo Popular pas\u00f3 a presidir el Consejo de Administraci\u00f3n hasta la celebraci\u00f3n de las asambleas del 26 de abril de 2014. La Asamblea General Ordinaria Anual de Grupo Popular aprob\u00f3 que el se\u00f1or Manuel A. Grull\u00f3n asumiera la Presidencia del Consejo de Administraci\u00f3n de Grupo Popular, en adici\u00f3n a sus funciones como presidente del Banco Popular Dominicano, que ejerce desde 1990, y como presidente ejecutivo de la casa matriz desde 2001.<\/p>\n\n\n\n<figure class=\"wp-block-image size-full\"><img loading=\"lazy\" decoding=\"async\" width=\"183\" height=\"275\" src=\"https:\/\/diariodominicano.com\/wp-content\/uploads\/2022\/08\/Manuel-Alejandro-Grullon-00.jpg\" alt=\"\" class=\"wp-image-377959\"\/><\/figure>\n\n\n\n<p>Manuel A. Grull\u00f3n&nbsp; dijo en el acto que m\u00e1s que un nombre o una marca empresarial l\u00edder, Popular \u201cse ha convertido en un sentimiento que produce confianza y orgullo, y que vive muy dentro de todos los que tenemos la suerte de pertenecer a esta gran familia\u201d.<\/p>\n\n\n\n<figure class=\"wp-block-image size-full\"><img loading=\"lazy\" decoding=\"async\" width=\"335\" height=\"150\" src=\"https:\/\/diariodominicano.com\/wp-content\/uploads\/2022\/08\/Manuel-y-Alejandro-Grullon-arch.jpg\" alt=\"\" class=\"wp-image-377961\" srcset=\"https:\/\/diariodominicano.com\/wp-content\/uploads\/2022\/08\/Manuel-y-Alejandro-Grullon-arch.jpg 335w, https:\/\/diariodominicano.com\/wp-content\/uploads\/2022\/08\/Manuel-y-Alejandro-Grullon-arch-300x134.jpg 300w\" sizes=\"auto, (max-width: 335px) 100vw, 335px\" \/><figcaption>Manuel A. Grull\u00f3n abraza  emocionado a Don Alejandro Grull\u00f3n.<\/figcaption><\/figure>\n\n\n\n<p>Este relevo garantiza la continuidad del fortalecimiento de esta organizaci\u00f3n financiera y sus aportes a los clientes, accionistas y el pa\u00eds.<\/p>\n\n\n\n<p>Durante la actividad, que tuvo lugar en el Auditorio de la Casa San Pablo, los accionistas de Grupo Popular tambi\u00e9n conocieron y aprobaron en su Asamblea General Ordinaria Anual el Informe de Gesti\u00f3n, el informe escrito del Comisario de Cuentas y los estados financieros auditados, con los detalles de los activos y pasivos, as\u00ed como el estado de ganancias y p\u00e9rdidas.<\/p>\n\n\n\n<p>El&nbsp; se\u00f1or Manuel A. Grull\u00f3n inform\u00f3 a los asamble\u00edstas sobre el satisfactorio crecimiento obtenido en los principales indicadores y en el volumen de negocios alcanzado por Grupo Popular en 2013, por&nbsp; la puesta en marcha de eficaces estrategias de negocios orientadas a aprovechar los cambios en el mercado, tales como los inicios de operaciones de las nuevas filiales Fiduciaria Popular, Administradora de Fondos de Inversi\u00f3n Popular y Servicios Digitales Popular.<\/p>\n","protected":false},"excerpt":{"rendered":"<p>Alejandro Grull\u00f3n fundador del Banco Popular Dominicano. El presidente de la Rep\u00fablica, profesor Juan Bosch. &nbsp;&nbsp;&nbsp; SANTO DOMINGO, el&nbsp; 23 de Agosto de 1963, en un acto encabezado por el Presidente de la Rep\u00fablica, profesor Juan Bosch, fue inaugurado el Banco Popular Dominicano. &nbsp;&nbsp;&nbsp;&nbsp; El Popular fue el primer banco establecido en Rep\u00fablica Dominicana tras [&hellip;]<\/p>\n","protected":false},"author":28,"featured_media":377954,"comment_status":"closed","ping_status":"","sticky":true,"template":"","format":"standard","meta":{"footnotes":""},"categories":[26,27],"tags":[],"class_list":["post-377953","post","type-post","status-publish","format-standard","has-post-thumbnail","hentry","category-efemerides","category-portada"],"_links":{"self":[{"href":"https:\/\/diariodominicano.com\/index.php?rest_route=\/wp\/v2\/posts\/377953","targetHints":{"allow":["GET"]}}],"collection":[{"href":"https:\/\/diariodominicano.com\/index.php?rest_route=\/wp\/v2\/posts"}],"about":[{"href":"https:\/\/diariodominicano.com\/index.php?rest_route=\/wp\/v2\/types\/post"}],"author":[{"embeddable":true,"href":"https:\/\/diariodominicano.com\/index.php?rest_route=\/wp\/v2\/users\/28"}],"replies":[{"embeddable":true,"href":"https:\/\/diariodominicano.com\/index.php?rest_route=%2Fwp%2Fv2%2Fcomments&post=377953"}],"version-history":[{"count":4,"href":"https:\/\/diariodominicano.com\/index.php?rest_route=\/wp\/v2\/posts\/377953\/revisions"}],"predecessor-version":[{"id":377962,"href":"https:\/\/diariodominicano.com\/index.php?rest_route=\/wp\/v2\/posts\/377953\/revisions\/377962"}],"wp:featuredmedia":[{"embeddable":true,"href":"https:\/\/diariodominicano.com\/index.php?rest_route=\/wp\/v2\/media\/377954"}],"wp:attachment":[{"href":"https:\/\/diariodominicano.com\/index.php?rest_route=%2Fwp%2Fv2%2Fmedia&parent=377953"}],"wp:term":[{"taxonomy":"category","embeddable":true,"href":"https:\/\/diariodominicano.com\/index.php?rest_route=%2Fwp%2Fv2%2Fcategories&post=377953"},{"taxonomy":"post_tag","embeddable":true,"href":"https:\/\/diariodominicano.com\/index.php?rest_route=%2Fwp%2Fv2%2Ftags&post=377953"}],"curies":[{"name":"wp","href":"https:\/\/api.w.org\/{rel}","templated":true}]}}