{"id":377951,"date":"2022-08-23T00:05:03","date_gmt":"2022-08-23T04:05:03","guid":{"rendered":"http:\/\/diariodominicano.com\/?p=377951"},"modified":"2022-08-23T00:05:03","modified_gmt":"2022-08-23T04:05:03","slug":"nace-carlos-morales-languasco-3","status":"publish","type":"post","link":"https:\/\/diariodominicano.com\/?p=377951","title":{"rendered":"Nace Carlos Morales Languasco"},"content":{"rendered":"\n<p><strong>PUERTO PLATA,<\/strong> el 23 de Agosto de 1867, naci\u00f3 en Puerto Plata, Carlos Felipe Morales Languasco, hijo de Carlos Felipe Morales e Isabel Languasco de Morales.\u00a0 Se\u00a0 destac\u00f3\u00a0 como pol\u00edtico y sacerdote.<\/p>\n\n\n\n<p>&nbsp;&nbsp;&nbsp;&nbsp;&nbsp;&nbsp;&nbsp;&nbsp; Morales Languasco en la primera parte de su vida fue atra\u00eddo por las actividades religiosas. En el a\u00f1o 1891 fue ordenado sacerdote, pero colg\u00f3 los h\u00e1bitos en el a\u00f1o 1900, para dedicarse a la pol\u00edtica.<\/p>\n\n\n\n<p>&nbsp;&nbsp;&nbsp;&nbsp; Contrajo matrimonio con Aurelia Castellano.<\/p>\n\n\n\n<p>&nbsp;&nbsp;&nbsp; Curs\u00f3 sus estudios en Puerto Plata,&nbsp; y en el Colegio San Luis Gonzaga de Santo Domingo. Entre sus profesores estuvieron Monse\u00f1or Fernando Arturo de Meri\u00f1o y Monse\u00f1or Carlos Nouel.<\/p>\n\n\n\n<p>&nbsp;&nbsp;&nbsp; En el Gobierno de Adolfo Alejandro Nouel, fue Ministro&nbsp; en&nbsp; Europa.<\/p>\n\n\n\n<p>&nbsp;&nbsp;&nbsp; En el a\u00f1o 1903, encabez\u00f3 un movimiento denominado la Revoluci\u00f3n \u00abUnionista\u00bb, para derrocar el Gobierno que hab\u00eda iniciado Alejandro Woss y Gil, el 1 de agosto de 1903.<\/p>\n\n\n\n<p>&nbsp;&nbsp;&nbsp;&nbsp; Woss y Gil, un antiguo colaborador del dictador Ulises Heureaux, fue el l\u00edder del levantamiento que termin\u00f3 el 23 de abril de 1903 con el Gobierno de Horacio V\u00e1squez, quien fue uno de los hombres que particip\u00f3 en el complot que culmin\u00f3 con el asesinato del dictador Ulises -Lil\u00eds- Heureraux, el 26 de julio de 1899, en la ciudad Moca.<\/p>\n\n\n\n<p>&nbsp;&nbsp;&nbsp; Al tomar el poder luego de la renuncia del Presidente Horacio V\u00e1squez, Woss G\u00edl convoc\u00f3 a elecciones para el d\u00eda 20 de junio de 1903 y s\u00f3lo se present\u00f3 su candidatura. Logr\u00f3 el apoyo de Juan Isidro Jimenes, a quien nombr\u00f3 agente&nbsp; financiero de su Gobierno en Europa.<\/p>\n\n\n\n<p>&nbsp;&nbsp;&nbsp; Sin embargo, antes del Gobierno de Woss y Gil cumplir los primeros 100 d\u00edas, Morales Languasco logr\u00f3 el apoyo de los jimenistas y los horacistas (bolos y coludos) para ejecutar un movimiento que pondr\u00eda fin al r\u00e9gimen naciente.<\/p>\n\n\n\n<p>&nbsp;&nbsp; Los jimenistas y los horacistas tem\u00edan que Woss y Gil desarrollara una dictadura similar a la de Ulises -Lil\u00eds- Heureaux.<\/p>\n\n\n\n<p>&nbsp;&nbsp; Morales Languasco logr\u00f3 vencer a la resistencia del Gobierno durante los combates de noviembre.&nbsp; El 24 de noviembre de 1903 se produjo la renuncia del Presidente Woss y Gil.<\/p>\n\n\n\n<p>&nbsp;&nbsp;&nbsp; Las tropas de Morales Languasco entraron a ciudad Santo Domingo, el 6 de diciembre de 1903. Woss y Gil y sus principales colaboradores lilisistas salieron al exilio.<\/p>\n\n\n\n<p>&nbsp;&nbsp;&nbsp;&nbsp; La Rep\u00fablica Dominicana,&nbsp; continu\u00f3 en una situaci\u00f3n de inestabilidad pol\u00edtica.<\/p>\n\n\n\n<p>&nbsp;&nbsp;&nbsp;&nbsp; Morales&nbsp; Languasco al tomar el poder form\u00f3&nbsp; un gabinete de horacistas y jimenistas y convoc\u00f3 a elecciones para principios de&nbsp;&nbsp; 1904, pero incumpli\u00f3 la promesa de reinstalar en la Presidencia a Juan Isidro Jimenes.<\/p>\n\n\n\n<p>&nbsp;&nbsp; Contrariamente, se ali\u00f3 a los horacistas que se opon\u00edan al retorno al pa\u00eds de Juan Isidro Jimenes, con lo que logr\u00f3 presentarse como candidato presidencial llevando como compa\u00f1ero de boleta a Ram\u00f3n C\u00e1ceres, primo de Horacio V\u00e1squez, y otro de los participantes en el asesinato del dictador Lil\u00eds Heureaux.<\/p>\n\n\n\n<p>&nbsp;&nbsp;&nbsp; Los planes para las elecciones se vieron afectados porque los jimenistas se sintieron traicionados&nbsp; y se levantaron en arma, pero Morales Languasco logr\u00f3 el apoyo de Estados Unidos, porque le garantizaba la defensa de sus intereses y el control de las aduanas dominicanas.<\/p>\n\n\n\n<p>&nbsp;&nbsp; Las elecciones fueron celebradas el 31 de mayo de 1904.&nbsp;&nbsp; Morales Languasco y C\u00e1ceres tomaron posesi\u00f3n el 19 de junio de 1904.<\/p>\n\n\n\n<p>&nbsp;&nbsp;&nbsp; Su administraci\u00f3n con los horacistas fue muy dif\u00edcil, ya que lleg\u00f3 un momento que perdi\u00f3 la autoridad&nbsp; y los funcionarios le obedec\u00edan m\u00e1s al Vicepresidente Ram\u00f3n C\u00e1ceres.<\/p>\n\n\n\n<p>&nbsp;&nbsp; Los horacistas lo obligaron a renunciar&nbsp; el 24 de diciembre de 1905, luego que fracas\u00f3 en un plan para conseguir el respaldo de hombres y armas que recibir\u00eda en Haina, donde viaj\u00f3 en secreto ese d\u00eda en compa\u00f1\u00eda de Enrique Jimenes, sobrino de Juan Isidro Jimenes.<\/p>\n\n\n\n<p>&nbsp;&nbsp;&nbsp; Al no encontrar a los hombres y las armas que recibir\u00eda en Haina, Morales Languasco huy\u00f3 hacia Azua, pero en la huida se le fractur\u00f3 una pierna y tuvo que pedir clemencia a sus enemigos&nbsp; horacistas.<\/p>\n\n\n\n<p>&nbsp;&nbsp; Una versi\u00f3n de la \u00e9poca da cuenta de que Carlos&nbsp; Felipe Morales Languasco, salv\u00f3 la vida por la intervenci\u00f3n de Emiliano Tejera y el Ministro estadounidense.<\/p>\n\n\n\n<p>&nbsp;&nbsp; Al producirse la ca\u00edda del Presidente Morales&nbsp; Languasco,&nbsp; tom\u00f3 el Poder Ejecutivo un Consejo de Ministros.&nbsp; El&nbsp; d\u00eda 29 de diciembre de 1905 tom\u00f3 posesi\u00f3n&nbsp; como Presidente de la Rep\u00fablica, Ram\u00f3n C\u00e1ceres.<\/p>\n\n\n\n<p>&nbsp;&nbsp; Carlos Felipe Morales Languasco muri\u00f3 en Par\u00eds, Francia,&nbsp; el d\u00eda 1 de marzo de 1914. Sus restos fueron sepultados en el&nbsp; Cementerio Municipal de Puerto Plata, el d\u00eda 12 de abril de 1914.<\/p>\n","protected":false},"excerpt":{"rendered":"<p>PUERTO PLATA, el 23 de Agosto de 1867, naci\u00f3 en Puerto Plata, Carlos Felipe Morales Languasco, hijo de Carlos Felipe Morales e Isabel Languasco de Morales.\u00a0 Se\u00a0 destac\u00f3\u00a0 como pol\u00edtico y sacerdote. &nbsp;&nbsp;&nbsp;&nbsp;&nbsp;&nbsp;&nbsp;&nbsp; Morales Languasco en la primera parte de su vida fue atra\u00eddo por las actividades religiosas. En el a\u00f1o 1891 fue ordenado sacerdote, [&hellip;]<\/p>\n","protected":false},"author":28,"featured_media":310703,"comment_status":"closed","ping_status":"","sticky":true,"template":"","format":"standard","meta":{"footnotes":""},"categories":[26,27],"tags":[],"class_list":["post-377951","post","type-post","status-publish","format-standard","has-post-thumbnail","hentry","category-efemerides","category-portada"],"_links":{"self":[{"href":"https:\/\/diariodominicano.com\/index.php?rest_route=\/wp\/v2\/posts\/377951","targetHints":{"allow":["GET"]}}],"collection":[{"href":"https:\/\/diariodominicano.com\/index.php?rest_route=\/wp\/v2\/posts"}],"about":[{"href":"https:\/\/diariodominicano.com\/index.php?rest_route=\/wp\/v2\/types\/post"}],"author":[{"embeddable":true,"href":"https:\/\/diariodominicano.com\/index.php?rest_route=\/wp\/v2\/users\/28"}],"replies":[{"embeddable":true,"href":"https:\/\/diariodominicano.com\/index.php?rest_route=%2Fwp%2Fv2%2Fcomments&post=377951"}],"version-history":[{"count":1,"href":"https:\/\/diariodominicano.com\/index.php?rest_route=\/wp\/v2\/posts\/377951\/revisions"}],"predecessor-version":[{"id":377952,"href":"https:\/\/diariodominicano.com\/index.php?rest_route=\/wp\/v2\/posts\/377951\/revisions\/377952"}],"wp:featuredmedia":[{"embeddable":true,"href":"https:\/\/diariodominicano.com\/index.php?rest_route=\/wp\/v2\/media\/310703"}],"wp:attachment":[{"href":"https:\/\/diariodominicano.com\/index.php?rest_route=%2Fwp%2Fv2%2Fmedia&parent=377951"}],"wp:term":[{"taxonomy":"category","embeddable":true,"href":"https:\/\/diariodominicano.com\/index.php?rest_route=%2Fwp%2Fv2%2Fcategories&post=377951"},{"taxonomy":"post_tag","embeddable":true,"href":"https:\/\/diariodominicano.com\/index.php?rest_route=%2Fwp%2Fv2%2Ftags&post=377951"}],"curies":[{"name":"wp","href":"https:\/\/api.w.org\/{rel}","templated":true}]}}