{"id":377949,"date":"2022-08-23T00:02:27","date_gmt":"2022-08-23T04:02:27","guid":{"rendered":"http:\/\/diariodominicano.com\/?p=377949"},"modified":"2022-08-23T00:02:27","modified_gmt":"2022-08-23T04:02:27","slug":"francisco-de-bobadilla-sustituye-a-cristobal-colon-enviado-preso-a-espana","status":"publish","type":"post","link":"https:\/\/diariodominicano.com\/?p=377949","title":{"rendered":"Francisco de Bobadilla sustituye a Crist\u00f3bal Col\u00f3n enviado preso a Espa\u00f1a"},"content":{"rendered":"\n<p>SANTO DOMINGO, el 23 de agosto de 1500, lleg\u00f3 a ciudad Santo Domingo, el comendador Francisco de Bobadilla, quien hab\u00eda sido nombrado por la Corona Espa\u00f1ola, Gobernador de la colonia de Santo Domingo.<\/p>\n\n\n\n<p><strong>&nbsp;&nbsp; Francisco de Bobadilla sustituy\u00f3 a Crist\u00f3bal Col\u00f3n, quien fue enviado preso a Espa\u00f1a, luego de que su administraci\u00f3n y la de su hermano Bartolom\u00e9, fuera cuestionada por acciones deshonestas.<\/strong><strong><\/strong><\/p>\n\n\n\n<p>&nbsp;&nbsp; En&nbsp; el a\u00f1o 1496, se produjo la rebeli\u00f3n que encabez\u00f3&nbsp; el Alcalde Mayor de la Isabela,&nbsp; Francisco Rold\u00e1n.&nbsp; En ese momento Crist\u00f3bal Col\u00f3n se encontraba en Espa\u00f1a en busca de apoyo para&nbsp; nuevas misiones de descubrimiento.<\/p>\n\n\n\n<p>&nbsp;&nbsp; La rebeli\u00f3n de Rold\u00e1n fue una&nbsp; expresi\u00f3n de rechazo a la gesti\u00f3n de Crist\u00f3bal Col\u00f3n&nbsp; y su hermano Bartolom\u00e9, quienes eran acusados de aprovecharse de sus posiciones oficiales en la Colonia de Santo Domingo.<\/p>\n\n\n\n<p>&nbsp;&nbsp; Por ello, en el a\u00f1o 1500 Crist\u00f3bal&nbsp; Col\u00f3n fue detenido en Santo Domingo y enviado a Espa\u00f1a para&nbsp; que respondiera las acusaciones.<\/p>\n\n\n\n<p>&nbsp;&nbsp; Francisco de Bobadilla estuvo en funciones hasta julio de 1502 cuando entreg\u00f3 la Gobernaci\u00f3n a Nicol\u00e1s de Ovando, quien entre sus primeras medidas dispuso el env\u00edo a Espa\u00f1a de Francisco de Rold\u00e1n y sus allegados.<\/p>\n","protected":false},"excerpt":{"rendered":"<p>SANTO DOMINGO, el 23 de agosto de 1500, lleg\u00f3 a ciudad Santo Domingo, el comendador Francisco de Bobadilla, quien hab\u00eda sido nombrado por la Corona Espa\u00f1ola, Gobernador de la colonia de Santo Domingo. &nbsp;&nbsp; Francisco de Bobadilla sustituy\u00f3 a Crist\u00f3bal Col\u00f3n, quien fue enviado preso a Espa\u00f1a, luego de que su administraci\u00f3n y la de [&hellip;]<\/p>\n","protected":false},"author":28,"featured_media":288809,"comment_status":"closed","ping_status":"","sticky":true,"template":"","format":"standard","meta":{"footnotes":""},"categories":[26,27],"tags":[],"class_list":["post-377949","post","type-post","status-publish","format-standard","has-post-thumbnail","hentry","category-efemerides","category-portada"],"_links":{"self":[{"href":"https:\/\/diariodominicano.com\/index.php?rest_route=\/wp\/v2\/posts\/377949","targetHints":{"allow":["GET"]}}],"collection":[{"href":"https:\/\/diariodominicano.com\/index.php?rest_route=\/wp\/v2\/posts"}],"about":[{"href":"https:\/\/diariodominicano.com\/index.php?rest_route=\/wp\/v2\/types\/post"}],"author":[{"embeddable":true,"href":"https:\/\/diariodominicano.com\/index.php?rest_route=\/wp\/v2\/users\/28"}],"replies":[{"embeddable":true,"href":"https:\/\/diariodominicano.com\/index.php?rest_route=%2Fwp%2Fv2%2Fcomments&post=377949"}],"version-history":[{"count":1,"href":"https:\/\/diariodominicano.com\/index.php?rest_route=\/wp\/v2\/posts\/377949\/revisions"}],"predecessor-version":[{"id":377950,"href":"https:\/\/diariodominicano.com\/index.php?rest_route=\/wp\/v2\/posts\/377949\/revisions\/377950"}],"wp:featuredmedia":[{"embeddable":true,"href":"https:\/\/diariodominicano.com\/index.php?rest_route=\/wp\/v2\/media\/288809"}],"wp:attachment":[{"href":"https:\/\/diariodominicano.com\/index.php?rest_route=%2Fwp%2Fv2%2Fmedia&parent=377949"}],"wp:term":[{"taxonomy":"category","embeddable":true,"href":"https:\/\/diariodominicano.com\/index.php?rest_route=%2Fwp%2Fv2%2Fcategories&post=377949"},{"taxonomy":"post_tag","embeddable":true,"href":"https:\/\/diariodominicano.com\/index.php?rest_route=%2Fwp%2Fv2%2Ftags&post=377949"}],"curies":[{"name":"wp","href":"https:\/\/api.w.org\/{rel}","templated":true}]}}