{"id":37793,"date":"2006-09-26T12:47:32","date_gmt":"2006-09-26T12:47:32","guid":{"rendered":"http:\/\/diariodominicano.ddns.net\/?p=37793"},"modified":"2006-09-26T12:47:32","modified_gmt":"2006-09-26T12:47:32","slug":"desfile-dominicano-de-new-york","status":"publish","type":"post","link":"https:\/\/diariodominicano.com\/?p=37793","title":{"rendered":"Desfile Dominicano de New York"},"content":{"rendered":"<p><body><\/p>\n<p class=\"titulogrande1\">Desfile Dominicano de New York<\/p>\n<p>&#13;<\/p>\n<p class=\"textogrande\">P<strong>or Hector J. Peniche<\/strong><\/p>\n<p>&#13;<\/p>\n<p align=\"justify\"><strong>NEW YORK.-<\/strong> <span class=\"text1noticias\">Confieso que es la  primera vez que asisto al desfile de los dominicanos en New York, pues, a pesar  de haber tenido la oportunidad de viajar desde cualquier ciudad de los Estados  Unidos a la llamada gran manzana, nunca fui atra\u00eddo por asistir a la gran  fiesta de los dominicanos fuera del pa\u00eds. Pero esta vez, decid\u00ed participar y  c\u00e1mara en mano llegue a la   Sexta Avenida a donde se traslada la alegr\u00eda de las calles de  Washington Heights, donde trabajan y viven la mayor\u00eda de los dominicanos en los  Estados Unidos.<\/span><\/p>\n<p>&#13;<\/p>\n<p align=\"justify\" class=\"text1noticias\">Decenas de carrozas, al ritmo  de merengue, bachatas y regueton amenizaban a los miles de personas de todas  las razas, que se hicieron presentes en la gran parada dominicana que se inicio  en la Sexta Avenida y continuo desde la Calle 36 hasta la Calle 62. Los grupos  de danza Ballet Quisqueya, del Centro Cultural y los Faraones de Santiago se  confund\u00edan entre quienes ondeaban la bandera dominicana.<\/p>\n<p>&#13;<\/p>\n<p align=\"justify\" class=\"text1noticias\">En la celebraci\u00f3n del 24\u00ba  desfile dominicano en New york, los llamativos y aleg\u00f3ricos \u201cDiablos Cojuelos\u201d  con bailarines con sus trajes de figuras diab\u00f3licas hac\u00edan tronar los l\u00e1tigos  ahuyentando los supuestos pecadores que participaron en el desfile entre miedo  y desaf\u00edos.<\/p>\n<p>&#13;<\/p>\n<p align=\"justify\" class=\"text1noticias\">Algunos funcionarios de la  Ciudad de New York, acompa\u00f1an a los dominicanos en el desfile, entre ellos el  Alcalde de la ciudad Michael Bloomberg quien\u00a0  resalto la muestra de orgullo de los dominicanos, de donde vienen y lo  que son. La gente se mostr\u00f3 contenta por que este a\u00f1o no se vio politizado como  a\u00f1os anteriores nos dijeron los organizadores. \u201cahora se ve muchas mas carrozas  y celebraci\u00f3n en vez de pol\u00edticos\u201d.<\/p>\n<p>&#13;<\/p>\n<p align=\"justify\" class=\"text1noticias\">Sin embargo, los funcionarios  y pol\u00edticos electos que asistieron\u00a0 para  desfilar, reconocieron la fuerza laboral de los dominicanos y el poder que  tienen en la econom\u00eda del pa\u00eds. \u201crealmente no hab\u00eda visto nunca tanta  efervescencia dominicana como este a\u00f1o, dec\u00edan. <\/p>\n<p>&#13;<\/p>\n<p align=\"justify\" class=\"text1noticias\">Todos los a\u00f1os la comunidad  dominicana, particularmente en la Ciudad de New York, celebran con desfiles y  paradas cada aniversario de la Restauraci\u00f3n de la Independencia de la Republica  Dominicana, ocurrida el 16 de agosto de 1863. Hasta el pr\u00f3ximo a\u00f1o, para la 25o  desfiles de los dominicanos.<\/p>\n<p>&#13;<\/p>\n<h6> 2006-09-26 12:47:32 <\/h6>\n<p><!--\n<link rel=\"stylesheet\" href=\"css\/bootstrap.min.css\">\n\n\n<ul class=\"pagination\">\n\t    \n\t\n\n<li >\n\t<a href='?page_no=13519'>Previous<\/a>\n\t<\/li>\n\n\n       \n    \n\n<li><a href='?page_no=1'>1<\/a><\/li>\n\n\n\n<li><a href='?page_no=2'>2<\/a><\/li>\n\n\n\n<li><a>...<\/a><\/li>\n\n\n\n<li><a href='?page_no=13518'>13518<\/a><\/li>\n\n\n\n<li><a href='?page_no=13519'>13519<\/a><\/li>\n\n\n\n<li class='active'><a>13520<\/a><\/li>\n\n\n\n<li><a href='?page_no=13521'>13521<\/a><\/li>\n\n\n\n<li><a href='?page_no=13522'>13522<\/a><\/li>\n\n\n\n<li><a>...<\/a><\/li>\n\n\n\n<li><a href='?page_no=13611'>13611<\/a><\/li>\n\n\n\n<li><a href='?page_no=13612'>13612<\/a><\/li>\n\n    \n\t\n\n<li >\n\t<a href='?page_no=13521'>Next<\/a>\n\t<\/li>\n\n\n    \n\n<li><a href='?page_no=13612'>Last &rsaquo;&rsaquo;<\/a><\/li>\n\n<\/ul>\n\n\n--><br \/>\n<\/body><\/p>\n","protected":false},"excerpt":{"rendered":"<p>Desfile Dominicano de New York &#13; Por Hector J. Peniche &#13; NEW YORK.- Confieso que es la primera vez que asisto al desfile de los dominicanos en New York, pues, a pesar de haber tenido la oportunidad de viajar desde cualquier ciudad de los Estados Unidos a la llamada gran manzana, nunca fui atra\u00eddo por [&hellip;]<\/p>\n","protected":false},"author":3,"featured_media":0,"comment_status":"open","ping_status":"open","sticky":false,"template":"","format":"standard","meta":{"footnotes":""},"categories":[16],"tags":[],"class_list":["post-37793","post","type-post","status-publish","format-standard","hentry","category-opiniones"],"_links":{"self":[{"href":"https:\/\/diariodominicano.com\/index.php?rest_route=\/wp\/v2\/posts\/37793","targetHints":{"allow":["GET"]}}],"collection":[{"href":"https:\/\/diariodominicano.com\/index.php?rest_route=\/wp\/v2\/posts"}],"about":[{"href":"https:\/\/diariodominicano.com\/index.php?rest_route=\/wp\/v2\/types\/post"}],"author":[{"embeddable":true,"href":"https:\/\/diariodominicano.com\/index.php?rest_route=\/wp\/v2\/users\/3"}],"replies":[{"embeddable":true,"href":"https:\/\/diariodominicano.com\/index.php?rest_route=%2Fwp%2Fv2%2Fcomments&post=37793"}],"version-history":[{"count":0,"href":"https:\/\/diariodominicano.com\/index.php?rest_route=\/wp\/v2\/posts\/37793\/revisions"}],"wp:attachment":[{"href":"https:\/\/diariodominicano.com\/index.php?rest_route=%2Fwp%2Fv2%2Fmedia&parent=37793"}],"wp:term":[{"taxonomy":"category","embeddable":true,"href":"https:\/\/diariodominicano.com\/index.php?rest_route=%2Fwp%2Fv2%2Fcategories&post=37793"},{"taxonomy":"post_tag","embeddable":true,"href":"https:\/\/diariodominicano.com\/index.php?rest_route=%2Fwp%2Fv2%2Ftags&post=37793"}],"curies":[{"name":"wp","href":"https:\/\/api.w.org\/{rel}","templated":true}]}}