{"id":37790,"date":"2006-09-26T12:51:55","date_gmt":"2006-09-26T12:51:55","guid":{"rendered":"http:\/\/diariodominicano.ddns.net\/?p=37790"},"modified":"2006-09-26T12:51:55","modified_gmt":"2006-09-26T12:51:55","slug":"las-principales-en-teledebate-181","status":"publish","type":"post","link":"https:\/\/diariodominicano.com\/?p=37790","title":{"rendered":"LAS PRINCIPALES EN TELEDEBATE"},"content":{"rendered":"<p><body><\/p>\n<p><span class=\"titulogrande1\">LAS PRINCIPALES EN TELEDEBATE<\/span><br \/>&#13;<br \/>\n  <br \/>&#13;<br \/>\n  <span class=\"textogrande\">Viernes  22,09,06<\/span><\/p>\n<p>&#13;<\/p>\n<p align=\"justify\" class=\"text1noticias\">OCURRIO LO QUE PARECIA IMPOSIBLE. Con la escogencia de  Milagros Ortiz Bosch como su precandidata a la presidencia de la Rep\u00f9blica por  parte de la Corriente Unitaria ocurri\u00f2 lo que parec\u00eca imposible: que el resto  depusiera sus aspiraciones.\u00a0 Ahora se  cierra la lucha en el seno del PRD por lograr la nominaci\u00f3n en la Convenci\u00f3n  se\u00f1alada para el 7 de Enero pr\u00f3ximo.\u00a0 Los  campos est\u00e0n bien definidos y por lo visto, no habr\u00e0 espacio para una tercera  opci\u00f2n ni tampoco muchas posibilidades de mantenerse neutral.<\/p>\n<p>&#13;<\/p>\n<p align=\"justify\" class=\"text1noticias\">ENFRENTAMIENTO GENERACIONAL.  Vargas Maldonado es un valor joven del PRD mientras que do\u00f1a Milagros resulta  toda una veterana en las lides pol\u00edticas, pr\u00e1cticamente una figura emblem\u00e1tica  en esa organizaci\u00f3n, con un largo historial de lucha en la misma.\u00a0\u00a0 El enfrentamiento ser\u00e0 en gran medida  generacional y de seguro este factor ser\u00e0 un elemento de campa\u00f1a.\u00a0 Las fuerzas de relevo y renuevo agrupadas  alrededor del ex Secretario de Obras P\u00f9blicas frente a la experiencia de  gobierno representada por la ex Vicepresidenta y ex Secretaria de Educaci\u00f3n.<\/p>\n<p>&#13;<\/p>\n<p align=\"justify\" class=\"text1noticias\">COMO PUDIERA AFECTAR A  PACHECO.\u00a0 Pero la escogencia de un  precandidato unitario para enfrentar\u00a0 a  Vargas Maldonado pudiera afectar las aspiraciones de Alfredo Pacheco a dirigir  la Liga Municipal Dominicana. \u00bfHasta qu\u00e8 punto la Corriente Unitaria estar\u00eca en  disposici\u00f2n de apoyar una figura firmemente comprometida con Vargas Maldonado  para controlar un organismo que dispone de un jugoso presupuesto y una nutrida  n\u00f2mina de varios centenares de empleos, que l\u00f3gicamente ser\u00eca un fuerte enclave  de apoyo a \u00e8ste \u00f9ltimo?<\/p>\n<p>&#13;<\/p>\n<p align=\"justify\" class=\"text1noticias\">DISPUTA INNECESARIA.\u00a0 Penoso en verdad que Aduanas y la Direcci\u00f2n  Nacional de Control de Drogas aparezcan p\u00fablicamente disput\u00e1ndose el m\u00e8rito de  la ocupaci\u00f3n del m\u00e0s importante alijo de drogas que se haya incautado en el  pa\u00ecs.\u00a0 De por medio, queda tambi\u00e8n bajo  cuestionamiento la admitida y valiosa colaboraci\u00f3n prestada por las autoridades  venezolanas.\u00a0 \u00bfNo ser\u00eca preferible que se  pusieran de acuerdo para compartir el \u00e8xito del operativo present\u00e0ndolo como  resultado de una acci\u00f2n conjunta?\u00a0\u00a0 La  disputa, de continuar,\u00a0 terminar\u00e0 por  empa\u00f1ar el merecido reconocimiento a este fuerte golpe aplicado al narco  internacional.<\/p>\n<p>&#13;<\/p>\n<p align=\"justify\" class=\"text1noticias\">EL APORTE DE PLAZA DE LA SALUD.  El hecho de que\u00a0 los laboratorios se  declaren excedidos en su capacidad por la cantidad de an\u00e1lisis de dengue que  reclaman posibles pacientes o personas sanas temerosas de estar siendo v\u00ecctimas  asintom\u00e0ticas de la dolencia, otorga mayor importancia a la decisi\u00f2n de la Plaza  de la Salud de ofertar en forma gratuita la realizaci\u00f2n de dichas pruebas, cada  una de las cuales cuesta mil 200 pesos. El \u00f9nico requisito es que cada  interesado haya sido referido por un\u00a0  m\u00e8dico que certifique la presencia de posibles s\u00edntomas del dengue.<\/p>\n<p>&#13;<\/p>\n<p align=\"justify\">EL FRAUDE ELECTRICO. <span class=\"text1noticias\">El  semanario Clave recoge una informaci\u00f2n de la distribuidora el\u00e9ctrica EDESUR en  la que da cuenta de que sus p\u00e8rdidas por los fraudes promedian unos 600  millones de pesos mensuales.\u00a0 De paso, publica  un revelador reportaje sobre las varias formas creativas que se utilizan para  robarse la electricidad sin pagarla.\u00a0 Por  estos avivatos, casi todos gente pudiente, que utilizan los servicios de una  mafia en que participan algunos empleados de la propia empresa, pagamos los que  pagamos.\u00a0 Y pagamos una factura que es la  m\u00e0s cara de la bolita del mundo.<\/span><\/p>\n<p>&#13;<\/p>\n<p align=\"justify\" class=\"text1noticias\">NO EXCUSA OTRAS DEBILIDADES Y  FALLAS. Lo anterior no excusa las muchas otras debilidades y situaciones  an\u00f2malas que es preciso corregir para que, alg\u00fan d\u00eca, podamos disponer de un  servicio de energ\u00eda confiable y con una mejor tarifa.\u00a0 Contratos onerosos, generaci\u00f3n cara, mala  administraci\u00f3n y tantas otras lacras que nos mantienen la mitad del tiempo a  oscuras que debemos pagar en cambio como tiempo completo y a tarifa doble.\u00a0 Sin dudas, debe ser una de las principales  prioridades en la agenda del gobierno por sus costosas consecuencias  econ\u00f3micas, sociales y hasta pol\u00edticas.<\/p>\n<p>&#13;<\/p>\n<p align=\"justify\" class=\"text1noticias\">LA DELINCUENCIA VUELVE A SALIR  DE SU MADRIGUERA.\u00a0 Por ah\u00ec corren  versiones y se dejan escuchar quejas en el sentido de que el patrullaje ha  decrecido, en tanto la delincuencia, siempre al acecho, comienza a salir de su  madriguera y a mostrar nuevamente su sucio rostro.\u00a0 Sectores donde opera el Plan Barrio Seguro  vuelven a ser escenario de hechos criminales.\u00a0  Ciertamente en modo alguno en la medida de antes.\u00a0 Pero no se olvide que una t\u00ecmida respuesta  puede convertirse luego en una tormenta si se baja la guardia.\u00a0 Mucho ojo el Jefe de la Polic\u00eca Nacional.<\/p>\n<p>&#13;<\/p>\n<p align=\"justify\" class=\"text1noticias\">CAMARA: RECTIFICAR ES DE  SABIOS. Pues bien, despu\u00e8s del resbal\u00f2n de la pasada semana cuando por razones  de procedimiento se bloque\u00f2 una propuesta del PRD y el PRSC en la C\u00e0mara para  felicitar a El Nacional por su cuarenta aniversario, el cuerpo legislativo  aprob\u00f2 el mi\u00e9rcoles, a unanimidad, ya con la incorporaci\u00f3n del PLD, la  resoluci\u00f3n de reconocimiento.\u00a0 Aqu\u00ec vale  recordar aquello de que m\u00e0s vale tarde que nunca y que rectificar es de  sabios.\u00a0 Bien por el cuerpo legislativo.\u00a0 El Nacional es un medio de prensa de largas y  honrosas luchas a favor de la libertad de expresi\u00f2n, de la que es buen ejemplo,  y de meritorios servicios a la sociedad.<\/p>\n<p>&#13;<\/p>\n<h6> 2006-09-26 12:51:55 <\/h6>\n<p><!--\n<link rel=\"stylesheet\" href=\"css\/bootstrap.min.css\">\n\n\n<ul class=\"pagination\">\n\t    \n\t\n\n<li >\n\t<a href='?page_no=13517'>Previous<\/a>\n\t<\/li>\n\n\n       \n    \n\n<li><a href='?page_no=1'>1<\/a><\/li>\n\n\n\n<li><a href='?page_no=2'>2<\/a><\/li>\n\n\n\n<li><a>...<\/a><\/li>\n\n\n\n<li><a href='?page_no=13516'>13516<\/a><\/li>\n\n\n\n<li><a href='?page_no=13517'>13517<\/a><\/li>\n\n\n\n<li class='active'><a>13518<\/a><\/li>\n\n\n\n<li><a href='?page_no=13519'>13519<\/a><\/li>\n\n\n\n<li><a href='?page_no=13520'>13520<\/a><\/li>\n\n\n\n<li><a>...<\/a><\/li>\n\n\n\n<li><a href='?page_no=13611'>13611<\/a><\/li>\n\n\n\n<li><a href='?page_no=13612'>13612<\/a><\/li>\n\n    \n\t\n\n<li >\n\t<a href='?page_no=13519'>Next<\/a>\n\t<\/li>\n\n\n    \n\n<li><a href='?page_no=13612'>Last &rsaquo;&rsaquo;<\/a><\/li>\n\n<\/ul>\n\n\n--><br \/>\n<\/body><\/p>\n","protected":false},"excerpt":{"rendered":"<p>LAS PRINCIPALES EN TELEDEBATE&#13; &#13; Viernes 22,09,06 &#13; OCURRIO LO QUE PARECIA IMPOSIBLE. Con la escogencia de Milagros Ortiz Bosch como su precandidata a la presidencia de la Rep\u00f9blica por parte de la Corriente Unitaria ocurri\u00f2 lo que parec\u00eca imposible: que el resto depusiera sus aspiraciones.\u00a0 Ahora se cierra la lucha en el seno del [&hellip;]<\/p>\n","protected":false},"author":3,"featured_media":0,"comment_status":"open","ping_status":"open","sticky":false,"template":"","format":"standard","meta":{"footnotes":""},"categories":[16],"tags":[],"class_list":["post-37790","post","type-post","status-publish","format-standard","hentry","category-opiniones"],"_links":{"self":[{"href":"https:\/\/diariodominicano.com\/index.php?rest_route=\/wp\/v2\/posts\/37790","targetHints":{"allow":["GET"]}}],"collection":[{"href":"https:\/\/diariodominicano.com\/index.php?rest_route=\/wp\/v2\/posts"}],"about":[{"href":"https:\/\/diariodominicano.com\/index.php?rest_route=\/wp\/v2\/types\/post"}],"author":[{"embeddable":true,"href":"https:\/\/diariodominicano.com\/index.php?rest_route=\/wp\/v2\/users\/3"}],"replies":[{"embeddable":true,"href":"https:\/\/diariodominicano.com\/index.php?rest_route=%2Fwp%2Fv2%2Fcomments&post=37790"}],"version-history":[{"count":0,"href":"https:\/\/diariodominicano.com\/index.php?rest_route=\/wp\/v2\/posts\/37790\/revisions"}],"wp:attachment":[{"href":"https:\/\/diariodominicano.com\/index.php?rest_route=%2Fwp%2Fv2%2Fmedia&parent=37790"}],"wp:term":[{"taxonomy":"category","embeddable":true,"href":"https:\/\/diariodominicano.com\/index.php?rest_route=%2Fwp%2Fv2%2Fcategories&post=37790"},{"taxonomy":"post_tag","embeddable":true,"href":"https:\/\/diariodominicano.com\/index.php?rest_route=%2Fwp%2Fv2%2Ftags&post=37790"}],"curies":[{"name":"wp","href":"https:\/\/api.w.org\/{rel}","templated":true}]}}