{"id":37773,"date":"2006-10-05T12:09:21","date_gmt":"2006-10-05T12:09:21","guid":{"rendered":"http:\/\/diariodominicano.ddns.net\/?p=37773"},"modified":"2006-10-05T12:09:21","modified_gmt":"2006-10-05T12:09:21","slug":"los-temas-de-teledebate-48","status":"publish","type":"post","link":"https:\/\/diariodominicano.com\/?p=37773","title":{"rendered":"LOS TEMAS DE TELEDEBATE."},"content":{"rendered":"<p><body><\/p>\n<p align=\"center\" class=\"titulogrande1\">LOS TEMAS DE TELEDEBATE.<\/p>\n<p>&#13;<\/p>\n<p align=\"justify\" class=\"text1noticias\">FRANCISCO MENDEZ Y LOS EMPRESARIOS.\u00a0 El Superintendente de Electricidad, Francisco  M\u00e9ndez, acaba de declarar que los usuarios del servicio no resisten m\u00e0s  aumentos en sus facturas.\u00a0 Bueno que el  se\u00f1alamiento venga de su persona, a quien hasta ahora le ha tocado la ingrata  tarea de anunciar los sucesivos aumentos en la tarifa.\u00a0 Ahora bien \u00bfcu\u00e0l es la soluci\u00f3n?\u00a0 Se nos ocurre que el \u00f9nico camino inmediato es  incrementar el cobro, poner a pagar a los que se roban la luz. Precisamente las  instituciones empresariales le est\u00e0n reclamando que identifique a los  empresarios que incurren en esa pr\u00e0ctica.\u00a0  En otro orden, proceder a renegociar los contratos que sean realmente  onerosos.\u00a0\u00a0 Si andamos al mismo tiempo en  ambas direcciones es muy probable que tengamos menos apagones pero tambi\u00e8n que  paguemos mejores precios por la electricidad.\u00a0  De paso, que el gobierno vaya desmontando hasta casi desaparecer el  cuantios\u00edsimo subsidio que destina al sector el\u00e9ctrico.<\/p>\n<p>&#13;<\/p>\n<p align=\"justify\" class=\"text1noticias\">TRAGICO SALDO.\u00a0  La cifra de 132 muertes violentas en los primeros ocho meses del a\u00f1o  registradas en los centros de diversi\u00f3n de la ciudad capital, debe ponernos a  todos a pensar muy seriamente si a los tales lugares se va a buscar sano  esparcimiento o por el contrario,el exceso de consumo de alcohol y posiblemente  tambi\u00e8n de drogas en alguno que otro, excita los \u00e0nimos de la gente para  cometer esos cr\u00edmenes y todo g\u00e8nero de fechor\u00edas e indelicadezas que  posiblemente ni siquiera llegue a los medios de comunicaci\u00f3n. Si bien es cierto  que aqu\u00ec existe el libre comercio, no lo es menos que las autoridades no pueden  permanecer indiferentes, ajenas a esa situaci\u00f3n y las obliga a dise\u00f1ar un  m\u00e9todo que ejerza alg\u00fan tipo de control sobre esa situaci\u00f3n.\u00a0 De paso, esa sombr\u00eca estad\u00edstica otorga mayor  vigencia a las medidas de excepci\u00f3n sumadas al Plan de Seguridad  Ciudadana.\u00a0 Insistimos en que el gobierno  no puede bajar la guardia en este sentido.<\/p>\n<p>&#13;<\/p>\n<p align=\"justify\" class=\"text1noticias\">ESCASEZ DE COMBUSTIBLE.\u00a0 La escasez de combustible que ha obligado a  racionar la entrega a las bombas, ha sido explicada p\u00f2r las autoridades como  resultado de desperfectos en la planta de Pedevesa, en Venezuela, lo que oblig\u00f2  a comprar gas oil en Colombia y gasolina en Houston.\u00a0 Los barcos procedentes de ambos lugares est\u00e0n  supuestos a llegar el jueves.\u00a0 Trat\u00e1ndose  de productos terminados, es de esperar que se monte un operativo inmediato de  distribuci\u00f3n para que ya el viernes est\u00e8 fluyendo hacia los tanques de los  veh\u00edculos.\u00a0\u00a0 El retraso demuestra una vez  m\u00e0s la debilidad que presentamos en el abastecimiento de combustibles.\u00a0 Hace alg\u00fan tiempo se habl\u00f2 de la conveniencia  de construir grandes tanques de almacenamiento a fin de disponer de una reserva  que nos permita afrontar cualquier situaci\u00f3n inesperada o de emergencia como ha  ocurrido en esta ocasi\u00f3n, en que origina inquietud y afecta todas las  actividades del pa\u00ecs.<br \/>&#13;<br \/>\n  <br \/>&#13;<br \/>\n  INADMISIBLE.\u00a0  Que cualquier organizaci\u00f3n nacional o hasta extranjera se preocupe por  el trato que reciben los haitianos en el pa\u00ecs y reclamen garant\u00edas para que la  deportaci\u00f3n se realice dentro de un marco humanitario,\u00a0 puede interpretarse como un leg\u00ectimo gesto de  solidaridad humana.\u00a0 Pero que esas  organizaciones pretendan dictarle pautas al Estado Dominicano con respecto a la  concesi\u00f3n de la ciudadan\u00eca, mediante una intepretaci\u00f2n del texto constitucional  acomodada a su gusto o conveniencia, contraviniendo inclusive fallos de la  Suprema Corte de Justicia, resulta de todo punto inadmisible.\u00a0 Bien ha hecho El Nacional en reaccionar  editorialmente con energ\u00eda frente al planteamiento que, en espacio pagado,  apareci\u00f3 en la edici\u00f2n de este d\u00eca del matutino Hoy suscrito por una serie de  entidades que se identifican como de origen brit\u00e1nico incursionando en un  terreno que es de la exclusiva soberan\u00eca del Estado Dominicano como es el de  conceder derecho de ciudadan\u00eca, pretendiendo dictar pautas en tal sentido.\u00a0 El gobierno no debe permanecer en silencio  frente a este pronunciamiento que reiteramos, es de todo punto inaceptable en  esas pretensiones.<\/p>\n<p>&#13;<\/p>\n<h6> 2006-10-05 12:09:21 <\/h6>\n<p><!--\n<link rel=\"stylesheet\" href=\"css\/bootstrap.min.css\">\n\n\n<ul class=\"pagination\">\n\t    \n\t\n\n<li >\n\t<a href='?page_no=13501'>Previous<\/a>\n\t<\/li>\n\n\n       \n    \n\n<li><a href='?page_no=1'>1<\/a><\/li>\n\n\n\n<li><a href='?page_no=2'>2<\/a><\/li>\n\n\n\n<li><a>...<\/a><\/li>\n\n\n\n<li><a href='?page_no=13500'>13500<\/a><\/li>\n\n\n\n<li><a href='?page_no=13501'>13501<\/a><\/li>\n\n\n\n<li class='active'><a>13502<\/a><\/li>\n\n\n\n<li><a href='?page_no=13503'>13503<\/a><\/li>\n\n\n\n<li><a href='?page_no=13504'>13504<\/a><\/li>\n\n\n\n<li><a>...<\/a><\/li>\n\n\n\n<li><a href='?page_no=13611'>13611<\/a><\/li>\n\n\n\n<li><a href='?page_no=13612'>13612<\/a><\/li>\n\n    \n\t\n\n<li >\n\t<a href='?page_no=13503'>Next<\/a>\n\t<\/li>\n\n\n    \n\n<li><a href='?page_no=13612'>Last &rsaquo;&rsaquo;<\/a><\/li>\n\n<\/ul>\n\n\n--><br \/>\n<\/body><\/p>\n","protected":false},"excerpt":{"rendered":"<p>LOS TEMAS DE TELEDEBATE. &#13; FRANCISCO MENDEZ Y LOS EMPRESARIOS.\u00a0 El Superintendente de Electricidad, Francisco M\u00e9ndez, acaba de declarar que los usuarios del servicio no resisten m\u00e0s aumentos en sus facturas.\u00a0 Bueno que el se\u00f1alamiento venga de su persona, a quien hasta ahora le ha tocado la ingrata tarea de anunciar los sucesivos aumentos en [&hellip;]<\/p>\n","protected":false},"author":3,"featured_media":0,"comment_status":"open","ping_status":"open","sticky":false,"template":"","format":"standard","meta":{"footnotes":""},"categories":[16],"tags":[],"class_list":["post-37773","post","type-post","status-publish","format-standard","hentry","category-opiniones"],"_links":{"self":[{"href":"https:\/\/diariodominicano.com\/index.php?rest_route=\/wp\/v2\/posts\/37773","targetHints":{"allow":["GET"]}}],"collection":[{"href":"https:\/\/diariodominicano.com\/index.php?rest_route=\/wp\/v2\/posts"}],"about":[{"href":"https:\/\/diariodominicano.com\/index.php?rest_route=\/wp\/v2\/types\/post"}],"author":[{"embeddable":true,"href":"https:\/\/diariodominicano.com\/index.php?rest_route=\/wp\/v2\/users\/3"}],"replies":[{"embeddable":true,"href":"https:\/\/diariodominicano.com\/index.php?rest_route=%2Fwp%2Fv2%2Fcomments&post=37773"}],"version-history":[{"count":0,"href":"https:\/\/diariodominicano.com\/index.php?rest_route=\/wp\/v2\/posts\/37773\/revisions"}],"wp:attachment":[{"href":"https:\/\/diariodominicano.com\/index.php?rest_route=%2Fwp%2Fv2%2Fmedia&parent=37773"}],"wp:term":[{"taxonomy":"category","embeddable":true,"href":"https:\/\/diariodominicano.com\/index.php?rest_route=%2Fwp%2Fv2%2Fcategories&post=37773"},{"taxonomy":"post_tag","embeddable":true,"href":"https:\/\/diariodominicano.com\/index.php?rest_route=%2Fwp%2Fv2%2Ftags&post=37773"}],"curies":[{"name":"wp","href":"https:\/\/api.w.org\/{rel}","templated":true}]}}