{"id":37768,"date":"2006-10-06T12:28:11","date_gmt":"2006-10-06T12:28:11","guid":{"rendered":"http:\/\/diariodominicano.ddns.net\/?p=37768"},"modified":"2006-10-06T12:28:11","modified_gmt":"2006-10-06T12:28:11","slug":"lopez-rodriguezcuatro-fechas-y-una-gran-labor-pastoral","status":"publish","type":"post","link":"https:\/\/diariodominicano.com\/?p=37768","title":{"rendered":"L\u00f3pez Rodr\u00edguez:Cuatro fechas y una gran labor pastoral"},"content":{"rendered":"<p><body><\/p>\n<p class=\"titulogrande1\">L\u00f3pez  Rodr\u00edguez: Cuatro  fechas y una gran labor pastoral<\/p>\n<p>&#13;<\/p>\n<p class=\"textogrande\">Por Santos Aquino Rubio<\/p>\n<p>&#13;<\/p>\n<p align=\"justify\" class=\"text1noticias\">Monse\u00f1or Nicol\u00e1s de Jes\u00fas L\u00f3pez Rodr\u00edguez, cardenal de la Rep\u00fablica y Arzobispo  Metropolitano de Santo Domingo, ha rendido una labor pastoral sobresaliente, no  s\u00f3lo para su Iglesia, sino para todo el pueblo dominicano.<\/p>\n<p>&#13;<\/p>\n<p align=\"justify\" class=\"text1noticias\">Ordenado sacerdote a los 25 a\u00f1os de edad, comprendi\u00f3 que  su labor deb\u00eda ser intensa como lo ha demostrado a lo largo de sus 45 como  pastor de almas. Precisamente, el a\u00f1o 2006 recoge cuatro fechas aniversarias de  suma importancia en la vida y obra de nuestro purpurado.<\/p>\n<p>&#13;<\/p>\n<p align=\"justify\" class=\"text1noticias\">Es decir, que este valioso vocero de la fe, nacido en  1936, ya ha cumplido 45 a\u00f1os en el sacerdocio, 27 como Arzobispo, 15 de  cardenal y, en este octubre, el d\u00eda 31, arribar\u00e1 a la edad de 70 oto\u00f1os.<\/p>\n<p>&#13;<\/p>\n<p align=\"justify\" class=\"text1noticias\">Los dominicanos, sin distinci\u00f3n de cultos, de razones  pol\u00edticas sociales o personales, debemos coincidir en que Su Eminencia  Reverend\u00edsima ha mostrado su patriotismo en cada caso y ha sido un defensor  radical de la moral y las buenas costumbres.<\/p>\n<p>&#13;<\/p>\n<p align=\"justify\" class=\"text1noticias\">M\u00e1s a\u00fan, ha sido un gran defensor de los valores patrios  y de la dominicanidad, enfrentando sin temores toda idea o acci\u00f3n dirigida a  subvaluar la obra de los padres de la patria y el equilibrio que debe mediar  entre los humanos, sin importar raza o color. <\/p>\n<p>&#13;<\/p>\n<p align=\"justify\" class=\"text1noticias\">Amado por muchos, visto con reservas por otros, pero  definitivamente considerado un genuino representante de los valores nuestros y  de la fe que profesamos, la admiraci\u00f3n es pr\u00e1cticamente total por sus acciones  y firmeza.<\/p>\n<p>&#13;<\/p>\n<p align=\"justify\" class=\"text1noticias\">En estas cuatro fechas importantes de su existencia,  deseamos, con fe, con entusiasmo, larga vida a Monse\u00f1or Nicol\u00e1s de Jes\u00fas L\u00f3pez  Rodr\u00edguez, cardenal y Arzobispo de Santo Domingo.<\/p>\n<p>&#13;<\/p>\n<p align=\"justify\"><strong>El autor es  periodista, abogado y polit\u00f3logo.<\/strong><\/p>\n<p>&#13;<\/p>\n<h6> 2006-10-06 12:28:11 <\/h6>\n<p><!--\n<link rel=\"stylesheet\" href=\"css\/bootstrap.min.css\">\n\n\n<ul class=\"pagination\">\n\t    \n\t\n\n<li >\n\t<a href='?page_no=13498'>Previous<\/a>\n\t<\/li>\n\n\n       \n    \n\n<li><a href='?page_no=1'>1<\/a><\/li>\n\n\n\n<li><a href='?page_no=2'>2<\/a><\/li>\n\n\n\n<li><a>...<\/a><\/li>\n\n\n\n<li><a href='?page_no=13497'>13497<\/a><\/li>\n\n\n\n<li><a href='?page_no=13498'>13498<\/a><\/li>\n\n\n\n<li class='active'><a>13499<\/a><\/li>\n\n\n\n<li><a href='?page_no=13500'>13500<\/a><\/li>\n\n\n\n<li><a href='?page_no=13501'>13501<\/a><\/li>\n\n\n\n<li><a>...<\/a><\/li>\n\n\n\n<li><a href='?page_no=13611'>13611<\/a><\/li>\n\n\n\n<li><a href='?page_no=13612'>13612<\/a><\/li>\n\n    \n\t\n\n<li >\n\t<a href='?page_no=13500'>Next<\/a>\n\t<\/li>\n\n\n    \n\n<li><a href='?page_no=13612'>Last &rsaquo;&rsaquo;<\/a><\/li>\n\n<\/ul>\n\n\n--><br \/>\n<\/body><\/p>\n","protected":false},"excerpt":{"rendered":"<p>L\u00f3pez Rodr\u00edguez: Cuatro fechas y una gran labor pastoral &#13; Por Santos Aquino Rubio &#13; Monse\u00f1or Nicol\u00e1s de Jes\u00fas L\u00f3pez Rodr\u00edguez, cardenal de la Rep\u00fablica y Arzobispo Metropolitano de Santo Domingo, ha rendido una labor pastoral sobresaliente, no s\u00f3lo para su Iglesia, sino para todo el pueblo dominicano. &#13; Ordenado sacerdote a los 25 a\u00f1os [&hellip;]<\/p>\n","protected":false},"author":3,"featured_media":0,"comment_status":"open","ping_status":"open","sticky":false,"template":"","format":"standard","meta":{"footnotes":""},"categories":[16],"tags":[],"class_list":["post-37768","post","type-post","status-publish","format-standard","hentry","category-opiniones"],"_links":{"self":[{"href":"https:\/\/diariodominicano.com\/index.php?rest_route=\/wp\/v2\/posts\/37768","targetHints":{"allow":["GET"]}}],"collection":[{"href":"https:\/\/diariodominicano.com\/index.php?rest_route=\/wp\/v2\/posts"}],"about":[{"href":"https:\/\/diariodominicano.com\/index.php?rest_route=\/wp\/v2\/types\/post"}],"author":[{"embeddable":true,"href":"https:\/\/diariodominicano.com\/index.php?rest_route=\/wp\/v2\/users\/3"}],"replies":[{"embeddable":true,"href":"https:\/\/diariodominicano.com\/index.php?rest_route=%2Fwp%2Fv2%2Fcomments&post=37768"}],"version-history":[{"count":0,"href":"https:\/\/diariodominicano.com\/index.php?rest_route=\/wp\/v2\/posts\/37768\/revisions"}],"wp:attachment":[{"href":"https:\/\/diariodominicano.com\/index.php?rest_route=%2Fwp%2Fv2%2Fmedia&parent=37768"}],"wp:term":[{"taxonomy":"category","embeddable":true,"href":"https:\/\/diariodominicano.com\/index.php?rest_route=%2Fwp%2Fv2%2Fcategories&post=37768"},{"taxonomy":"post_tag","embeddable":true,"href":"https:\/\/diariodominicano.com\/index.php?rest_route=%2Fwp%2Fv2%2Ftags&post=37768"}],"curies":[{"name":"wp","href":"https:\/\/api.w.org\/{rel}","templated":true}]}}