{"id":37766,"date":"2006-10-06T12:32:49","date_gmt":"2006-10-06T12:32:49","guid":{"rendered":"http:\/\/diariodominicano.ddns.net\/?p=37766"},"modified":"2006-10-06T12:32:49","modified_gmt":"2006-10-06T12:32:49","slug":"las-principales-en-teledebate-175","status":"publish","type":"post","link":"https:\/\/diariodominicano.com\/?p=37766","title":{"rendered":"Las Principales en Teledebate"},"content":{"rendered":"<p><body><\/p>\n<p align=\"center\" class=\"titulogrande1\">Las Principales en Teledebate<\/p>\n<p>&#13;<\/p>\n<p align=\"center\">Mi\u00e9rcoles 4,10,06<\/p>\n<p>&#13;<\/p>\n<p align=\"justify\" class=\"text1noticias\">CON BUEN PIE. La   C\u00e0mara de Diputados ha comenzado con buen pie al disponer el  rechazo del contrato que conceder\u00eca a la empresa Icasur el manejo de los  marbetes.\u00a0 La comisi\u00f3n que estudi\u00f2 el  mismo concluy\u00f2 que es oneroso para el Estado al tiempo que no representa ning\u00fan  beneficio para los poseedores de veh\u00edculos.\u00a0  Ello sin contar que esa empresa confronta problemas judiciales en El  Salvador y Espa\u00f1a, su pa\u00ecs de origen.<\/p>\n<p>&#13;<\/p>\n<p align=\"justify\" class=\"text1noticias\">MAS RAPIDO, NI INMEDIATAMENTE. No pasaron 24 horas  de la advertencia hecha por el Banco Central de que saldr\u00edan perdiendo aquellos  que se estaban afilando los colmillos para especular con el d\u00f3lar, cuando ya  \u00e8ste comenz\u00f2 a venderse 40 a  50 puntos por debajo del d\u00eca anterior. M\u00e0s r\u00e1pido, ni inmediatamente.\u00a0\u00a0 El petr\u00f3leo tambi\u00e8n ha vuelto a descender,  coloc\u00e1ndose por debajo de los 59 d\u00f2lares el barril.\u00a0 Es una tendencia que ojal\u00e0 se mantenga y debe  reflejarse positivamente no s\u00f2lo en los combustibles sino en el costo de la  vida en general.<\/p>\n<p>&#13;<\/p>\n<p align=\"justify\" class=\"text1noticias\">LOS CRIMINALES NO DISPARAN FLORES. En los primeros 8  meses del a\u00f1o se han registrado nada menos que mil 450 muertes violentas en el  pa\u00ecs, de \u00e8stas 231 como consecuencia de robos y asaltos, entre ellos unos 70  militares y polic\u00edas. En total se reportaron 204 v\u00ecctimas en intercambios de  disparos, de los cuales 57 eran agentes policiales o miembros de las Fuerzas  Armadas. Una evidencia de que tambi\u00e8n del otro lado de la calle, la de los  malhechores, tambi\u00e8n tiran y no precisamente flores.<\/p>\n<p>&#13;<\/p>\n<p align=\"justify\" class=\"text1noticias\">CUIDADO CON LA ESTAMPIDA. \u00a0Seg\u00fan el economista Miguel  Ceara Hatton una nueva reforma fiscal resulta inevitable, lo que se traducir\u00e0  en mayor carga tributaria.\u00a0 Aboga tambi\u00e8n  porque se ponga fin al fraude el\u00e9ctrico.\u00a0  En otro orden, plantea gravar los intereses de los depositantes en el  Banco Central, una medida que habr\u00eca que ponderar muy cuidadosamente debido a  que pudiera restarle atractivo al ahorro interno y\u00a0 provocar un \u00e9xodo de capitales hacia el \u00e0rea  d\u00f3lar.<\/p>\n<p>&#13;<\/p>\n<p align=\"justify\" class=\"text1noticias\">UNA GRAN DISTINCI\u00d3N PARA EL PERIODISMO. La Sociedad Interamericana  de Prensa acaba de elegir a Rafael Molina Morillo como su nuevo  Presidente.\u00a0 Es una gran distinci\u00f3n que  reciben tanto el veterano periodista como la prensa dominicana y el pa\u00ecs.\u00a0 La entidad registra un hermoso historial en  la defensa de la libertad de expresi\u00f3n y\u00a0  en la denuncia de atentados a la integridad f\u00edsica y moral de los  periodistas.\u00a0<br \/>&#13;<br \/>\n  <br \/> &#13;<br \/>\nAnteriormente honr\u00f2 el  cargo Germ\u00e0n Ornes, figura emblem\u00e1tica del diarismo dominicano.<\/p>\n<p>&#13;<\/p>\n<p align=\"justify\" class=\"text1noticias\">EL APORTE AGRONOMICO. Hoy se est\u00e0 celebrando el D\u00eca  del Agr\u00f3nomo Dominicano.\u00a0 Desde aqu\u00ec  enviamos un c\u00e1lido saludo a los muchos profesionales del agro que con sus  conocimientos tecnol\u00f3gicos y dedicaci\u00f3n contribuyen al incremento de la  producci\u00f2n agr\u00edcola nacional, base de nuestra seguridad alimentaria.\u00a0 Por cierto, que las cifras de nuestra  agropecuaria est\u00e0n desactualizadas ya que datan de un cuarto de siglo.\u00a0 As\u00ec no hay manera de precisar el aporte  econ\u00f2mico y social de este sector productivo.<\/p>\n<p>&#13;<\/p>\n<p align=\"justify\" class=\"text1noticias\">DOS INTERESANTES PREGUNTAS. El muy acucioso Manuel  Gonz\u00e0lez Tejera, despu\u00e9s de un exhaustivo estudio de la n\u00f2mina estatal, plantea  dos preguntas interesantes. La primera, \u00bfc\u00f2mo es posible que la n\u00f2mina de  INESPRE sea superior en casi seis millones de pesos a la del Banco  Agr\u00edcola?\u00a0 La otra,\u00a0 \u00bfc\u00f2mo es posible que con menos empleados la  n\u00f2mina del CEA resulte superior a la del propio Bagr\u00eccola?\u00a0 Ser\u00eca interesante conocer las razones de esta  situaci\u00f3n tan contradictoria.<\/p>\n<p>&#13;<\/p>\n<p align=\"justify\" class=\"text1noticias\">BRUGAL CREE EN SU GENTE. La d\u00e8cimo quinta versi\u00f3n de  la tradicional Premiaci\u00f2n Brugal Cree en su Gente ya est\u00e0 a la vuelta de la  esquina.\u00a0 El d\u00eca 11 ser\u00e0 la ceremonia en la Casa San\u00a0 Pablo. Como orador invitado en esta ocasi\u00f3n  figura el conocido empresario Manuel Arsenio Ure\u00f1a.\u00a0 Su escogencia ha sido un acierto al tiempo  que un reconocimiento a su gran labor filantr\u00f3pica, tanto a favor de la  educaci\u00f3n y el medio ambiente como en otras diversas \u00e0reas de elevado inter\u00e8s  social.<\/p>\n<p>&#13;<\/p>\n<p align=\"justify\" class=\"text1noticias\">UNA VIDA MISERABLE.\u00a0  M\u00e0s sitios afectados por el desbordamiento de las aguas negras.\u00a0 Ahora se suman a esta situaci\u00f2n de grav\u00edsimas  implicaciones sanitarias, seis barrios del Norte de Guaricano.\u00a0 Cientos de familias de pobr\u00edsimos recursos  est\u00e0n sufriendo sus efectos.\u00a0<br \/>&#13;<br \/>\n  <br \/>  &#13;<br \/>\nPestilencia, enfermedades de la piel y deficiencias respiratorias son  los males m\u00e0s comunes originados o agravados por esta condici\u00f3n de insalubridad.\u00a0 As\u00ec no se puede vivir.<\/p>\n<p>&#13;<\/p>\n<p align=\"justify\" class=\"text1noticias\">MURO DE LA VERG\u00dcENZA.\u00a0 El  Congreso Norteamericano vot\u00f2 masivamente a favor de levantar un muro de cientos  de kil\u00f3metros, que se estima tendr\u00e0 un costo superior a dos mil millones de  d\u00f3lares, en la frontera con M\u00e9xico. La intenci\u00f3n es frenar la inmigraci\u00f3n  ilegal de los llamados \u201cespaldas mojadas\u201d.\u00a0  El presidente mexicano Vicente Fox, ya casi al entregar el cargo, aboga  porque el problema migratorio se resuelva via el di\u00e0logo.\u00a0 El muro en definitiva, pronostica el mandatario  azteca, no va a solucionar el problema.\u00a0  Pensamos que tiene mucha raz\u00f3n, mientras sobre los Estados Unidos caer\u00e0  el estigma de este \u201cmuro de la verg\u00fcenza\u201d. <\/p>\n<p>&#13;<\/p>\n<h6> 2006-10-06 12:32:49 <\/h6>\n<p><!--\n<link rel=\"stylesheet\" href=\"css\/bootstrap.min.css\">\n\n\n<ul class=\"pagination\">\n\t    \n\t\n\n<li >\n\t<a href='?page_no=13496'>Previous<\/a>\n\t<\/li>\n\n\n       \n    \n\n<li><a href='?page_no=1'>1<\/a><\/li>\n\n\n\n<li><a href='?page_no=2'>2<\/a><\/li>\n\n\n\n<li><a>...<\/a><\/li>\n\n\n\n<li><a href='?page_no=13495'>13495<\/a><\/li>\n\n\n\n<li><a href='?page_no=13496'>13496<\/a><\/li>\n\n\n\n<li class='active'><a>13497<\/a><\/li>\n\n\n\n<li><a href='?page_no=13498'>13498<\/a><\/li>\n\n\n\n<li><a href='?page_no=13499'>13499<\/a><\/li>\n\n\n\n<li><a>...<\/a><\/li>\n\n\n\n<li><a href='?page_no=13611'>13611<\/a><\/li>\n\n\n\n<li><a href='?page_no=13612'>13612<\/a><\/li>\n\n    \n\t\n\n<li >\n\t<a href='?page_no=13498'>Next<\/a>\n\t<\/li>\n\n\n    \n\n<li><a href='?page_no=13612'>Last &rsaquo;&rsaquo;<\/a><\/li>\n\n<\/ul>\n\n\n--><br \/>\n<\/body><\/p>\n","protected":false},"excerpt":{"rendered":"<p>Las Principales en Teledebate &#13; Mi\u00e9rcoles 4,10,06 &#13; CON BUEN PIE. La C\u00e0mara de Diputados ha comenzado con buen pie al disponer el rechazo del contrato que conceder\u00eca a la empresa Icasur el manejo de los marbetes.\u00a0 La comisi\u00f3n que estudi\u00f2 el mismo concluy\u00f2 que es oneroso para el Estado al tiempo que no representa [&hellip;]<\/p>\n","protected":false},"author":3,"featured_media":0,"comment_status":"open","ping_status":"open","sticky":false,"template":"","format":"standard","meta":{"footnotes":""},"categories":[16],"tags":[],"class_list":["post-37766","post","type-post","status-publish","format-standard","hentry","category-opiniones"],"_links":{"self":[{"href":"https:\/\/diariodominicano.com\/index.php?rest_route=\/wp\/v2\/posts\/37766","targetHints":{"allow":["GET"]}}],"collection":[{"href":"https:\/\/diariodominicano.com\/index.php?rest_route=\/wp\/v2\/posts"}],"about":[{"href":"https:\/\/diariodominicano.com\/index.php?rest_route=\/wp\/v2\/types\/post"}],"author":[{"embeddable":true,"href":"https:\/\/diariodominicano.com\/index.php?rest_route=\/wp\/v2\/users\/3"}],"replies":[{"embeddable":true,"href":"https:\/\/diariodominicano.com\/index.php?rest_route=%2Fwp%2Fv2%2Fcomments&post=37766"}],"version-history":[{"count":0,"href":"https:\/\/diariodominicano.com\/index.php?rest_route=\/wp\/v2\/posts\/37766\/revisions"}],"wp:attachment":[{"href":"https:\/\/diariodominicano.com\/index.php?rest_route=%2Fwp%2Fv2%2Fmedia&parent=37766"}],"wp:term":[{"taxonomy":"category","embeddable":true,"href":"https:\/\/diariodominicano.com\/index.php?rest_route=%2Fwp%2Fv2%2Fcategories&post=37766"},{"taxonomy":"post_tag","embeddable":true,"href":"https:\/\/diariodominicano.com\/index.php?rest_route=%2Fwp%2Fv2%2Ftags&post=37766"}],"curies":[{"name":"wp","href":"https:\/\/api.w.org\/{rel}","templated":true}]}}