{"id":37763,"date":"2006-10-09T19:18:53","date_gmt":"2006-10-09T19:18:53","guid":{"rendered":"http:\/\/diariodominicano.ddns.net\/?p=37763"},"modified":"2006-10-09T19:18:53","modified_gmt":"2006-10-09T19:18:53","slug":"el-tiro-rapido-487","status":"publish","type":"post","link":"https:\/\/diariodominicano.com\/?p=37763","title":{"rendered":"EL TIRO RAPIDO"},"content":{"rendered":"<p><body><\/p>\n<p align=\"center\" class=\"titulogrande1\">EL TIRO RAPIDO<br \/>&#13;<br \/>\n  de<\/p>\n<p>&#13;<\/p>\n<h1 align=\"center\" class=\"textogrande\">Mario Rivadulla<\/h1>\n<p>&#13;<\/p>\n<p align=\"justify\" class=\"text1noticias\">Una vez terminada la carnicer\u00eca de la Segunda Guerra  Mundial, que puso fin al demencial proyecto hitlerista al costo de cincuenta  millones de vidas y que entre sus muchos horrores registra la infamia del  holocausto, un mundo ansioso de paz se vi\u00f2 sometido a las tensiones de la  llamada Guerra Fr\u00eda con la permanente amenaza de un enfrentamiento nuclear  entre los Estados Unidos y sus aliados y la Uni\u00f3n Sovi\u00e9tica y los suyos.<\/p>\n<p>&#13;<\/p>\n<p align=\"justify\" class=\"text1noticias\">Fruto y exponente de ese proceso fue el muro de Berl\u00edn,  que dividi\u00f2 Alemania y su pueblo en dos partes.\u00a0  El obst\u00e1culo, levantado por las autoridades sovi\u00e9ticas para evitar el  pase de alemanes del lado oriental al occidental, fue durante a\u00f1os s\u00edmbolo de  opresi\u00f3n.\u00a0 Alguien lo bautiz\u00f2 como \u201cel  muro de la verg\u00fcenza\u201d.\u00a0 Realmente lo  fue.\u00a0 Cientos de miles\u00a0 de familias se vieron separadas por muchos  a\u00f1os. Algunos osados lograron burlar la infame valla; otros, la mayor\u00eca, no  tuvieron igual suerte y pagaron el intento con sus vidas. Durante todo ese  tiempo, el mundo occidental con Estados Unidos a la cabeza estigmatiz\u00f2 el muro,  con sobrada raz\u00f3n,\u00a0 como un brutal e  infame\u00a0 atentado a la libertad.<\/p>\n<p>&#13;<\/p>\n<p align=\"justify\" class=\"text1noticias\">La ca\u00ecda del imperio sovi\u00e9tico, trajo como consecuencia la  del muro de Berl\u00edn.\u00a0 Cuando \u00e8ste se vino  abajo,\u00a0 no s\u00f2lo alemanes de un lado y de  otro, sino el mundo entero vibr\u00f2 de emoci\u00f3n. Fue un d\u00eca de j\u00f9bilo intenso para  cuantos aman la libertad en las cuatro esquinas del planeta.<\/p>\n<p>&#13;<\/p>\n<p align=\"justify\" class=\"text1noticias\">\u00bfQui\u00e8n pod\u00eca imaginar entonces, sin embargo, que andando  los a\u00f1os, aunque por razones diferentes, esos mismos Estados Unidos dispondr\u00edan  levantar un muro mucho m\u00e0s extenso, a todo lo largo de la frontera con M\u00e9xico,  dizque para mejor controlar la inmigraci\u00f3n ilegal de los llamados \u201cespaldas  mojadas\u201d?<\/p>\n<p>&#13;<\/p>\n<p align=\"justify\" class=\"text1noticias\">La propuesta aprobada en la C\u00e0mara de Representantes  primero, y m\u00e0s recientemente en el Senado, ya convertida en ley,\u00a0 ha sido promulgada por el Presidente George  Bush, quien adem\u00e1s ha aprobado una partida de nada menos que mil millones de  d\u00f3lares para dar inicio a la obra cuyo costo total se calcula en una cifra muy  superior.<\/p>\n<p>&#13;<\/p>\n<p align=\"justify\" class=\"text1noticias\">Los Estados Unidos son netamente un pa\u00ecs de  inmigrantes.\u00a0 Gentes venidas de todas  partes del orbe han llegado a sus playas por las m\u00e0s disimiles razones a lo  largo de muchas d\u00e9cadas. Unos por razones religiosas o pol\u00edticas o huyendo de  la guerra para buscar el abrigo de sus fronteras.\u00a0 La mayor\u00eca\u00a0  huyendo de la pobreza y falta de horizontes de sus respectivos pa\u00ecses a  la b\u00fasqueda del \u201csue\u00f1o norteamericano\u201d.<br \/>&#13;<br \/>\n  <br \/> &#13;<br \/>\nUnos pocos lo han logrado y sus casos  son esgrimidos por la propaganda como ejemplo de que es posible hacerlo  realidad.\u00a0\u00a0 Los m\u00e0s han pasado a ser  parte de la enorme maquinaria laboral norteamericana y\u00a0 desenvolverse con relativa holgura, siempre  superior a la que disfrutaban en sus pa\u00ecses de origen.\u00a0 Un tercer grupo, por lo general formado por  gentes de escasa o nula calificaci\u00f3n profesional, ha visto naufragar sus  esperanzas en la inmensidad del territorio del gigante norte\u00f1o. <\/p>\n<p>&#13;<\/p>\n<p align=\"justify\" class=\"text1noticias\">P\u00earo en su gran mayor\u00eca todos esos inmigrantes han  contribu\u00ecdo a la prosperidad de los Estados Unidos.\u00a0 Han trabajado como el que m\u00e0s.\u00a0 <br \/>&#13;<br \/>\n  <br \/>&#13;<br \/>\nHan realizado las duras labores que los\u00a0 norteamericanos de origen m\u00e0s rancio, rubios  y ojiazules,\u00a0 rechazan. Y han llevado por  lo general la vida digna de la familia promedio.<\/p>\n<p>&#13;<\/p>\n<p align=\"justify\" class=\"text1noticias\">El muro que cubrir\u00e0 gran parte de la frontera con M\u00e9xico  no s\u00f2lo ha provocado el rechazo de este pa\u00ecs, amigo y socio comercial de los  Estados Unidos a trav\u00e8s de un Tratado que incluye Canad\u00e0 y que tiene ya de  vigencia una docena de a\u00f1os.\u00a0 En toda  Am\u00e9rica Latina se levantan voces desde los m\u00e0s diversos litorales,\u00a0 calificando el mismo como una r\u00e8plica en el  tiempo del \u201cmuro de la verg\u00fcenza\u201d de Berl\u00edn.\u00a0<br \/>&#13;<br \/>\n  <br \/>  &#13;<br \/>\nLes sobra raz\u00f3n.<\/p>\n<p>&#13;<\/p>\n<p align=\"justify\" class=\"text1noticias\">En otro sentido, la infortunada idea del muro viene a ser  una confesi\u00f3n de la incapacidad del pa\u00ecs m\u00e0s poderoso de la tierra de controlar  la inmigraci\u00f3n ilegal (de igual modo el narcotr\u00e1fico de que se muestra tan  exigente con los pa\u00ecses del vecindario caribe\u00f1o y sudamericano)\u00a0 por los canales y con los m\u00e9todos normales de  su guardia fronteriza.\u00a0\u00a0\u00a0 Peor a\u00f9n,  resulta expresi\u00f2n de una nueva decisi\u00f2n infortunada, negadora de la pol\u00edtica de  buena vecindad, que contribuir\u00e0 a que los Estados Unidos contin\u00faen perdiendo  espacio de simpat\u00eda e influencia en Latinoam\u00e9rica.\u00a0 Su trastienda.\u00a0 Su olvidada retaguardia, donde cada d\u00eca gana  cuerpo el rechazo a sus pol\u00edticas y se recibe con mayor incredulidad un  discurso que se presenta como democr\u00e1tico pero no guarda correspondencia con  sus actuaciones. <\/p>\n<p>&#13;<\/p>\n<p align=\"justify\" class=\"text1noticias\">Quiz\u00e0s llegue un d\u00eca en que se den cuenta de cu\u00e0n  abandonado y distante se han mantenido de su patio trasero y c\u00f2mo sus pol\u00edticas  erradas en vez de leales aliados le han cosechado resentidos adversarios.\u00a0 Pero posiblemente tambi\u00e8n,\u00a0 cuando eso ocurra,\u00a0 ya resulte demasiado tarde.\u00a0\u00a0 Ojal\u00e0 no.<\/p>\n<p>&#13;<\/p>\n<h6> 2006-10-09 19:18:53 <\/h6>\n<p><!--\n<link rel=\"stylesheet\" href=\"css\/bootstrap.min.css\">\n\n\n<ul class=\"pagination\">\n\t    \n\t\n\n<li >\n\t<a href='?page_no=13493'>Previous<\/a>\n\t<\/li>\n\n\n       \n    \n\n<li><a href='?page_no=1'>1<\/a><\/li>\n\n\n\n<li><a href='?page_no=2'>2<\/a><\/li>\n\n\n\n<li><a>...<\/a><\/li>\n\n\n\n<li><a href='?page_no=13492'>13492<\/a><\/li>\n\n\n\n<li><a href='?page_no=13493'>13493<\/a><\/li>\n\n\n\n<li class='active'><a>13494<\/a><\/li>\n\n\n\n<li><a href='?page_no=13495'>13495<\/a><\/li>\n\n\n\n<li><a href='?page_no=13496'>13496<\/a><\/li>\n\n\n\n<li><a>...<\/a><\/li>\n\n\n\n<li><a href='?page_no=13611'>13611<\/a><\/li>\n\n\n\n<li><a href='?page_no=13612'>13612<\/a><\/li>\n\n    \n\t\n\n<li >\n\t<a href='?page_no=13495'>Next<\/a>\n\t<\/li>\n\n\n    \n\n<li><a href='?page_no=13612'>Last &rsaquo;&rsaquo;<\/a><\/li>\n\n<\/ul>\n\n\n--><br \/>\n<\/body><\/p>\n","protected":false},"excerpt":{"rendered":"<p>EL TIRO RAPIDO&#13; de &#13; Mario Rivadulla &#13; Una vez terminada la carnicer\u00eca de la Segunda Guerra Mundial, que puso fin al demencial proyecto hitlerista al costo de cincuenta millones de vidas y que entre sus muchos horrores registra la infamia del holocausto, un mundo ansioso de paz se vi\u00f2 sometido a las tensiones de [&hellip;]<\/p>\n","protected":false},"author":3,"featured_media":0,"comment_status":"open","ping_status":"open","sticky":false,"template":"","format":"standard","meta":{"footnotes":""},"categories":[16],"tags":[],"class_list":["post-37763","post","type-post","status-publish","format-standard","hentry","category-opiniones"],"_links":{"self":[{"href":"https:\/\/diariodominicano.com\/index.php?rest_route=\/wp\/v2\/posts\/37763","targetHints":{"allow":["GET"]}}],"collection":[{"href":"https:\/\/diariodominicano.com\/index.php?rest_route=\/wp\/v2\/posts"}],"about":[{"href":"https:\/\/diariodominicano.com\/index.php?rest_route=\/wp\/v2\/types\/post"}],"author":[{"embeddable":true,"href":"https:\/\/diariodominicano.com\/index.php?rest_route=\/wp\/v2\/users\/3"}],"replies":[{"embeddable":true,"href":"https:\/\/diariodominicano.com\/index.php?rest_route=%2Fwp%2Fv2%2Fcomments&post=37763"}],"version-history":[{"count":0,"href":"https:\/\/diariodominicano.com\/index.php?rest_route=\/wp\/v2\/posts\/37763\/revisions"}],"wp:attachment":[{"href":"https:\/\/diariodominicano.com\/index.php?rest_route=%2Fwp%2Fv2%2Fmedia&parent=37763"}],"wp:term":[{"taxonomy":"category","embeddable":true,"href":"https:\/\/diariodominicano.com\/index.php?rest_route=%2Fwp%2Fv2%2Fcategories&post=37763"},{"taxonomy":"post_tag","embeddable":true,"href":"https:\/\/diariodominicano.com\/index.php?rest_route=%2Fwp%2Fv2%2Ftags&post=37763"}],"curies":[{"name":"wp","href":"https:\/\/api.w.org\/{rel}","templated":true}]}}