{"id":37762,"date":"2006-10-10T12:25:44","date_gmt":"2006-10-10T12:25:44","guid":{"rendered":"http:\/\/diariodominicano.ddns.net\/?p=37762"},"modified":"2006-10-10T12:25:44","modified_gmt":"2006-10-10T12:25:44","slug":"marfea-el-embajador-y-el-precandidato-2","status":"publish","type":"post","link":"https:\/\/diariodominicano.com\/?p=37762","title":{"rendered":"Marfea, el Embajador y el Precandidato"},"content":{"rendered":"<p><body><\/p>\n<p align=\"center\" class=\"titulogrande1\"><strong>Marfea, el Embajador  y el Precandidato<\/strong><\/p>\n<p>&#13;<\/p>\n<p align=\"center\"><strong>\u00a0<\/strong><strong class=\"textogrande\">Por Narciso Isa Conde<\/strong><\/p>\n<p>&#13;<\/p>\n<p align=\"justify\" class=\"text1noticias\">No hay \u201ctut\u00eda\u201d: la corrupci\u00f3n  est\u00e1 en todas las partes del \u201ccohollo\u201d. Muy arriba, y mientras m\u00e1s arriba,  mucho m\u00e1s.<\/p>\n<p>&#13;<\/p>\n<p align=\"justify\" class=\"text1noticias\">El \u00fanico m\u00e9rito del  precandidato Miguel Vargas Maldonado es la fortuna acumulada, por herencia y  por ejercicio del poder (corrupci\u00f3n, ventajismo, tr\u00e1fico de influencia\u2026).<\/p>\n<p>&#13;<\/p>\n<p align=\"justify\" class=\"text1noticias\">Su preeminencia en una de las  tres partidocracias corrompidas (PRD-perrede\u00edsta, PRSC-reformista y PLD-  pelede\u00edsta), se debe a las \u201c papeletas\u201d(dinero) que reparte, capaces ellas de erosionar  hasta el poder partidista del ex-presidente Hip\u00f3lito Mej\u00eda acumulado en cuatro  a\u00f1os de corrupci\u00f3n extrema en el \u00faltimo gobierno del Partido Revolucionario  Dominicano(PRD).<\/p>\n<p>&#13;<\/p>\n<p align=\"justify\" class=\"text1noticias\">Las \u201cpapeletas\u201d lo elevaron  m\u00e1s all\u00e1 de las nubes. Y la b\u00fasqueda adicional de ellas por turbios derroteros  de la inversi\u00f3n inmobiliaria nacional e internacional, lo precipitaron al foso  de un esc\u00e1ndalo del que dif\u00edcilmente pueda salir ileso.<\/p>\n<p>&#13;<\/p>\n<p align=\"justify\" class=\"text1noticias\">La culpa la tuvo su conexi\u00f3n  dolosa con \u201cMarfea\u201d (esc\u00e1ndalo Marbella), otra de las grandes estafas ib\u00e9ricas.  La asociaci\u00f3n del precandidato con Don Carlos S\u00e1nchez \u2013actualmente preso en  Espa\u00f1a por la corrupci\u00f3n develada a ra\u00edz de ese hecho- se lo llev\u00f3 de paro.<\/p>\n<p>&#13;<\/p>\n<p align=\"justify\" class=\"text1noticias\">Lo curioso es la procedencia  del destape de la \u201cconexi\u00f3n dominicana\u201d de ese sonado esc\u00e1ndalo espa\u00f1ol. Ah\u00ed  est\u00e1 la \u201cclave\u201d de lo que realmente acontece.<\/p>\n<p>&#13;<\/p>\n<p align=\"justify\" class=\"text1noticias\">Esa \u201cclaque\u201d denunciante(a  trav\u00e9s del peri\u00f3dico Clave) tampoco es f\u00e1cil. En ella participan los apoderados  de las \u201cpuertas y ventanas a\u00e9reas del pa\u00eds\u201d (recordemos la denuncia Jottin Cury  a ra\u00edz de la privatizaci\u00f3n de los aeropuertos del pa\u00eds a favor de Areodom y el  siguiente soborno al Congreso a cargo de ese grupo), gente asociada en grandes  negocios inmobiliarios al \u00a0proc\u00f3nsul de  la gran \u00a0potencia del Norte, embajador  Hans Hertell( por all\u00e1 por el Este del Pa\u00eds: Miches, La Romana e Higuey), y un magnate  espa\u00f1ol Jes\u00fas Balderas apandillado a las transnacionales del turismo y \u00a0protegido por un ex-mandatario socialdem\u00f3crata  Felipe Gonz\u00e1lez y por el gran armador de sus empresas en estas tierras  encubiertas por Col\u00f3n, Enrique Sarazola( jefe de la mafia empresarial vinculada  al PSOE de Espa\u00f1a).<\/p>\n<p>&#13;<\/p>\n<p align=\"justify\" class=\"text1noticias\">El proc\u00f3nsul Hertell tiene  tanta potencia detr\u00e1s, que uno de los due\u00f1os de los \u00a0aeropuertos privatizados (\u201cpuertas y ventanas  de entrada al pa\u00eds\u201d), de la Universidad\u00a0 Iberoamericana y m\u00faltiples  negocios tur\u00edsticos, empresas inmobiliarias y constructoras, le \u201cregal\u00f3\u201d-  asociado en ese \u201cgesto generoso\u201d a los \u201cdue\u00f1os\u201d del Central Romana y de otros  grandes negocios en el Este de la Rep\u00fablica Dominicana  (me refiero espec\u00edficamente al se\u00f1or Papo Mel\u00e9ndez y al Grupo Fanjul, cubanos  de Florida)- una flamante residencia veraniega en \u00a0la exclusiva zona de Casa de Campo; centro de  operaciones sociales de esa \u201cclaque\u201d, de sus aliados de Miami \u00a0y del magnate Gustavo Cisneros, gran  financiador de la \u201ccontra\u201d antichavista venezolana.<\/p>\n<p>&#13;<\/p>\n<p align=\"justify\" class=\"text1noticias\">El proc\u00f3nsul no participa en  tales negocios inmobiliarios con nombre propio, sino a trav\u00e9s de un adecuado  testaferro ducho en el arte de \u201cnadar\u201d y \u201cguardar la ropa\u201d, el se\u00f1or Georgy  Nader.<\/p>\n<p>&#13;<\/p>\n<p align=\"justify\" class=\"text1noticias\">EL caso es que el socio  espa\u00f1ol de la \u201cclaque\u201d (Jes\u00fas Balderas) es precisamente la parte contraria, no  por razones \u00e9ticas, sino por pugnas expansionistas, del mentado Carlos S\u00e1nchez.  Esto, para desgracia, del ambicioso precandidato Miguel Vargas Maldonado.<\/p>\n<p>&#13;<\/p>\n<p align=\"justify\" class=\"text1noticias\">S\u00ed, para su desgracia  pol\u00edtica de verdad, dado que por hacer de \u201cpadrino\u201d criollo de la gente de  Marfea, digo Marbella, decidieron \u201cafueriarlo\u201d y \u201cquemarlo\u201d. Y en eso ha estado  bien metido, nada mas y nada menos, que el referido proc\u00f3nsul, aliado ahora a  no se sabe cuantos jerarcas del partido de gobierno y- sobre todo- al mayor de todos,  el actual gobernador de esta neliberalizada colonia, Leonel Fern\u00e1ndez  (\u00a1bochistas, no!, \u00a1bushistas, s\u00ed!)<\/p>\n<p>&#13;<\/p>\n<p align=\"justify\" class=\"text1noticias\">\u00a0Vargas Maldonado quiso apostar en dos loter\u00edas  espa\u00f1olas contrarias entre s\u00ed y las cosas le salieron mal, muy mal.<\/p>\n<p>&#13;<\/p>\n<p align=\"justify\" class=\"text1noticias\">El lado feo aparece en los  terrenos de Marfea. Pero la verdad es mucho m\u00e1s que esa parte de ella.<\/p>\n<p>&#13;<\/p>\n<p align=\"justify\" class=\"text1noticias\">La pol\u00edtica dentro del  sistema, sus precandidatos y candidatos, est\u00e1n entrampados en las redes del  neoliberalismo, de las privatizaciones y hasta del mercado inmobiliario bajo  control de monopolios y oligopolios transnacionales, y mafias empresariales. Y  pasa tambi\u00e9n lo mismo con ciertos representantes diplom\u00e1ticos emborrachados con  las ambiciones privatizadoras.<\/p>\n<p>&#13;<\/p>\n<p align=\"justify\" class=\"text1noticias\">La pol\u00edtica dominante, su  diplomacia incluida, se ha privatizado a niveles nunca vistos y ha entrado al  campo de la competitividad sin l\u00edmites, donde todo se vale, todo se compra y  todo se vende. Y vence el que m\u00e1s poder econ\u00f3mico y de todo tipo logre  acaparar.<\/p>\n<p>&#13;<\/p>\n<p align=\"justify\" class=\"text1noticias\">La competitividad sin l\u00edmites  es de por s\u00ed feroz y altamente inmoral.<\/p>\n<p>&#13;<\/p>\n<p align=\"justify\" class=\"text1noticias\">Eso explica este caso, en el  que no solo se destacan las pugnas que es capaz de desencadenar la nueva  conquista espa\u00f1ola de hermosas zonas dominicanas de alta \u201cvocaci\u00f3n tur\u00edstica\u201d,  sino la impunidad con que hace y deshace negocios y entuertos pol\u00edticos la  principal y m\u00e1s poderosa figura del cuerpo democr\u00e1tico radicado en este pa\u00eds,  el embajador Hans Hertell .Por cosas mucho menores que \u00e9sta se procesar\u00eda a  cualquier mortal.<\/p>\n<p>&#13;<\/p>\n<p align=\"justify\" class=\"text1noticias\">El \u201cpecado\u201d del precandidato  cuestionado no fue construirse una villa de 200 mil d\u00f3lares en Casa de Campo  (porque despu\u00e9s de todo, cosas similares hacen el proc\u00f3nsul y sus socios en suciedad),  sino asociarse a los competidores, que por dem\u00e1s se achicharraron en el  esc\u00e1ndalo Marfea.<\/p>\n<p>&#13;<\/p>\n<p align=\"justify\" class=\"text1noticias\">Objetivamente Leonel y  Hertell est\u00e1n ubicados en la parte contraria de Marfea, que es tan fea como  ella misma. Y parad\u00f3jicamente Hip\u00f3lito Mej\u00eda tambi\u00e9n, procurando joder al osado  ladr\u00f3n de su clientela partidista.<\/p>\n<p>&#13;<\/p>\n<p align=\"justify\" class=\"text1noticias\">Dios los cr\u00eda y el diablo los  junta, con la bendici\u00f3n de monse\u00f1or Agripino N\u00fa\u00f1ez Collado, del Cardenal L\u00f3pez  Rodr\u00edguez y del buchismo, que en nada se parece al bochismo. \u00a1Con raz\u00f3n todos  estos se\u00f1ores desean que viva eternamente Balaguer\u00a1 <\/p>\n<p>&#13;<\/p>\n<h6> 2006-10-10 12:25:44 <\/h6>\n<p><!--\n<link rel=\"stylesheet\" href=\"css\/bootstrap.min.css\">\n\n\n<ul class=\"pagination\">\n\t    \n\t\n\n<li >\n\t<a href='?page_no=13492'>Previous<\/a>\n\t<\/li>\n\n\n       \n    \n\n<li><a href='?page_no=1'>1<\/a><\/li>\n\n\n\n<li><a href='?page_no=2'>2<\/a><\/li>\n\n\n\n<li><a>...<\/a><\/li>\n\n\n\n<li><a href='?page_no=13491'>13491<\/a><\/li>\n\n\n\n<li><a href='?page_no=13492'>13492<\/a><\/li>\n\n\n\n<li class='active'><a>13493<\/a><\/li>\n\n\n\n<li><a href='?page_no=13494'>13494<\/a><\/li>\n\n\n\n<li><a href='?page_no=13495'>13495<\/a><\/li>\n\n\n\n<li><a>...<\/a><\/li>\n\n\n\n<li><a href='?page_no=13611'>13611<\/a><\/li>\n\n\n\n<li><a href='?page_no=13612'>13612<\/a><\/li>\n\n    \n\t\n\n<li >\n\t<a href='?page_no=13494'>Next<\/a>\n\t<\/li>\n\n\n    \n\n<li><a href='?page_no=13612'>Last &rsaquo;&rsaquo;<\/a><\/li>\n\n<\/ul>\n\n\n--><br \/>\n<\/body><\/p>\n","protected":false},"excerpt":{"rendered":"<p>Marfea, el Embajador y el Precandidato &#13; \u00a0Por Narciso Isa Conde &#13; No hay \u201ctut\u00eda\u201d: la corrupci\u00f3n est\u00e1 en todas las partes del \u201ccohollo\u201d. Muy arriba, y mientras m\u00e1s arriba, mucho m\u00e1s. &#13; El \u00fanico m\u00e9rito del precandidato Miguel Vargas Maldonado es la fortuna acumulada, por herencia y por ejercicio del poder (corrupci\u00f3n, ventajismo, tr\u00e1fico [&hellip;]<\/p>\n","protected":false},"author":3,"featured_media":0,"comment_status":"open","ping_status":"open","sticky":false,"template":"","format":"standard","meta":{"footnotes":""},"categories":[16],"tags":[],"class_list":["post-37762","post","type-post","status-publish","format-standard","hentry","category-opiniones"],"_links":{"self":[{"href":"https:\/\/diariodominicano.com\/index.php?rest_route=\/wp\/v2\/posts\/37762","targetHints":{"allow":["GET"]}}],"collection":[{"href":"https:\/\/diariodominicano.com\/index.php?rest_route=\/wp\/v2\/posts"}],"about":[{"href":"https:\/\/diariodominicano.com\/index.php?rest_route=\/wp\/v2\/types\/post"}],"author":[{"embeddable":true,"href":"https:\/\/diariodominicano.com\/index.php?rest_route=\/wp\/v2\/users\/3"}],"replies":[{"embeddable":true,"href":"https:\/\/diariodominicano.com\/index.php?rest_route=%2Fwp%2Fv2%2Fcomments&post=37762"}],"version-history":[{"count":0,"href":"https:\/\/diariodominicano.com\/index.php?rest_route=\/wp\/v2\/posts\/37762\/revisions"}],"wp:attachment":[{"href":"https:\/\/diariodominicano.com\/index.php?rest_route=%2Fwp%2Fv2%2Fmedia&parent=37762"}],"wp:term":[{"taxonomy":"category","embeddable":true,"href":"https:\/\/diariodominicano.com\/index.php?rest_route=%2Fwp%2Fv2%2Fcategories&post=37762"},{"taxonomy":"post_tag","embeddable":true,"href":"https:\/\/diariodominicano.com\/index.php?rest_route=%2Fwp%2Fv2%2Ftags&post=37762"}],"curies":[{"name":"wp","href":"https:\/\/api.w.org\/{rel}","templated":true}]}}