{"id":37761,"date":"2006-10-11T12:40:56","date_gmt":"2006-10-11T12:40:56","guid":{"rendered":"http:\/\/diariodominicano.ddns.net\/?p=37761"},"modified":"2006-10-11T12:40:56","modified_gmt":"2006-10-11T12:40:56","slug":"la-politica","status":"publish","type":"post","link":"https:\/\/diariodominicano.com\/?p=37761","title":{"rendered":"La Pol\u00edtica"},"content":{"rendered":"<p><body><\/p>\n<p class=\"titulogrande1\"><strong>La Pol\u00edtica<\/strong> <\/p>\n<p>&#13;<\/p>\n<p class=\"textogrande\">Por Alejandro \u00a0Correa*<\/p>\n<p>&#13;<\/p>\n<p align=\"justify\" class=\"text1noticias\">Al momento de  tomar la decisi\u00f3n de involucrarme activamente en el partido pol\u00edtico al que  desde ni\u00f1o admir\u00e9, por muchas razones, dos de ellas en especial, como fueron el  magn\u00edfico liderazgo de su presidente y mentor y sus obras de gobierno, las  cuales hoy por hoy son los erarios que exhibe esa instituci\u00f3n, pilar de la  democracia dominicana, recib\u00ed muchos cuestionamientos de parte de mis amigos e  inclusive de mi familia sobre el particular, sin embargo desde entonces mi respuesta  fue la misma del d\u00eda de hoy \u201cLa pol\u00edtica no es mala, la pol\u00edtica no es sucia,  esos adjetivos, mas bien son propiedad de los pol\u00edticos, es decir, los que  ejercen la pol\u00edtica\u201d.<\/p>\n<p>&#13;<\/p>\n<p align=\"justify\" class=\"text1noticias\">Mantengo esa  dicci\u00f3n y cada d\u00eda se manifiesta m\u00e1s con el resquebrajamiento de la clase, y es  que la mayor\u00eda de personas que llegan a ocupar significativos cargos, no se  ocupan de otra cosa m\u00e1s que de enriquecerse, ayudar a los m\u00e1s cercanos y  olvidarse del pueblo que los eligi\u00f3.<\/p>\n<p>&#13;<\/p>\n<p align=\"justify\" class=\"text1noticias\">Hace algunos  meses el prestigioso y distinguido periodista Adriano Miguel Tejada, escribi\u00f3  un art\u00edculo al que titul\u00f3 \u201cLa Clase Pol\u00edtica\u201d, art\u00edculo \u00e9ste que describe con total luminiscencia  las consecuencias de los hechos desafortunados, realizados por los pol\u00edticos de  los \u00faltimos a\u00f1os.<\/p>\n<p>&#13;<\/p>\n<p align=\"justify\" class=\"text1noticias\">El Partido Reformista  Social Cristiano, el partido de Balaguer, es fiel reflejo de esos hechos  desafortunado y la ambici\u00f3n desmedida de poder de algunos de sus altos  \u201cl\u00edderes\u201d, los cuales s\u00f3lo se han ocupado de promover la institucionalidad y el  relanzamiento del partido para sacar provecho personal y en nada les interesa  que su partido vuelva al poder, para desde ese lugar gobernar a favor de los  m\u00e1s necesitado, sin que necesariamente esto perjudique a  los que no son necesitados.<\/p>\n<p>&#13;<\/p>\n<p align=\"justify\" class=\"text1noticias\">Esos  \u201cdirigentes\u201d del partido reformista s\u00f3lo les interesa tener una franquicia con  el nombre del PRSC, pues en nada aplican el eslogan \u201cNi injusticia, Ni  privilegios\u201d, s\u00f3lo quieren tener los derechos legales para con ellos mercadear  y hacerse m\u00e1s y m\u00e1s ricos, sin ata\u00f1erles que la patria les exige hacer algo m\u00e1s  que eso. Ellos una vez se juramentaron y juramentaron a otros y en esos  juramentos se dijo una frase final \u201cde no ser as\u00ed que DIOS y la sociedad se los tome en  cuenta\u201d, por mi parte yo espero que as\u00ed sea\u2026<\/p>\n<p>&#13;<\/p>\n<p align=\"justify\" class=\"text1noticias\"><strong>*El autor es  Miembro del Directorio Nacional del PRSC, Miembro de la Comisi\u00f3n Pol\u00edtica  de la JRSC,  Mag\u00edster en Administraci\u00f3n de Empresas y Catedr\u00e1tico Universitario.<\/strong><\/p>\n<p>&#13;<\/p>\n<p align=\"justify\" class=\"text1noticias\">Continuar\u00e1\u2026<\/p>\n<p>&#13;<\/p>\n<h6> 2006-10-11 12:40:56 <\/h6>\n<p><!--\n<link rel=\"stylesheet\" href=\"css\/bootstrap.min.css\">\n\n\n<ul class=\"pagination\">\n\t    \n\t\n\n<li >\n\t<a href='?page_no=13491'>Previous<\/a>\n\t<\/li>\n\n\n       \n    \n\n<li><a href='?page_no=1'>1<\/a><\/li>\n\n\n\n<li><a href='?page_no=2'>2<\/a><\/li>\n\n\n\n<li><a>...<\/a><\/li>\n\n\n\n<li><a href='?page_no=13490'>13490<\/a><\/li>\n\n\n\n<li><a href='?page_no=13491'>13491<\/a><\/li>\n\n\n\n<li class='active'><a>13492<\/a><\/li>\n\n\n\n<li><a href='?page_no=13493'>13493<\/a><\/li>\n\n\n\n<li><a href='?page_no=13494'>13494<\/a><\/li>\n\n\n\n<li><a>...<\/a><\/li>\n\n\n\n<li><a href='?page_no=13611'>13611<\/a><\/li>\n\n\n\n<li><a href='?page_no=13612'>13612<\/a><\/li>\n\n    \n\t\n\n<li >\n\t<a href='?page_no=13493'>Next<\/a>\n\t<\/li>\n\n\n    \n\n<li><a href='?page_no=13612'>Last &rsaquo;&rsaquo;<\/a><\/li>\n\n<\/ul>\n\n\n--><br \/>\n<\/body><\/p>\n","protected":false},"excerpt":{"rendered":"<p>La Pol\u00edtica &#13; Por Alejandro \u00a0Correa* &#13; Al momento de tomar la decisi\u00f3n de involucrarme activamente en el partido pol\u00edtico al que desde ni\u00f1o admir\u00e9, por muchas razones, dos de ellas en especial, como fueron el magn\u00edfico liderazgo de su presidente y mentor y sus obras de gobierno, las cuales hoy por hoy son los [&hellip;]<\/p>\n","protected":false},"author":3,"featured_media":0,"comment_status":"open","ping_status":"open","sticky":false,"template":"","format":"standard","meta":{"footnotes":""},"categories":[16],"tags":[],"class_list":["post-37761","post","type-post","status-publish","format-standard","hentry","category-opiniones"],"_links":{"self":[{"href":"https:\/\/diariodominicano.com\/index.php?rest_route=\/wp\/v2\/posts\/37761","targetHints":{"allow":["GET"]}}],"collection":[{"href":"https:\/\/diariodominicano.com\/index.php?rest_route=\/wp\/v2\/posts"}],"about":[{"href":"https:\/\/diariodominicano.com\/index.php?rest_route=\/wp\/v2\/types\/post"}],"author":[{"embeddable":true,"href":"https:\/\/diariodominicano.com\/index.php?rest_route=\/wp\/v2\/users\/3"}],"replies":[{"embeddable":true,"href":"https:\/\/diariodominicano.com\/index.php?rest_route=%2Fwp%2Fv2%2Fcomments&post=37761"}],"version-history":[{"count":0,"href":"https:\/\/diariodominicano.com\/index.php?rest_route=\/wp\/v2\/posts\/37761\/revisions"}],"wp:attachment":[{"href":"https:\/\/diariodominicano.com\/index.php?rest_route=%2Fwp%2Fv2%2Fmedia&parent=37761"}],"wp:term":[{"taxonomy":"category","embeddable":true,"href":"https:\/\/diariodominicano.com\/index.php?rest_route=%2Fwp%2Fv2%2Fcategories&post=37761"},{"taxonomy":"post_tag","embeddable":true,"href":"https:\/\/diariodominicano.com\/index.php?rest_route=%2Fwp%2Fv2%2Ftags&post=37761"}],"curies":[{"name":"wp","href":"https:\/\/api.w.org\/{rel}","templated":true}]}}