{"id":37759,"date":"2006-10-11T12:46:10","date_gmt":"2006-10-11T12:46:10","guid":{"rendered":"http:\/\/diariodominicano.ddns.net\/?p=37759"},"modified":"2006-10-11T12:46:10","modified_gmt":"2006-10-11T12:46:10","slug":"los-campos-de-la-muerte","status":"publish","type":"post","link":"https:\/\/diariodominicano.com\/?p=37759","title":{"rendered":"Los campos de la muerte"},"content":{"rendered":"<p><body><\/p>\n<p class=\"titulogrande1\"><strong>Los campos de la muerte <\/strong><\/p>\n<p>&#13;<\/p>\n<p align=\"justify\"><span class=\"textogrande\"><strong>Por <\/strong>Carlos R. Alvarado Grim\u00e1n<\/span><br \/>&#13;<br \/>\n  <br \/>&#13;<br \/>\n  <span class=\"text1noticias\">Nos\u00a0 explicaba un dirigente del  \u00abproceso\u00bb sobre la misi\u00f3n que se ha propuesto la revoluci\u00f3n, en el  \u00e1rea de formaci\u00f3n del \u00abnuevo profesional universitario\u00bb. Seg\u00fan \u00e9ste  personaje los egresados de las universidades tradicionales venezolanas, est\u00e1n  formados bajo esquemas capitalistas neoliberales; sin sensibilidad social;  arraigado individualismo y con profundas relaciones de amor con el imperio. De  all\u00e1\u00ad que es necesario su sustituci\u00f3n por profesionales ideol\u00f3gicamente  comprometidos con la revoluci\u00f3n, quienes provendr\u00e1n de las reci\u00e9n fundadas  Aldeas y Universidades Bolivarianas. <\/span><\/p>\n<p>&#13;<\/p>\n<p align=\"justify\" class=\"text1noticias\">Mientras escuch\u00e1bamos a este  \u00abrevolucionario\u00bb, surg\u00ed\u00ada en nosotros cierto temor, debido a que  semejante desprop\u00f3sito lo hemos o\u00eddo en boca de otros dirigentes de la  \u00abrevoluci\u00f3n\u00bb, y porque no son planteamientos originales de los  advenedizos que dirigen el llamado \u00abproceso\u00bb en Venezuela. Pol\u00ed\u00adticas  de reeducaci\u00f3n y cambio cultural se materializaron en sistemas sanguinarios,  como en el del r\u00e9gimen genocida de Pol Pot en Camboya, que cost\u00f3 la vida a  millones de inocentes. <\/p>\n<p>&#13;<\/p>\n<p align=\"justify\" class=\"text1noticias\">Las crueldades cometidas por la gente del Khmer Rouge  y del \u00abAngkar Loeu\u00bb (La Alta Organizaci\u00f3n), en la refundaci\u00f3n de la  \u00abnueva\u00bb Kampuchea Democr\u00e1tica fueron dantescas. A partir del  denominado \u00aba\u00f1o Cero\u00bb se realiz\u00f3 una \u00ablimpieza\u00bb cultural  sangrienta, desplazando a los habitantes de las ciudades al campo, para  incorporarlos bajo condiciones penosas a las actividades agr\u00edcolas. Adem\u00e1s se  sancion\u00f3 con la pena capital: hablar un segundo idioma; tener estudios  superiores; ser intelectual e incluso usar anteojos. El libro de Sydney  Schanberg \u00abThe Death and Life of Dith Pran\u00bb, en el cual se basa la  pel\u00ed\u00adcula \u00abLos Campos de la   Muerte\u00bb, \u00a0narra dram\u00e1ticamente aquellos hechos. <\/p>\n<p>&#13;<\/p>\n<p align=\"justify\" class=\"text1noticias\">No sabremos hasta su concreci\u00f3n, si los profesionales  venezolanos correr\u00e1n igual suerte que sus pares camboyanos, pero para las  mentes de los sobones de los gobernantes, siempre son una soluci\u00f3n los campos  de la muerte. <\/p>\n<p>&#13;<\/p>\n<p align=\"justify\" class=\"text1noticias\">Carlos R. Alvarado  Grim\u00e1n<br \/> &#13;<br \/>\n  <br \/>&#13;<br \/>\n  Celular:  0414.790.0934 <br \/>&#13;<br \/>\n  <br \/>&#13;<br \/>\n  E-mail: <a href=\"mailto:aserne2004@gmail.com\" target=\"_blank\" rel=\"noopener noreferrer\">aserne2004@gmail.com <\/a>\u00a0 <\/p>\n<p>&#13;<\/p>\n<div align=\"justify\" class=\"text1noticias\">Isla de Margarita, 08 de septiembre de 2006<\/div>\n<p>&#13;<\/p>\n<h6> 2006-10-11 12:46:10 <\/h6>\n<p><!--\n<link rel=\"stylesheet\" href=\"css\/bootstrap.min.css\">\n\n\n<ul class=\"pagination\">\n\t    \n\t\n\n<li >\n\t<a href='?page_no=13489'>Previous<\/a>\n\t<\/li>\n\n\n       \n    \n\n<li><a href='?page_no=1'>1<\/a><\/li>\n\n\n\n<li><a href='?page_no=2'>2<\/a><\/li>\n\n\n\n<li><a>...<\/a><\/li>\n\n\n\n<li><a href='?page_no=13488'>13488<\/a><\/li>\n\n\n\n<li><a href='?page_no=13489'>13489<\/a><\/li>\n\n\n\n<li class='active'><a>13490<\/a><\/li>\n\n\n\n<li><a href='?page_no=13491'>13491<\/a><\/li>\n\n\n\n<li><a href='?page_no=13492'>13492<\/a><\/li>\n\n\n\n<li><a>...<\/a><\/li>\n\n\n\n<li><a href='?page_no=13611'>13611<\/a><\/li>\n\n\n\n<li><a href='?page_no=13612'>13612<\/a><\/li>\n\n    \n\t\n\n<li >\n\t<a href='?page_no=13491'>Next<\/a>\n\t<\/li>\n\n\n    \n\n<li><a href='?page_no=13612'>Last &rsaquo;&rsaquo;<\/a><\/li>\n\n<\/ul>\n\n\n--><br \/>\n<\/body><\/p>\n","protected":false},"excerpt":{"rendered":"<p>Los campos de la muerte &#13; Por Carlos R. Alvarado Grim\u00e1n&#13; &#13; Nos\u00a0 explicaba un dirigente del \u00abproceso\u00bb sobre la misi\u00f3n que se ha propuesto la revoluci\u00f3n, en el \u00e1rea de formaci\u00f3n del \u00abnuevo profesional universitario\u00bb. Seg\u00fan \u00e9ste personaje los egresados de las universidades tradicionales venezolanas, est\u00e1n formados bajo esquemas capitalistas neoliberales; sin sensibilidad social; [&hellip;]<\/p>\n","protected":false},"author":3,"featured_media":0,"comment_status":"open","ping_status":"open","sticky":false,"template":"","format":"standard","meta":{"footnotes":""},"categories":[16],"tags":[],"class_list":["post-37759","post","type-post","status-publish","format-standard","hentry","category-opiniones"],"_links":{"self":[{"href":"https:\/\/diariodominicano.com\/index.php?rest_route=\/wp\/v2\/posts\/37759","targetHints":{"allow":["GET"]}}],"collection":[{"href":"https:\/\/diariodominicano.com\/index.php?rest_route=\/wp\/v2\/posts"}],"about":[{"href":"https:\/\/diariodominicano.com\/index.php?rest_route=\/wp\/v2\/types\/post"}],"author":[{"embeddable":true,"href":"https:\/\/diariodominicano.com\/index.php?rest_route=\/wp\/v2\/users\/3"}],"replies":[{"embeddable":true,"href":"https:\/\/diariodominicano.com\/index.php?rest_route=%2Fwp%2Fv2%2Fcomments&post=37759"}],"version-history":[{"count":0,"href":"https:\/\/diariodominicano.com\/index.php?rest_route=\/wp\/v2\/posts\/37759\/revisions"}],"wp:attachment":[{"href":"https:\/\/diariodominicano.com\/index.php?rest_route=%2Fwp%2Fv2%2Fmedia&parent=37759"}],"wp:term":[{"taxonomy":"category","embeddable":true,"href":"https:\/\/diariodominicano.com\/index.php?rest_route=%2Fwp%2Fv2%2Fcategories&post=37759"},{"taxonomy":"post_tag","embeddable":true,"href":"https:\/\/diariodominicano.com\/index.php?rest_route=%2Fwp%2Fv2%2Ftags&post=37759"}],"curies":[{"name":"wp","href":"https:\/\/api.w.org\/{rel}","templated":true}]}}