{"id":37756,"date":"2006-10-12T12:21:46","date_gmt":"2006-10-12T12:21:46","guid":{"rendered":"http:\/\/diariodominicano.ddns.net\/?p=37756"},"modified":"2006-10-12T12:21:46","modified_gmt":"2006-10-12T12:21:46","slug":"el-tiro-rapido-486","status":"publish","type":"post","link":"https:\/\/diariodominicano.com\/?p=37756","title":{"rendered":"EL TIRO RAPIDO"},"content":{"rendered":"<p><body><\/p>\n<p><span class=\"titulogrande1\">EL TIRO RAPIDO<\/span><br \/>&#13;<br \/>\n  <br \/>&#13;<br \/>\n  <span class=\"textogrande\">de<br \/>&#13;<br \/>\nMario  Rivadulla<\/span><\/p>\n<p>&#13;<\/p>\n<p align=\"justify\" class=\"text1noticias\">Este es un relato y un mensaje para el Jefe de la Polic\u00eca  Nacional, mayor general Bernardo Santana P\u00e0ez.<\/p>\n<p>&#13;<\/p>\n<p align=\"justify\" class=\"text1noticias\">El pasado viernes, a hora  temprana de la noche, un joven residente en Cristo Rey, se dirig\u00eda a su trabajo  en una casa de familia, cuando fue interceptado a punta de fusil por una  patrulla de la uniformada que sin alegar motivo se lo llev\u00f2 detenido.<\/p>\n<p>&#13;<\/p>\n<p align=\"justify\" class=\"text1noticias\">Otro joven, que vi\u00f2 el hecho y  es pariente del interesado, di\u00f2 aviso a la familia a la que el detenido presta  servicios. \u00a0Esta trat\u00f2 in\u00fatilmente de  contactar con el mismo.\u00a0 Se marc\u00f2 el  n\u00f9mero de su celular sin lograr comunicaci\u00f3n.\u00a0  Se esper\u00f2 tambi\u00e8n infructuosamente por la llamada que,\u00a0 de acuerdo al nuevo C\u00f3digo Procesal,\u00a0 debe permit\u00ecrsele hacer a todo detenido.\u00a0 Se llam\u00f2 al destacamento de Cristo Rey y all\u00ec  negaron que estuviese el detenido.\u00a0 Se  pidi\u00f3 auxilio al Departamento de Relaciones P\u00f9blicas del cuerpo sin lograr su  localizaci\u00f3n.\u00a0 Fueron dos horas de  angustiosa b\u00fasqueda.<\/p>\n<p>&#13;<\/p>\n<p align=\"justify\" class=\"text1noticias\">Al fin, un miembro de la  familia en cuya residencia labora el joven tom\u00f2 la iniciativa de acercarse al  destacamento policial de Cristo Rey, donde pese a la negativa anterior, pudo  localizar al detenido.\u00a0 Despu\u00e8s de varias  gestiones y avalar la conducta del mismo, obtuvo su liberaci\u00f3n&#8230;a cambio de 200  pesos.\u00a0 El peaje se lo plantearon a la  franca y sin apelaci\u00f3n&#8230;\u201dM\u00f2jeme la mano\u201d le dijo el agente que le entreg\u00f2 al  preso.\u00a0\u00a0 Vale se\u00f1alar que en las afueras  del destacamento hab\u00eca no menos de medio centenar de personas interes\u00e1ndose por  sus respectivos detenidos.<\/p>\n<p>&#13;<\/p>\n<p align=\"justify\" class=\"text1noticias\">Hay que consignar que el joven  protagonista de este desagradable incidente es de conducta intachable y carece  de antecedentes delictivos.\u00a0 Tampoco  estaba en actitud sospechosa que pudiera despertar la suspicacia policial.\u00a0 La \u00f9nica explicaci\u00f3n que le dieron a su  empleador fue que la patrulla estaba haciendo una redada, excusa que no deja de  ser sorprendente por cuanto se entiende que dichos operativos se realizan  contra focos previamente establecidos de delincuentes y no contra infelices e  inocentes peatones.<\/p>\n<p>&#13;<\/p>\n<p align=\"justify\" class=\"text1noticias\">No es el primer caso. Aqu\u00ec  mismo, en este canal 23, no hace mucho, otra patrulla detuvo a un joven t\u00e8cnico  de nuestro equipo cuando despu\u00e8s de cumplir su horario de trabajo que finaliza  a las 11 de la noche, se encontraba esperando un veh\u00edculo p\u00f9blico para  dirigirse a su residencia. La excusa que le dieron fue que \u201cpresentaba perfil  de delincuente\u201d.\u00a0 El arresto dur\u00f2 toda la  madrugada hasta que se logr\u00f2 gestionar su liberaci\u00f3n aunque en esta ocasi\u00f3n no fue  preciso pagar rescate.<\/p>\n<p>&#13;<\/p>\n<p align=\"justify\" class=\"text1noticias\">Nosotros, al igual que la  inmensa mayor\u00eca de la ciudadan\u00eca, ha saludado y apoyado las medidas de  excepci\u00f3n anunciadas y dispuestas por el Presidente Leonel Fern\u00e1ndez semanas  atr\u00e0s para poner freno a la delincuencia.\u00a0  La encuesta Gallup reflej\u00f2 el sentir positivo de la gente a esas  medidas,\u00a0 al otorgarle nada menos que un  95 porciento de respaldo.<\/p>\n<p>&#13;<\/p>\n<p align=\"justify\" class=\"text1noticias\">Pero desde hace 3 semanas hemos  estado recibiendo quejas crecientes de arrestos arbitrarios y cobro de  peaje.\u00a0 Sobre esto llamamos la atenci\u00f3n  en d\u00ecas recientes, a trav\u00e8s del Tiro R\u00e1pido, advirtiendo de esta situaci\u00f2n y el  riesgo que comporta de hacerle perder respaldo p\u00f9blico al Plan de Barrio  Seguro.\u00a0 Y se\u00f1alando tambi\u00e8n que con  pr\u00e0cticas de esa naturaleza, no ser\u00e0 posible establecer ese v\u00ecnculo de  confianza y cooperaci\u00f3n entre la ciudadan\u00eca y el cuerpo de orden p\u00f9blico  indispensable para\u00a0 lograr resultados  efectivos y consistentes en la prevenci\u00f3n y lucha contra la delincuencia.<\/p>\n<p>&#13;<\/p>\n<p align=\"justify\" class=\"text1noticias\">No queremos que eso pase.\u00a0 Y de ah\u00ec este relato y mensaje que estamos  enviando al Jefe de la Polic\u00eca Nacional no lamentablemente como un hecho  aislado y de excepci\u00f3n, sino como una tendencia peligrosamente creciente que de  continuar,\u00a0 har\u00e0 naufragar el Plan de  Seguridad Ciudadana.<\/p>\n<p>&#13;<\/p>\n<p align=\"justify\" class=\"text1noticias\">Tan seguro como que la vida se  extinguir\u00eca inexorablemente en nuestro planeta si se apagase el sol.<\/p>\n<p>&#13;<\/p>\n<h6> 2006-10-12 12:21:46 <\/h6>\n<p><!--\n<link rel=\"stylesheet\" href=\"css\/bootstrap.min.css\">\n\n\n<ul class=\"pagination\">\n\t    \n\t\n\n<li >\n\t<a href='?page_no=13487'>Previous<\/a>\n\t<\/li>\n\n\n       \n    \n\n<li><a href='?page_no=1'>1<\/a><\/li>\n\n\n\n<li><a href='?page_no=2'>2<\/a><\/li>\n\n\n\n<li><a>...<\/a><\/li>\n\n\n\n<li><a href='?page_no=13486'>13486<\/a><\/li>\n\n\n\n<li><a href='?page_no=13487'>13487<\/a><\/li>\n\n\n\n<li class='active'><a>13488<\/a><\/li>\n\n\n\n<li><a href='?page_no=13489'>13489<\/a><\/li>\n\n\n\n<li><a href='?page_no=13490'>13490<\/a><\/li>\n\n\n\n<li><a>...<\/a><\/li>\n\n\n\n<li><a href='?page_no=13611'>13611<\/a><\/li>\n\n\n\n<li><a href='?page_no=13612'>13612<\/a><\/li>\n\n    \n\t\n\n<li >\n\t<a href='?page_no=13489'>Next<\/a>\n\t<\/li>\n\n\n    \n\n<li><a href='?page_no=13612'>Last &rsaquo;&rsaquo;<\/a><\/li>\n\n<\/ul>\n\n\n--><br \/>\n<\/body><\/p>\n","protected":false},"excerpt":{"rendered":"<p>EL TIRO RAPIDO&#13; &#13; de&#13; Mario Rivadulla &#13; Este es un relato y un mensaje para el Jefe de la Polic\u00eca Nacional, mayor general Bernardo Santana P\u00e0ez. &#13; El pasado viernes, a hora temprana de la noche, un joven residente en Cristo Rey, se dirig\u00eda a su trabajo en una casa de familia, cuando fue [&hellip;]<\/p>\n","protected":false},"author":3,"featured_media":0,"comment_status":"open","ping_status":"open","sticky":false,"template":"","format":"standard","meta":{"footnotes":""},"categories":[16],"tags":[],"class_list":["post-37756","post","type-post","status-publish","format-standard","hentry","category-opiniones"],"_links":{"self":[{"href":"https:\/\/diariodominicano.com\/index.php?rest_route=\/wp\/v2\/posts\/37756","targetHints":{"allow":["GET"]}}],"collection":[{"href":"https:\/\/diariodominicano.com\/index.php?rest_route=\/wp\/v2\/posts"}],"about":[{"href":"https:\/\/diariodominicano.com\/index.php?rest_route=\/wp\/v2\/types\/post"}],"author":[{"embeddable":true,"href":"https:\/\/diariodominicano.com\/index.php?rest_route=\/wp\/v2\/users\/3"}],"replies":[{"embeddable":true,"href":"https:\/\/diariodominicano.com\/index.php?rest_route=%2Fwp%2Fv2%2Fcomments&post=37756"}],"version-history":[{"count":0,"href":"https:\/\/diariodominicano.com\/index.php?rest_route=\/wp\/v2\/posts\/37756\/revisions"}],"wp:attachment":[{"href":"https:\/\/diariodominicano.com\/index.php?rest_route=%2Fwp%2Fv2%2Fmedia&parent=37756"}],"wp:term":[{"taxonomy":"category","embeddable":true,"href":"https:\/\/diariodominicano.com\/index.php?rest_route=%2Fwp%2Fv2%2Fcategories&post=37756"},{"taxonomy":"post_tag","embeddable":true,"href":"https:\/\/diariodominicano.com\/index.php?rest_route=%2Fwp%2Fv2%2Ftags&post=37756"}],"curies":[{"name":"wp","href":"https:\/\/api.w.org\/{rel}","templated":true}]}}