{"id":37753,"date":"2006-10-13T12:40:12","date_gmt":"2006-10-13T12:40:12","guid":{"rendered":"http:\/\/diariodominicano.ddns.net\/?p=37753"},"modified":"2006-10-13T12:40:12","modified_gmt":"2006-10-13T12:40:12","slug":"los-temas-de-teledebate-46","status":"publish","type":"post","link":"https:\/\/diariodominicano.com\/?p=37753","title":{"rendered":"LOS TEMAS DE TELEDEBATE."},"content":{"rendered":"<p><body><\/p>\n<p align=\"center\" class=\"titulogrande1\">LOS TEMAS DE TELEDEBATE.<\/p>\n<p>&#13;<\/p>\n<p align=\"justify\" class=\"text1noticias\">El espacio de LOS TEMAS DE TELEDEBATE fue dedicado a  tratar el tema de la salud mental, cuyo d\u00eca internacional se celebr\u00f2 el 10 de  Octubre.\u00a0 Para enfocarlo, obligada la  participaci\u00f2n del destacado psiquiatra, escritor y conferencista doctor Jos\u00e8  Miguel G\u00f2mez Montero, uno de los m\u00e0s representativos exponentes de esta  especialidad m\u00e8dica que ha cobrado tanto auge en el pa\u00ecs en los \u00faltimos a\u00f1os.<\/p>\n<p>&#13;<\/p>\n<p align=\"justify\" class=\"text1noticias\">Asombra su revelaci\u00f3n de que en el mundo se registran alrededor de un  mill\u00f2n de suicidios anualmente. \u201cLos suicidios causan m\u00e0s muertes que las  guerras y las epidemias\u201d, afirma G\u00f2mez Montero, \u201cSin embargo, la mayor\u00eca de la  gente ignora este hecho tanto como sus diversas causas, de igual manera que  desconocen que muchos de estas muertes pudieran evitarse con el tratamiento  profesional y la medicaci\u00f3n requeridas\u201d.<\/p>\n<p>&#13;<\/p>\n<p align=\"justify\" class=\"text1noticias\">Por lo general, sostiene G\u00f2mez Montero, una profunda depresi\u00f3n antecede al  suicidio.\u00a0 La misma puede ser originada  por diferentes motivos.\u00a0 \u201cEn el caso de  los pa\u00ecses subdesarrollados, las causas econ\u00f3micas: p\u00e8rdida de empleo, deudas,  falta de oportunidades, bajos salarios, etc. van originando un panorama mental  cada vez m\u00e0s sombr\u00eco que puede concluir en el suicidio\u201d, afirma.\u00a0 \u201cEsto como es natural sin descartar las  causas comunes que se dan en cualquier sociedad como un desenga\u00f1o amoroso, la  de j\u00f3venes parejas cuya relaci\u00f2n confronta la oposici\u00f2n de sus familias,  personas aquejadas de enfermedades cr\u00f3nicas o terminales, otros que al cabo de  una prolongada y feliz uni\u00f3n matrimonial no pueden superar el duelo de la  p\u00e8rdida de su pareja.\u00a0 En fin, la razones  con muy diversas\u201d.<\/p>\n<p>&#13;<\/p>\n<p align=\"justify\" class=\"text1noticias\">Llama la atenci\u00f3n que la proporci\u00f2n de suicidios es mayor en las sociedades  desarrolladas, donde existen elevados niveles de vida.\u00a0 \u201cLa raz\u00f3n por lo general es la soledad.\u00a0 Las personas disfrutan de un elevado standard  de vida pero no cultivan la vida familiar o se conforman con tener uno o a lo  sumo dos hijos.\u00a0 En las edades ya  avanzadas, ya retirado de sus actividades laborales, muchas personas se sienten  aisladas, carentes de motivaci\u00f3n, de afecto y compa\u00f1\u00eca y recurren al  suicidio.\u00a0 Llama la atenci\u00f3n que en  algunos pa\u00ecses de alto desarrollo aparecen con frecuencia anuncios en la prensa  de personas que se alquilan para ofrecer compa\u00f1\u00eca temporal o permanente a otras  que viven en soledad\u201d, se\u00f1ala el autor de \u201cTrujillo visto por un psiquiatra\u201d y  otras obras de gran difusi\u00f3n.<\/p>\n<p>&#13;<\/p>\n<p align=\"justify\" class=\"text1noticias\">Las razones pueden ser tambi\u00e8n de car\u00e1cter qu\u00edmico-biol\u00f2gico.\u00a0 Hay quienes tienen propensi\u00f3n al suicidio al  afectarse sus niveles de serotonina.\u00a0 Existe  tambi\u00e8n el llamado \u201cgen del suicidio\u201d que aparece en determinados grupos  familiares y se transmite por herencia gen\u00e9tica.\u00a0 En tales casos, es importante disponer del  \u00e1rbol geneal\u00f3gico donde aparece la frecuencia con que se registran casos de  suicidio del clan familiar lo que permite adoptar medidas de previsi\u00f3n en  aquellos de sus miembros que muestren caracter\u00edsticas o den se\u00f1ales de ser  propensos a poner fin a sus vidas.<\/p>\n<p>&#13;<\/p>\n<p align=\"justify\" class=\"text1noticias\">G\u00f2mez Montero advierte que la depresi\u00f3n es una enfermedad como cualquier  otra. Y corresponde al entorno familiar tomar las medidas de lugar cuando  advierten se\u00f1ales en la persona que la sufre que son muy comunes y  visibles.\u00a0 \u201cSi se aisla, si se sume en  largos per\u00ecodos de silencio, si comienza a beber o lo hace en exceso, si  empieza a consumir drogas, si en fin, muestra cambios significativos en su  conducta habitual lo indicado es acudir al psiquiatra.\u00a0 Muchos no lo hacen por prejuicio.\u00a0 \u201cYo no estoy loco para ir al psiquiatra\u201d es  una expresi\u00f2n frecuente.\u00a0 Se ignora que  existen tratamientos y medicamentos que permiten que ayudan a superar esa  situaci\u00f2n\u201d.<\/p>\n<p>&#13;<\/p>\n<p align=\"justify\" class=\"text1noticias\">Hoy por hoy, el t\u00e8rmino de \u201clocura\u201d pr\u00e1cticamente ha desaparecido de los  manuales psiqui\u00e0tricos.\u00a0 \u201cTodas las  enfermedades mentales tienen cura y pueden ser tratadas ambulatoriamente sin  ning\u00f9n riesgo para el paciente, su familia ni la sociedad.\u00a0 Un enfermo mental debidamente tratado y  medicado puede llevar una vida normal, tener pareja, trabajar, estudiar y  desenvolverse socialmente sin ninguna inconveniencia.<br \/>&#13;<br \/>\n  <br \/>&#13;<br \/>\n\u201d, asegura.\u00a0 La \u00f9nica excepci\u00f3n la constituyen contados  casos irrecuperables de soci\u00f2patas que deben ser recluidos y aislados porque  representan un serio peligro para la sociedad y sus propias familias, a\u00f9n los  mismos padres.<\/p>\n<p>&#13;<\/p>\n<p align=\"justify\" class=\"text1noticias\">Finalmente hace insistencia en la necesidad de desterrar los prejuicios con  que en muchos casos son vistos los enfermos mentales inclusive por sus propios  parientes m\u00e0s cercanos.\u00a0 \u201cTodos esos  enfermos mentales que vemos por las calles es porque sus familias los han  abandonado y no est\u00e0n recibiendo el tratamiento y la medicaci\u00f3n  adecuados\u201d.\u00a0 Y agrega \u201cHay que entender  que quien sufre de trastornos emocionales o de la personalidad es un enfermo  como puede serlo un diab\u00e9tico, y que al igual que \u00e8ste, con el cuidado  profesional y los medicamentos que existen al presente y que es conveniente  aclarar no crean adicci\u00f2n, pueden llevar una vida absolutamente normal\u201d.<\/p>\n<p>&#13;<\/p>\n<h6> 2006-10-13 12:40:12 <\/h6>\n<p><!--\n<link rel=\"stylesheet\" href=\"css\/bootstrap.min.css\">\n\n\n<ul class=\"pagination\">\n\t    \n\t\n\n<li >\n\t<a href='?page_no=13484'>Previous<\/a>\n\t<\/li>\n\n\n       \n    \n\n<li><a href='?page_no=1'>1<\/a><\/li>\n\n\n\n<li><a href='?page_no=2'>2<\/a><\/li>\n\n\n\n<li><a>...<\/a><\/li>\n\n\n\n<li><a href='?page_no=13483'>13483<\/a><\/li>\n\n\n\n<li><a href='?page_no=13484'>13484<\/a><\/li>\n\n\n\n<li class='active'><a>13485<\/a><\/li>\n\n\n\n<li><a href='?page_no=13486'>13486<\/a><\/li>\n\n\n\n<li><a href='?page_no=13487'>13487<\/a><\/li>\n\n\n\n<li><a>...<\/a><\/li>\n\n\n\n<li><a href='?page_no=13611'>13611<\/a><\/li>\n\n\n\n<li><a href='?page_no=13612'>13612<\/a><\/li>\n\n    \n\t\n\n<li >\n\t<a href='?page_no=13486'>Next<\/a>\n\t<\/li>\n\n\n    \n\n<li><a href='?page_no=13612'>Last &rsaquo;&rsaquo;<\/a><\/li>\n\n<\/ul>\n\n\n--><br \/>\n<\/body><\/p>\n","protected":false},"excerpt":{"rendered":"<p>LOS TEMAS DE TELEDEBATE. &#13; El espacio de LOS TEMAS DE TELEDEBATE fue dedicado a tratar el tema de la salud mental, cuyo d\u00eca internacional se celebr\u00f2 el 10 de Octubre.\u00a0 Para enfocarlo, obligada la participaci\u00f2n del destacado psiquiatra, escritor y conferencista doctor Jos\u00e8 Miguel G\u00f2mez Montero, uno de los m\u00e0s representativos exponentes de esta [&hellip;]<\/p>\n","protected":false},"author":3,"featured_media":0,"comment_status":"open","ping_status":"open","sticky":false,"template":"","format":"standard","meta":{"footnotes":""},"categories":[16],"tags":[],"class_list":["post-37753","post","type-post","status-publish","format-standard","hentry","category-opiniones"],"_links":{"self":[{"href":"https:\/\/diariodominicano.com\/index.php?rest_route=\/wp\/v2\/posts\/37753","targetHints":{"allow":["GET"]}}],"collection":[{"href":"https:\/\/diariodominicano.com\/index.php?rest_route=\/wp\/v2\/posts"}],"about":[{"href":"https:\/\/diariodominicano.com\/index.php?rest_route=\/wp\/v2\/types\/post"}],"author":[{"embeddable":true,"href":"https:\/\/diariodominicano.com\/index.php?rest_route=\/wp\/v2\/users\/3"}],"replies":[{"embeddable":true,"href":"https:\/\/diariodominicano.com\/index.php?rest_route=%2Fwp%2Fv2%2Fcomments&post=37753"}],"version-history":[{"count":0,"href":"https:\/\/diariodominicano.com\/index.php?rest_route=\/wp\/v2\/posts\/37753\/revisions"}],"wp:attachment":[{"href":"https:\/\/diariodominicano.com\/index.php?rest_route=%2Fwp%2Fv2%2Fmedia&parent=37753"}],"wp:term":[{"taxonomy":"category","embeddable":true,"href":"https:\/\/diariodominicano.com\/index.php?rest_route=%2Fwp%2Fv2%2Fcategories&post=37753"},{"taxonomy":"post_tag","embeddable":true,"href":"https:\/\/diariodominicano.com\/index.php?rest_route=%2Fwp%2Fv2%2Ftags&post=37753"}],"curies":[{"name":"wp","href":"https:\/\/api.w.org\/{rel}","templated":true}]}}