{"id":37751,"date":"2006-10-13T12:44:42","date_gmt":"2006-10-13T12:44:42","guid":{"rendered":"http:\/\/diariodominicano.ddns.net\/?p=37751"},"modified":"2006-10-13T12:44:42","modified_gmt":"2006-10-13T12:44:42","slug":"las-principales-en-teledebate-171","status":"publish","type":"post","link":"https:\/\/diariodominicano.com\/?p=37751","title":{"rendered":"LAS PRINCIPALES EN TELEDEBATE"},"content":{"rendered":"<p><body><\/p>\n<p align=\"center\">LAS PRINCIPALES EN TELEDEBATE<br \/>&#13;<br \/>\n  <span class=\"textogrande\">Martes  10,10,06<\/span><\/p>\n<p>&#13;<\/p>\n<p align=\"justify\" class=\"text1noticias\">REFORMA CONSTITUCIONAL. El Presidente Leonel Fern\u00e1ndez di\u00f2  inicio ayer formalmente al proceso de consultas en torno a la planteada Reforma  Constitucional.\u00a0 Destaca en su pieza la  forma tan categ\u00f3rica en que reclam\u00f2 modificar el art\u00ecculo 55 de la Carta Magna cuyo  contenido actual siempre se ha considerado que otorga excesivos poderes al  Ejecutivo.\u00a0 Algunas de esas atribuciones  por cierto ya resultan totalmente obsoletas. <\/p>\n<p>&#13;<\/p>\n<p align=\"justify\" class=\"text1noticias\">LA \u201cREVOLUCION DEMOCRATICA\u201d.  Llam\u00f2 la atenci\u00f3n ayer la ausencia de la c\u00f9pula dirigencial perrede\u00ecsta en el  acto montado en la reci\u00e8n remodelada Aula Magna de la UASD.\u00a0 Tambi\u00e8n se hizo notar la  forma discreta en que los dirigentes reformistas presentes en el mismo  acogieron la pieza presidencial que el propio mandatario afirm\u00f2 constituye el  primer paso de lo que calific\u00f2 como una verdadera \u201crevoluci\u00f3n democr\u00e1tica\u201d.<\/p>\n<p>&#13;<\/p>\n<p align=\"justify\" class=\"text1noticias\">FUERA QUEDARON TEMAS DE  ACTUALIDAD.\u00a0 Sin restar importancia a la  propuesta modificaci\u00f3n de la Carta Sustantiva para sentar las bases del futuro  nacional, no son pocos los que resienten que el Presidente Fern\u00e1ndez, despu\u00e8s  de un relativamente largo silencio, haya retomado el mensaje al pa\u00ecs dejando  fuera temas de aguda actualidad y preocupaci\u00f2n. Entre otros se se\u00f1alan:\u00a0 los apagones, la escasez de combustibles, los  problemas sanitarios y de educaci\u00f3n y el costo de la canasta familiar.<\/p>\n<p>&#13;<\/p>\n<p align=\"justify\" class=\"text1noticias\">PLD Y LA   PRESIDENCIA EN EL 2008. Y el ex senador pelede\u00ecsta Jos\u00e8 Tom\u00e0s  P\u00e9rez le puso m\u00fasica a la campa\u00f1a electoral del PLD con vistas al 2008  anunciando formalmente su aspiraci\u00f3n a la Presidencia de la Rep\u00f9blica.\u00a0 Como se d\u00e0 por seguro que  Danilo Medina tambi\u00e8n se lanzar\u00e0 al ruedo en breve y que el Presidente  Fern\u00e1ndez est\u00e0 inclinado por la reelecci\u00f3n, ya tendr\u00edamos 3 posibles aspirantes  buscando la nominaci\u00f3n en el sector oficial.\u00a0  Ojal\u00e0 la lucha interna no afecte las tareas de gobierno.<\/p>\n<p>&#13;<\/p>\n<p align=\"justify\" class=\"text1noticias\">POLICIA: DE VEH\u00cdCULOS A  CELULARES. Anteriormente fueron\u00a0  veh\u00edculos robados y recuperados\u00a0  incautados y usados de manera arbitraria por la Polic\u00eca Nacional,  hecho por el que se acaba de dictar fallo en los tribunales. Y ahora son los  celulares que seg\u00f9n el propio Jefe del cuerpo, son quitados a los ladrones y  usados por agentes de la uniformada, sus parientes y amigos.\u00a0 Pregunta tonta: \u00bfY estos casos tambi\u00e8n ser\u00e0n  sometidos a la Justicia  o considerados simple falta y no delito?<\/p>\n<p>&#13;<\/p>\n<p align=\"justify\" class=\"text1noticias\">UNA BAJA APRECIABLE.\u00a0 Para que se tenga una idea de hasta qu\u00e8 nivel  anda el robo de celulares en el pa\u00ecs, basta leer las declaraciones del  Presidente de INDOTEL, Jos\u00e8 Rafael Vargas, dando cuenta de que en el mes de  Agosto se reportaron nada menos que 25 mil casos.<br \/>&#13;<br \/>\n  <br \/>&#13;<br \/>\n\u00a0 Por suerte ya en Septiembre el n\u00f9mero baj\u00f2  considerablemente ya que s\u00f2lo se denunci\u00f2 el robo de unos 10 mil, o sea, un  cuarenta porciento en relaci\u00f2n con el mes anterior.\u00a0 De todos modos, es una gran cantidad.<\/p>\n<p>&#13;<\/p>\n<p align=\"justify\" class=\"text1noticias\">EL ESTADO NO TIENE DOLIENTES.  Oportuno el se\u00f1alamiento dirigido a los bur\u00f3cratas por el doctor Jos\u00e8 Joaqu\u00edn  Bid\u00f2 Medina, director de la Comisi\u00f2n Nacional de Etica, record\u00e1ndoles que  ellos no son due\u00f1os de nada y exhort\u00e1ndoles a actuar con transparencia.\u00a0 Veremos cu\u00e0ntos acogen su mensaje y cu\u00e0les  otros har\u00e0n o\u00ecdos sordos al mismo.\u00a0  Lamentablemente todav\u00eca entre muchos funcionarios prima el criterio de  que al poder se va para servirse y no para servir y que el Estado no tiene  dolientes.<\/p>\n<p>&#13;<\/p>\n<p align=\"justify\" class=\"text1noticias\">UNA COSTOSA DEJADEZ.\u00a0 Tal como hab\u00ecamos advertido, la amenaza de  incautar los veh\u00edculos de los cuales no se haya renovado el marbete a partir  del d\u00eca de hoy no pasar\u00eca de ser pura palabrer\u00eca. Llevar la misma a la pr\u00e0ctica  es inviable dado la gran cantidad de propietarios que lo dejaron todo para  \u00f9ltima hora y terminaron porque se les hizo tarde para el tr\u00e0mite.\u00a0 Eso s\u00ec: su dejadez les costar\u00e0 un recargo de  400 pesos. <\/p>\n<p>&#13;<\/p>\n<p align=\"justify\" class=\"text1noticias\">SALUDANDO PSIQUIATRAS Y  PSIC\u00d3LOGOS. Hoy es el D\u00eca de la Salud Mental. Oportuno para felicitar a los  numerosos y excelentes psiquiatras con que cuenta el pa\u00ecs y de paso, por  extensi\u00f2n, a los psic\u00f3logos.\u00a0 Ambas son  especialidades que han cobrado notable importancia y logrado un gran auge en  los \u00faltimos a\u00f1os.\u00a0 La verdad que no es  para menos si tomamos en cuenta que tan solo con los apagones y el desorden del  tr\u00e0nsito hay m\u00e0s que suficiente para padecer des\u00f2rdenes mentales.<\/p>\n<p>&#13;<\/p>\n<p align=\"justify\" class=\"text1noticias\">EDUCACI\u00d3N: ATINADA  PROPUESTA.\u00a0 Muy atinada la propuesta del  Rector de INTEC, Miguel Escala, en el sentido de que el estudiantado del nivel  medio debe ser reorientado hacia las carreras profesionales que requiere el  pa\u00ecs.\u00a0 Esto y siempre como es  natural,\u00a0 que est\u00e8n en consonancia con su  vocaci\u00f3n y aptitudes.\u00a0 No podemos seguir  graduando profesionales por pip\u00e0 en carreras que carecen de mercado laboral o  est\u00e0n sobresaturadas.\u00a0 Eso es un grave  dispendio de recursos tanto en t\u00e9rminos econ\u00f3micos como humanos.<\/p>\n<p>&#13;<\/p>\n<p align=\"justify\" class=\"text1noticias\">Y UNA PARADOJICA: LA INTEGRACI\u00d3N CON  HAIT\u00cd.\u00a0 Mientras una dizque especialista  norteamericano tra\u00ecda por FLACSO aboga por la\u00a0  integraci\u00f2n entre Rep\u00f9blica Dominicana y Hait\u00ec, fronterizos pero  totalmente divorciados en origen, lengua, cultura, religi\u00f3n, educaci\u00f3n,  condici\u00f3n sanitaria, nivel econ\u00f2mico y desarrollo institucional, en su pa\u00ecs de  origen se aprueba levantar un muro de separaci\u00f3n con M\u00e9xico, en un tiempo due\u00f1o  de una extensa porci\u00f2n del territorio de la Uni\u00f3n, incluyendo Texas el estado donde vi\u00f2 la  luz el Presidente George Bush.\u00a0 Sin dudas  una propuesta parad\u00f3jica de quien pretende ver paja en ojo ajeno y no la viga  en el propio.<\/p>\n<p>&#13;<\/p>\n<h6> 2006-10-13 12:44:42 <\/h6>\n<p><!--\n<link rel=\"stylesheet\" href=\"css\/bootstrap.min.css\">\n\n\n<ul class=\"pagination\">\n\t    \n\t\n\n<li >\n\t<a href='?page_no=13482'>Previous<\/a>\n\t<\/li>\n\n\n       \n    \n\n<li><a href='?page_no=1'>1<\/a><\/li>\n\n\n\n<li><a href='?page_no=2'>2<\/a><\/li>\n\n\n\n<li><a>...<\/a><\/li>\n\n\n\n<li><a href='?page_no=13481'>13481<\/a><\/li>\n\n\n\n<li><a href='?page_no=13482'>13482<\/a><\/li>\n\n\n\n<li class='active'><a>13483<\/a><\/li>\n\n\n\n<li><a href='?page_no=13484'>13484<\/a><\/li>\n\n\n\n<li><a href='?page_no=13485'>13485<\/a><\/li>\n\n\n\n<li><a>...<\/a><\/li>\n\n\n\n<li><a href='?page_no=13611'>13611<\/a><\/li>\n\n\n\n<li><a href='?page_no=13612'>13612<\/a><\/li>\n\n    \n\t\n\n<li >\n\t<a href='?page_no=13484'>Next<\/a>\n\t<\/li>\n\n\n    \n\n<li><a href='?page_no=13612'>Last &rsaquo;&rsaquo;<\/a><\/li>\n\n<\/ul>\n\n\n--><br \/>\n<\/body><\/p>\n","protected":false},"excerpt":{"rendered":"<p>LAS PRINCIPALES EN TELEDEBATE&#13; Martes 10,10,06 &#13; REFORMA CONSTITUCIONAL. El Presidente Leonel Fern\u00e1ndez di\u00f2 inicio ayer formalmente al proceso de consultas en torno a la planteada Reforma Constitucional.\u00a0 Destaca en su pieza la forma tan categ\u00f3rica en que reclam\u00f2 modificar el art\u00ecculo 55 de la Carta Magna cuyo contenido actual siempre se ha considerado que [&hellip;]<\/p>\n","protected":false},"author":3,"featured_media":0,"comment_status":"open","ping_status":"open","sticky":false,"template":"","format":"standard","meta":{"footnotes":""},"categories":[16],"tags":[],"class_list":["post-37751","post","type-post","status-publish","format-standard","hentry","category-opiniones"],"_links":{"self":[{"href":"https:\/\/diariodominicano.com\/index.php?rest_route=\/wp\/v2\/posts\/37751","targetHints":{"allow":["GET"]}}],"collection":[{"href":"https:\/\/diariodominicano.com\/index.php?rest_route=\/wp\/v2\/posts"}],"about":[{"href":"https:\/\/diariodominicano.com\/index.php?rest_route=\/wp\/v2\/types\/post"}],"author":[{"embeddable":true,"href":"https:\/\/diariodominicano.com\/index.php?rest_route=\/wp\/v2\/users\/3"}],"replies":[{"embeddable":true,"href":"https:\/\/diariodominicano.com\/index.php?rest_route=%2Fwp%2Fv2%2Fcomments&post=37751"}],"version-history":[{"count":0,"href":"https:\/\/diariodominicano.com\/index.php?rest_route=\/wp\/v2\/posts\/37751\/revisions"}],"wp:attachment":[{"href":"https:\/\/diariodominicano.com\/index.php?rest_route=%2Fwp%2Fv2%2Fmedia&parent=37751"}],"wp:term":[{"taxonomy":"category","embeddable":true,"href":"https:\/\/diariodominicano.com\/index.php?rest_route=%2Fwp%2Fv2%2Fcategories&post=37751"},{"taxonomy":"post_tag","embeddable":true,"href":"https:\/\/diariodominicano.com\/index.php?rest_route=%2Fwp%2Fv2%2Ftags&post=37751"}],"curies":[{"name":"wp","href":"https:\/\/api.w.org\/{rel}","templated":true}]}}