{"id":37750,"date":"2006-10-13T12:48:52","date_gmt":"2006-10-13T12:48:52","guid":{"rendered":"http:\/\/diariodominicano.ddns.net\/?p=37750"},"modified":"2006-10-13T12:48:52","modified_gmt":"2006-10-13T12:48:52","slug":"caldo-revolucionario","status":"publish","type":"post","link":"https:\/\/diariodominicano.com\/?p=37750","title":{"rendered":"Caldo revolucionario"},"content":{"rendered":"<p><body><\/p>\n<p class=\"titulogrande1\">Caldo revolucionario<\/p>\n<p>&#13;<\/p>\n<p align=\"justify\" class=\"text1noticias\">Una revoluci\u00f3n propulsada desde el Gobierno debe disipar la  sospecha de que la reforma constitucional que la sustentar\u00eda no es m\u00e1s que un  medio para forjar ilusiones vendidas por gobernantes que no encaran los males Nacionales.<\/p>\n<p>&#13;<\/p>\n<p class=\"textogrande\">Por Guillermo Caram* <\/p>\n<p>&#13;<\/p>\n<p align=\"justify\" class=\"text1noticias\">El presidente Fern\u00e1ndez retom\u00f3 el tema de la revoluci\u00f3n  democr\u00e1tica en el lanzamiento de la consulta popular para la reforma  constitucional.<br \/>&#13;<br \/>\n  <br \/>&#13;<br \/>\n  Toda revoluci\u00f3n necesita un caldo de cultivo para  propagarse. Cuando es inducida por quienes detentan el poder alcanzado por la v\u00eda  democr\u00e1tica \u2013 electoral;\u00a0 la  consigna revolucionaria, para que sea cre\u00edble y propagable, debe concebirse como cara de una moneda en la que las  realizaciones y ejecutorias gubernamentales emprendidas ocupan la otra.<\/p>\n<p>&#13;<\/p>\n<p align=\"justify\" class=\"text1noticias\">Mas a\u00fan trat\u00e1ndose de un Gobierno a mas de la mitad del  camino y que parece haber ca\u00eddo bajo el s\u00edndrome del triunfo postelectoral, al  igual que\u00a0 su \u00a0predecesor; a juzgar por las\u00a0 omisiones y torpezas que lo est\u00e1n caracterizando al encarar los problemas nacionales:  apagones, desabastecimiento, displicencia de autoridades, debilidad  ante sindicatos empresariales, negligencia compensable con operativos,  renuncia a las atribuciones consignadas en leyes, amenazas fiscales y  tarifarias, mantenimiento de privilegios en compras y subsidios, etc.<\/p>\n<p>&#13;<\/p>\n<p align=\"justify\" class=\"text1noticias\">Tanto es as\u00ed que la vocaci\u00f3n revolucionaria testimoniada en  la necesaria limitaci\u00f3n de poderes presidenciales en la Constituci\u00f3n, est\u00e1  siendo interpretada por la ciudadan\u00eda como una debilidad por no  usar esos poderes para resolver problemas: Las tantas veces reclamada y  anunciada revisi\u00f3n de \u00a0contratos  violatorios a la Ley   General de Electricidad, pero nunca llevada a \u00a0cabo, constituye un ejemplo de la no  utilizaci\u00f3n de poderes.<\/p>\n<p>&#13;<\/p>\n<p align=\"justify\" class=\"text1noticias\">La revoluci\u00f3n desde el poder implica encarar realidad con  ejecutorias y no solo\u00a0 percepciones con  publicidad: Cuando se desat\u00f3 el dengue las autoridades lo negaron y reaccionaron tard\u00edamente con una  publicidad que a\u00fan \u00a0mantienen a pesar que  el ciclo clim\u00e1tico y la naturaleza se encargan de desaparecer el mosquito transmisor.<\/p>\n<p>&#13;<\/p>\n<p align=\"justify\" class=\"text1noticias\">El caldo de propagaci\u00f3n revolucionaria conlleva no dejar  deteriorar, y por supuesto, mejorar la prestaci\u00f3n de servicios b\u00e1sicos \u2013  energ\u00eda, agua, transporte, basura, etc \u2013 que en ocasiones queda la  sensaci\u00f3n de que son asi dejados expresamente, como para anunciar operativos  espectaculares por medios de prensa.<\/p>\n<p>&#13;<\/p>\n<p align=\"justify\" class=\"text1noticias\">Una revoluci\u00f3n propulsada desde el gobierno debe disipar la  sospecha que la \u00a0reforma constitucional  que la sustentar\u00eda no es m\u00e1s que un medio para forjar \u00a0ilusiones vendidas por gobernantes que no  resuelven adecuadamente los males \u00a0nacionales.<\/p>\n<p>&#13;<\/p>\n<p align=\"justify\" class=\"text1noticias\">Y debe estimular a gobernados a escoger gobernantes en  funci\u00f3n de m\u00e9ritos e \u00a0idoneidad; y\u00a0 no como viene sucediendo en cada proceso  electoral en los \u00a0aspirantes son finalmente  escogidos en base a cabildeos o clientelismos \u00a0re\u00f1idos con la \u00e9tica para el bien gobernar.<\/p>\n<p>&#13;<\/p>\n<p align=\"justify\" class=\"text1noticias\">*Guillermo Caram es pol\u00edtico<\/p>\n<p>&#13;<\/p>\n<h6> 2006-10-13 12:48:52 <\/h6>\n<p><!--\n<link rel=\"stylesheet\" href=\"css\/bootstrap.min.css\">\n\n\n<ul class=\"pagination\">\n\t    \n\t\n\n<li >\n\t<a href='?page_no=13481'>Previous<\/a>\n\t<\/li>\n\n\n       \n    \n\n<li><a href='?page_no=1'>1<\/a><\/li>\n\n\n\n<li><a href='?page_no=2'>2<\/a><\/li>\n\n\n\n<li><a>...<\/a><\/li>\n\n\n\n<li><a href='?page_no=13480'>13480<\/a><\/li>\n\n\n\n<li><a href='?page_no=13481'>13481<\/a><\/li>\n\n\n\n<li class='active'><a>13482<\/a><\/li>\n\n\n\n<li><a href='?page_no=13483'>13483<\/a><\/li>\n\n\n\n<li><a href='?page_no=13484'>13484<\/a><\/li>\n\n\n\n<li><a>...<\/a><\/li>\n\n\n\n<li><a href='?page_no=13611'>13611<\/a><\/li>\n\n\n\n<li><a href='?page_no=13612'>13612<\/a><\/li>\n\n    \n\t\n\n<li >\n\t<a href='?page_no=13483'>Next<\/a>\n\t<\/li>\n\n\n    \n\n<li><a href='?page_no=13612'>Last &rsaquo;&rsaquo;<\/a><\/li>\n\n<\/ul>\n\n\n--><br \/>\n<\/body><\/p>\n","protected":false},"excerpt":{"rendered":"<p>Caldo revolucionario &#13; Una revoluci\u00f3n propulsada desde el Gobierno debe disipar la sospecha de que la reforma constitucional que la sustentar\u00eda no es m\u00e1s que un medio para forjar ilusiones vendidas por gobernantes que no encaran los males Nacionales. &#13; Por Guillermo Caram* &#13; El presidente Fern\u00e1ndez retom\u00f3 el tema de la revoluci\u00f3n democr\u00e1tica en [&hellip;]<\/p>\n","protected":false},"author":3,"featured_media":0,"comment_status":"open","ping_status":"open","sticky":false,"template":"","format":"standard","meta":{"footnotes":""},"categories":[16],"tags":[],"class_list":["post-37750","post","type-post","status-publish","format-standard","hentry","category-opiniones"],"_links":{"self":[{"href":"https:\/\/diariodominicano.com\/index.php?rest_route=\/wp\/v2\/posts\/37750","targetHints":{"allow":["GET"]}}],"collection":[{"href":"https:\/\/diariodominicano.com\/index.php?rest_route=\/wp\/v2\/posts"}],"about":[{"href":"https:\/\/diariodominicano.com\/index.php?rest_route=\/wp\/v2\/types\/post"}],"author":[{"embeddable":true,"href":"https:\/\/diariodominicano.com\/index.php?rest_route=\/wp\/v2\/users\/3"}],"replies":[{"embeddable":true,"href":"https:\/\/diariodominicano.com\/index.php?rest_route=%2Fwp%2Fv2%2Fcomments&post=37750"}],"version-history":[{"count":0,"href":"https:\/\/diariodominicano.com\/index.php?rest_route=\/wp\/v2\/posts\/37750\/revisions"}],"wp:attachment":[{"href":"https:\/\/diariodominicano.com\/index.php?rest_route=%2Fwp%2Fv2%2Fmedia&parent=37750"}],"wp:term":[{"taxonomy":"category","embeddable":true,"href":"https:\/\/diariodominicano.com\/index.php?rest_route=%2Fwp%2Fv2%2Fcategories&post=37750"},{"taxonomy":"post_tag","embeddable":true,"href":"https:\/\/diariodominicano.com\/index.php?rest_route=%2Fwp%2Fv2%2Ftags&post=37750"}],"curies":[{"name":"wp","href":"https:\/\/api.w.org\/{rel}","templated":true}]}}