{"id":37748,"date":"2006-10-17T13:23:11","date_gmt":"2006-10-17T13:23:11","guid":{"rendered":"http:\/\/diariodominicano.ddns.net\/?p=37748"},"modified":"2006-10-17T13:23:11","modified_gmt":"2006-10-17T13:23:11","slug":"invitados-en-teledebate-2","status":"publish","type":"post","link":"https:\/\/diariodominicano.com\/?p=37748","title":{"rendered":"INVITADOS EN TELEDEBATE"},"content":{"rendered":"<p><body><\/p>\n<h1 align=\"center\">INVITADOS EN TELEDEBATE <\/h1>\n<p>&#13;<\/p>\n<p align=\"center\" class=\"textogrande\"><strong>Bl\u00e0s  Peralta,<\/strong><br \/>&#13;<br \/>\n  <strong>y<\/strong><br \/>&#13;<br \/>\n<strong>Dr. J.  Catalino Mart\u00ecnez.<\/strong><\/p>\n<p>&#13;<\/p>\n<p align=\"justify\" class=\"text1noticias\">Para el cierre de semana, fueron invitados en TELEDEBATE  el dirigente del sector empresarial, Secretario General de FENATRANO, Bl\u00e0s  Peralta, y su asesor legal, el doctor J. Catalino Mart\u00ecnez, cuya presencia  hab\u00eca sido anunciada desde comienzos de semana.\u00a0  Su participaci\u00f2n obedece al prop\u00f2sito de dejar escuchar la otra campa\u00f1a  en el publicitado caso del PLAN RENOVE, en este caso la versi\u00f3n de los dirigente  del transporte que fueron condenados a penas de prisi\u00f3n y al pago de elevadas  multas.\u00a0 Ya a comienzos de semana,  Antonio Marte,\u00a0 hab\u00eca expuesto las  razones de su oposici\u00f2n al fallo, quedando pendiente escuchar la versi\u00f3n de  Bl\u00e0s Peralta y su asesor legal.<\/p>\n<p>&#13;<\/p>\n<p align=\"justify\" class=\"text1noticias\">De entrada Peralta establece que  la Federaci\u00f3n  de camioneros que dirige es la que controla m\u00e0s del 80 porciento del movimiento  de mercanc\u00ecas\u00a0 en todo el pa\u00ecs.\u00a0 Califica de hecho \u201csin precedentes\u201d de ser\u00a0 un gremio que agrupa tanto a los choferes y  obreros del transporte como a los propietarios de los camiones desde hace m\u00e0s  de 45 a\u00f1os.\u00a0 \u201cEn todo ese tiempo\u201d  \u2013enfatiza\u2014 \u201cno hemos tenido el menor conflicto\u201d.\u00a0 <\/p>\n<p>&#13;<\/p>\n<p align=\"justify\" class=\"text1noticias\">Toca al doctor Mart\u00ecnez rebatir  el fallo condenatorio contra su representado.\u00a0  \u201cNo se respetaron ni siquiera sus m\u00e0s elementales derechos de defensa.\u201d,  expresa.\u00a0 Y agrega \u201cHay inclusive un  fallo en que de entrada se condena a Peralta \u00a1sin expresar las razones en que  se fundamenta!\u201d, se\u00f1ala mientras muestra ante las c\u00e0maras la certificaci\u00f3n del  mismo.\u00a0 \u201cEsto de por s\u00ec solo invalida dicha  sentencia en cuanto a Peralta\u201d, agrega.<\/p>\n<p>&#13;<\/p>\n<p align=\"justify\" class=\"text1noticias\">Mart\u00ecnez expresa que se ha  establecido un recurso de casaci\u00f3n ante la Suprema Corte.\u00a0 \u201cEl mismo est\u00e0 fundamentado en seis  flagrantes violaciones que estoy seguro ser\u00e0n debidamente analizadas por los  magistrados de nuestro m\u00e0s alto tribunal disponiendo en justicia la celebraci\u00f3n  de un nuevo juicio\u201d.<\/p>\n<p>&#13;<\/p>\n<p align=\"justify\" class=\"text1noticias\">Tanto Peralta como Mart\u00ecnez  sostienen que el desarrollo del expediente estuvo viciado desde sus inicios de  obvia parcialidad.\u00a0 \u201cEramos 16 al  principio, y al final nos condenaron a 8\u201d, se queja Peralta.\u00a0 \u201cHay quienes fueron sacados del expediente,  de lo que nos alegramos.\u00a0 Pero tambi\u00e8n  hubo manipulaci\u00f3n y discrimen en contra nuestra\u201d, afirma y como ejemplo se\u00f1ala  el caso de Sam Goodson. \u201cEl fue quien vendi\u00f2 los veh\u00edculos y est\u00e0 en libertad\u201d.<\/p>\n<p>&#13;<\/p>\n<p align=\"justify\" class=\"text1noticias\">Mart\u00ecnez objeta el hecho de que  tanto Marte como Peralta fueron sancionados partiendo de una premisa errada que  fue considerados como \u201cfuncionarios p\u00fablicos\u201d.\u00a0  Da lectura al decreto presidencial donde se nombra la comisi\u00f2n  integrante del Plan RENOVE.\u00a0 El texto  expresa que tanto Marte como Peralta y Juan Hubieres, extra\u00ecdo del expediente,  participan de la misma \u201cen representaci\u00f3n del sector transporte\u201d. El jurista  apela a los textos legales para dar lectura a la definici\u00f3n de \u201cfuncionario  p\u00f9blico\u201d, de tal modo que no queden dudas respecto a la condici\u00f3n real de su  defendido.<\/p>\n<p>&#13;<\/p>\n<p align=\"justify\" class=\"text1noticias\">Pero el aspecto m\u00e0s impactante  del juicio es la alegada estafa de mil 800 millones de pesos que habr\u00eca  involucrado la operaci\u00f3n.\u00a0 \u201cHay que decir  que el Estado no puso un solo centavo en este caso.\u00a0 Es la \u00f9nica compra de veh\u00edculos para el  transporte en que el gobierno s\u00f2lo intervino como aval y no como ente  financiador.\u00a0 La operaci\u00f3n es responsabilidad  exclusiva de los transportistas.\u00a0 Y  nosotros hemos estado honrando religiosamente nuestros compromisos de  pago.\u00a0 Nuestro gremio ha liquidado al  presenta 135 millones de pesos lo que se suma a los 600 que han pagado los  diferentes sindicatos y federaciones que liderea Antonio Marte\u201d, expresa  Peralta.<\/p>\n<p>&#13;<\/p>\n<p align=\"justify\" class=\"text1noticias\">Y prosigue:<\/p>\n<p>&#13;<\/p>\n<p align=\"justify\" class=\"text1noticias\">\u201cEsos mil 800 millones de pesos  son una simple consecuencia del disparo en la prima del d\u00f2lar.\u00a0 Cuando se firm\u00f2 el contrato para la compra de  los veh\u00edculos la prima estaba al 17&#215;1, pese a lo cual nosotros aceptamos que se  nos computara al 19&#215;1. Esos dos puntos de diferencia quedaban a favor del  Estado\u201d.\u00a0 Y a\u00f1ade \u201cLo que ocurre es que  en los cuatro meses que mediaron entre que firmamos el contrato y llegaron los  veh\u00edculos la prima se dispar\u00f2 a m\u00e0s del 33, un hecho totalmente ajeno a nuestra  responsabilidad. Esos 14 puntos de diferencia son los que representan los  famosos mil 800 millones de pesos\u201d.\u00a0 Su  abogado interviene para apuntar \u201clo que se le ha vendido al pueblo y a los  propios medios de comunicaci\u00f3n\u00a0 la falsa  idea de que esos mil 800 millones fueron robados al Estado, lo que carece de  toda veracidad pero ha tra\u00eddo como consecuencia crear una falsa imagen de un  presunto delito que no ha existido y de la culpabilidad de Marte y Peralta que  tampoco les corresponde\u201d.<\/p>\n<p>&#13;<\/p>\n<p align=\"justify\" class=\"text1noticias\">\u201cCuando usted y Marte  convocaron a sendos paros del transporte que provoc\u00f2 grandes p\u00e8rdidas a la  econom\u00eca y afect\u00f2 indebidamente a miles de inocentes ciudadanos, nosotros en  TELEDEBATE y en EL TIRO RAPIDO, censuramos duramente esa actitud.\u00a0 Creemos que fue un grave error de ustedes y  que esa decisi\u00f2n les gener\u00f2 una gran antipat\u00eda en la opini\u00f3n p\u00f9blica&#8230;\u201d, le  se\u00f1alamos.<\/p>\n<p>&#13;<\/p>\n<p align=\"justify\" class=\"text1noticias\">\u201cUstedes tienen raz\u00f3n.  Humildemente reconocemos nuestro error.\u00a0  Nuestros asociados quer\u00ecan expresar su protesta y su indignaci\u00f3n por el  fallo injusto de que fuimos v\u00ecctimas. Pero despu\u00e8s del segundo paro, debido a  las observaciones de amigos y periodistas comprendimos nuestra equivocaci\u00f3n y  de inmediato procedimos a rectificar.\u00a0  Pedimos excusas por los inconvenientes\u201d, acepta Peralta.\u00a0 Y ya de cierre, despeja inquietudes sobre su  reacci\u00f3n futura ante un posible fallo adverso de la Suprema&#8230;\u201dNo hay m\u00e0s  paros. Todas nuestras acciones estar\u00e1n encaminadas dentro de los caminos que  establecen las leyes\u201d.\u00a0 <\/p>\n<p>&#13;<\/p>\n<h6> 2006-10-17 13:23:11 <\/h6>\n<p><!--\n<link rel=\"stylesheet\" href=\"css\/bootstrap.min.css\">\n\n\n<ul class=\"pagination\">\n\t    \n\t\n\n<li >\n\t<a href='?page_no=13479'>Previous<\/a>\n\t<\/li>\n\n\n       \n    \n\n<li><a href='?page_no=1'>1<\/a><\/li>\n\n\n\n<li><a href='?page_no=2'>2<\/a><\/li>\n\n\n\n<li><a>...<\/a><\/li>\n\n\n\n<li><a href='?page_no=13478'>13478<\/a><\/li>\n\n\n\n<li><a href='?page_no=13479'>13479<\/a><\/li>\n\n\n\n<li class='active'><a>13480<\/a><\/li>\n\n\n\n<li><a href='?page_no=13481'>13481<\/a><\/li>\n\n\n\n<li><a href='?page_no=13482'>13482<\/a><\/li>\n\n\n\n<li><a>...<\/a><\/li>\n\n\n\n<li><a href='?page_no=13611'>13611<\/a><\/li>\n\n\n\n<li><a href='?page_no=13612'>13612<\/a><\/li>\n\n    \n\t\n\n<li >\n\t<a href='?page_no=13481'>Next<\/a>\n\t<\/li>\n\n\n    \n\n<li><a href='?page_no=13612'>Last &rsaquo;&rsaquo;<\/a><\/li>\n\n<\/ul>\n\n\n--><br \/>\n<\/body><\/p>\n","protected":false},"excerpt":{"rendered":"<p>INVITADOS EN TELEDEBATE &#13; Bl\u00e0s Peralta,&#13; y&#13; Dr. J. Catalino Mart\u00ecnez. &#13; Para el cierre de semana, fueron invitados en TELEDEBATE el dirigente del sector empresarial, Secretario General de FENATRANO, Bl\u00e0s Peralta, y su asesor legal, el doctor J. Catalino Mart\u00ecnez, cuya presencia hab\u00eca sido anunciada desde comienzos de semana.\u00a0 Su participaci\u00f2n obedece al prop\u00f2sito [&hellip;]<\/p>\n","protected":false},"author":3,"featured_media":0,"comment_status":"open","ping_status":"open","sticky":false,"template":"","format":"standard","meta":{"footnotes":""},"categories":[16],"tags":[],"class_list":["post-37748","post","type-post","status-publish","format-standard","hentry","category-opiniones"],"_links":{"self":[{"href":"https:\/\/diariodominicano.com\/index.php?rest_route=\/wp\/v2\/posts\/37748","targetHints":{"allow":["GET"]}}],"collection":[{"href":"https:\/\/diariodominicano.com\/index.php?rest_route=\/wp\/v2\/posts"}],"about":[{"href":"https:\/\/diariodominicano.com\/index.php?rest_route=\/wp\/v2\/types\/post"}],"author":[{"embeddable":true,"href":"https:\/\/diariodominicano.com\/index.php?rest_route=\/wp\/v2\/users\/3"}],"replies":[{"embeddable":true,"href":"https:\/\/diariodominicano.com\/index.php?rest_route=%2Fwp%2Fv2%2Fcomments&post=37748"}],"version-history":[{"count":0,"href":"https:\/\/diariodominicano.com\/index.php?rest_route=\/wp\/v2\/posts\/37748\/revisions"}],"wp:attachment":[{"href":"https:\/\/diariodominicano.com\/index.php?rest_route=%2Fwp%2Fv2%2Fmedia&parent=37748"}],"wp:term":[{"taxonomy":"category","embeddable":true,"href":"https:\/\/diariodominicano.com\/index.php?rest_route=%2Fwp%2Fv2%2Fcategories&post=37748"},{"taxonomy":"post_tag","embeddable":true,"href":"https:\/\/diariodominicano.com\/index.php?rest_route=%2Fwp%2Fv2%2Ftags&post=37748"}],"curies":[{"name":"wp","href":"https:\/\/api.w.org\/{rel}","templated":true}]}}