{"id":377463,"date":"2022-08-21T00:25:05","date_gmt":"2022-08-21T04:25:05","guid":{"rendered":"http:\/\/diariodominicano.com\/?p=377463"},"modified":"2022-08-21T07:46:12","modified_gmt":"2022-08-21T11:46:12","slug":"la-noticia-falsa-en-la-guerra-de-abril-de-1965-mataron-al-che-guevara-y-al-presidente-caamano","status":"publish","type":"post","link":"https:\/\/diariodominicano.com\/?p=377463","title":{"rendered":"La noticia falsa en la Guerra de abril de 1965: \u00abmataron al Che Guevara y al presidente Caama\u00f1o\u00bb"},"content":{"rendered":"\n<p>Im\u00e1genes de archivo de Ernesto -Che- Guevara y el presidente constitucionalista Coronel Francisco Alberto Caama\u00f1o De\u00f1o.<\/p>\n\n\n\n<p><strong>&nbsp;<\/strong><\/p>\n\n\n\n<p>SANTO DOMINGO, el&nbsp; 21 de agosto de 1965, agencias internacionales de prensa difundieron una versi\u00f3n, seg\u00fan la cual Ernesto \u2013Che- Guevara hab\u00eda muerto en la ciudad de Santo Domingo, junto al coronel Francisco Alberto Caama\u00f1o De\u00f1\u00f3.<\/p>\n\n\n\n<p>&nbsp;&nbsp;&nbsp;&nbsp; De inmediato, el Gobierno Constitucionalista que encabezaba el coronel Caama\u00f1o neg\u00f3 la versi\u00f3n y la atribuy\u00f3 al denominado Gobierno de Reconstrucci\u00f3n que encabezaba el general Antonio Imbert Barreras, con el prop\u00f3sito de decirle al mundo que los constitucionalistas estaban orientados por los comunistas de la Revoluci\u00f3n Cubana.<\/p>\n\n\n\n<p>&nbsp;&nbsp;&nbsp; La guerra de Abril hab\u00eda comenzado en&nbsp; la Rep\u00fablica Dominicana el 24 de abril de 1965, al ser derrocado el Gobierno de facto del Triunvirato presidido por el doctor Donald Reid Cabral, con el objetivo de restaurar el Gobierno democr\u00e1tico del profesor Juan Bosch, el cual hab\u00eda sido&nbsp; derrocado el 25 de septiembre de 1963.<\/p>\n","protected":false},"excerpt":{"rendered":"<p>Im\u00e1genes de archivo de Ernesto -Che- Guevara y el presidente constitucionalista Coronel Francisco Alberto Caama\u00f1o De\u00f1o. &nbsp; SANTO DOMINGO, el&nbsp; 21 de agosto de 1965, agencias internacionales de prensa difundieron una versi\u00f3n, seg\u00fan la cual Ernesto \u2013Che- Guevara hab\u00eda muerto en la ciudad de Santo Domingo, junto al coronel Francisco Alberto Caama\u00f1o De\u00f1\u00f3. &nbsp;&nbsp;&nbsp;&nbsp; De [&hellip;]<\/p>\n","protected":false},"author":28,"featured_media":293615,"comment_status":"closed","ping_status":"","sticky":true,"template":"","format":"standard","meta":{"footnotes":""},"categories":[26,27],"tags":[],"class_list":["post-377463","post","type-post","status-publish","format-standard","has-post-thumbnail","hentry","category-efemerides","category-portada"],"_links":{"self":[{"href":"https:\/\/diariodominicano.com\/index.php?rest_route=\/wp\/v2\/posts\/377463","targetHints":{"allow":["GET"]}}],"collection":[{"href":"https:\/\/diariodominicano.com\/index.php?rest_route=\/wp\/v2\/posts"}],"about":[{"href":"https:\/\/diariodominicano.com\/index.php?rest_route=\/wp\/v2\/types\/post"}],"author":[{"embeddable":true,"href":"https:\/\/diariodominicano.com\/index.php?rest_route=\/wp\/v2\/users\/28"}],"replies":[{"embeddable":true,"href":"https:\/\/diariodominicano.com\/index.php?rest_route=%2Fwp%2Fv2%2Fcomments&post=377463"}],"version-history":[{"count":3,"href":"https:\/\/diariodominicano.com\/index.php?rest_route=\/wp\/v2\/posts\/377463\/revisions"}],"predecessor-version":[{"id":377475,"href":"https:\/\/diariodominicano.com\/index.php?rest_route=\/wp\/v2\/posts\/377463\/revisions\/377475"}],"wp:featuredmedia":[{"embeddable":true,"href":"https:\/\/diariodominicano.com\/index.php?rest_route=\/wp\/v2\/media\/293615"}],"wp:attachment":[{"href":"https:\/\/diariodominicano.com\/index.php?rest_route=%2Fwp%2Fv2%2Fmedia&parent=377463"}],"wp:term":[{"taxonomy":"category","embeddable":true,"href":"https:\/\/diariodominicano.com\/index.php?rest_route=%2Fwp%2Fv2%2Fcategories&post=377463"},{"taxonomy":"post_tag","embeddable":true,"href":"https:\/\/diariodominicano.com\/index.php?rest_route=%2Fwp%2Fv2%2Ftags&post=377463"}],"curies":[{"name":"wp","href":"https:\/\/api.w.org\/{rel}","templated":true}]}}